{"id":1000,"date":"2015-02-03T11:57:05","date_gmt":"2015-02-03T10:57:05","guid":{"rendered":"http:\/\/slo5.net\/wordpress\/?p=1000"},"modified":"2015-02-03T11:57:05","modified_gmt":"2015-02-03T10:57:05","slug":"dogodki-in-prireditve-v-izoli-februar-2015","status":"publish","type":"post","link":"https:\/\/areafilm.si\/wordpress\/dogodki-in-prireditve-v-izoli-februar-2015\/","title":{"rendered":"Dogodki in prireditve v Izoli &#8211; februar 2015"},"content":{"rendered":"<table width=\"744\">\n<tbody>\n<tr>\n<td width=\"84\"><strong>DATUM<\/strong><\/td>\n<td width=\"168\"><strong>KRAJ, URA<\/strong><\/td>\n<td width=\"492\"><strong>PRIREDITEV<\/strong><\/td>\n<\/tr>\n<tr>\n<td width=\"84\">4.2.<\/td>\n<td width=\"168\">Kulturni dom Izola, 18.00<\/td>\n<td width=\"492\"><strong>Podelitev priznanj za \u0161portne dose\u017eke v letu 2014.<\/strong>Tudi letos bodo na\u0161i najzaslu\u017enej\u0161i \u0161portniki prejeli posebna priznanja.Prireditev bo vodil Iztok Gustin\u010di\u010d, v programu bosta sodelovala humorist Darijan Gorela in pevka Tina Krmac. Ob tej prilo\u017enosti bo v Klubskem prostoru Kulturnega doma na ogled fotografska razstava \u00bbBanka Koper: 1. Istrski maraton 2014\u00ab.<\/p>\n<p><em>Organizator: <\/em><em>CK\u0160P Izola<\/em><\/td>\n<\/tr>\n<tr>\n<td width=\"84\">4.2.<\/td>\n<td width=\"168\">Manziolijeva pala\u010da, 17.00<\/td>\n<td width=\"492\">V okviru praznovanja Slovenskega kulturnega praznika, <strong>odprtje razstave<\/strong> in podelitev priznanj udele\u017eencem, ki so s svojimi deli sodelovali na 16. Literarnem in likovnem nate\u010daju 2014.<\/p>\n<p><em>Organizator<\/em> : italijanska samoupravna narodna Skupnost-Izola, Osnovna \u0161ola Dante Alighieri, SM L&#8217;Aquilone.<\/td>\n<\/tr>\n<tr>\n<td width=\"84\">5.2.<\/td>\n<td width=\"168\">Manziolijeva pala\u010da, 19.00<\/td>\n<td width=\"492\"><strong>Premierna uprizoritev predstave ENA.KOST.<\/strong> Na podlagi \u017eivljenjskih situacij zatiranja, diskriminacije in drugih vsakodnevnih te\u017eav, ki jih bo gledali\u0161ka skupina pripadnikov narodnih skupnosti narodov nekdanje SFRJ uprizorila, se bo oblikovalo pobude in predloge odlokov ali zakonov,\u00a0ki bodo\u00a0ponujali inovativne re\u0161itve njihovih problemov.<\/p>\n<p>Metoda gledali\u0161\u010da zatiranih, ki jo je razvil brazilski gledali\u0161\u010dnik, pisatelj in politik\u00a0Augusto Boal, je ena izmed priznanih metod participativnega gledali\u0161\u010da za\u00a0aktiviranje in opolnomo\u010denje posameznic in posameznikov, na podlagi katere so v nekaterih dr\u017eavah\u00a0sprejeli zakone ali njihove spremembe\u00a0(Kanada, Brazilija, Velika Britanija).Vstop je prost.<\/p>\n<p><em>Organizator: <\/em><\/td>\n<\/tr>\n<tr>\n<td width=\"84\">6.2.<\/td>\n<td width=\"168\">Mestna knji\u017enica Izola, 19.00<\/td>\n<td width=\"492\"><strong>Rihard Knez: \u017divljenje. <\/strong>Literarno sre\u010danje, v katerem bo Rihard Knez predstavil svojo pesni\u0161ko zbirko \u017divljenje.<\/p>\n<p>Rihard Knez, med doma\u010dimi Rikardo, je gospod iz Strunjana, ki je ob svoji osemdesetletnici izdal pesni\u0161ko zbirko, pisano v svojem istrskem jeziku in opremljeno s slikami, ki jih je sam upodobil. Njegove pesmi so resni\u010dni odsev \u017eivljenja, dogodkov in tudi aktualne politike.<\/p>\n<p>Vabljeni v petek 6. februarja 2015 ob 19. uri v \u010ditalnico Mestne knji\u017enice Izola. Vstop je prost.<\/p>\n<p><em>Organizator:Mestna knji\u017enica Izola in \u0160tudijski kro\u017eek za domoznanstvo in literaturo JARA KA<\/em><em>\u010c<\/em><em>A<\/em><\/td>\n<\/tr>\n<tr>\n<td width=\"84\">6.2.<\/td>\n<td width=\"168\">Manziolijeva pala\u010da, 19.00<\/td>\n<td width=\"492\"><strong>Komedija: \u00bbAPPRODO, DIMORA E PROCESSO DE MESSER GIACOMO CASANOVA A PIRAN\u00ab.<\/strong> Komedijo bo v bene\u0161kem dialektu uprizorila Gledali\u0161ka skupina Skupnosti italijanov iz Pirana. Tekst in re\u017eija: Ruggero Paghi. Tehnik: Franco Bern\u00e8.<\/p>\n<p><em>Organizator:<\/em> <em>Comunita&#8217; degli Italiani Pasquale Besenghi degli Ughi di Isola<\/em><\/td>\n<\/tr>\n<tr>\n<td width=\"84\">6.2.<\/td>\n<td width=\"168\">Hotel Delfin<\/td>\n<td width=\"492\"><strong>Ples z ansamblom Freeway.<\/strong><\/p>\n<p><em>Organizator: Hotel Delfin<\/em><\/td>\n<\/tr>\n<tr>\n<td width=\"84\">7.2.<\/td>\n<td width=\"168\">Hotel Delfin<\/td>\n<td width=\"492\"><strong>Ples z ansamblom Freeway.<\/strong><\/p>\n<p><em>Organizator: Hotel Delfin<\/em><\/td>\n<\/tr>\n<tr>\n<td width=\"84\">7.2.<\/td>\n<td width=\"168\">Kulturni dom Izola, 19.00<\/td>\n<td width=\"492\"><strong>Koncert &#8211; popotovanje po Sloveniji z Nu\u0161ko Dra\u0161<\/strong><strong>\u010dek. <\/strong>Na predve\u010der Pre\u0161ernovega dne se bomo slovenskemu kulturnemu prazniku poklonili s prav posebnim glasbenim popotovanjem, na katerem bomo prisluhnili znanim in tudi manj znanim pesmim ter napevom razli\u010dnih slovenskih pokrajin \u2013 od Prekmurja pa vse do Obale. S pomo\u010djo odli\u010dne in barvite interpretacije\u00a0Nu\u0161ke Dra\u0161\u010dek, pianista\u00a0Bla\u017ea Jurjev\u010di\u010dain tolkalca\u00a0Vida U\u0161eni\u010dnika\u00a0bodo ljudske pesmi zasijale v povsem novi lepoti.<\/p>\n<p>Organizator: <em>CK\u0160P Izola<\/em><\/td>\n<\/tr>\n<tr>\n<td width=\"84\">8.2.<\/td>\n<td width=\"168\">Kulturni dom Izola, 19.00<\/td>\n<td width=\"492\"><strong>SLOVENSKI KULTURNI PRAZNIK <\/strong>v programu sodelujejo Kud Gledali\u0161\u010de Steps, Mo\u0161ki pevski zbor<br \/>\nIzola, \u017denski pevski zbor KD Korte, Koni Steinbacher, Kristina \u010cok, Nu\u0161ka Dra\u0161\u010dek, Bla\u017e Jurjevi\u010d in Vid Useni\u010dnik<\/p>\n<p><em>Organizator: <\/em><em>CK\u0160P Izola, OI JSKD Izola, Ob<\/em><em>\u010d<\/em><em>ina Izola<\/em><\/td>\n<\/tr>\n<tr>\n<td width=\"84\">9.2.<\/td>\n<td width=\"168\">Kulturni dom Izola, 10.00 in 11.30<\/td>\n<td width=\"492\"><strong><em>Gledali\u0161ka predstava<\/em><\/strong><strong> &#8211; STANKA ZIDARI<\/strong><strong>\u010c<\/strong><strong> IN TJA\u0160A KUZELJ: RE\u0160ENI TRAVNIK<\/strong>. Igrajo u\u010denci 4. in 5. r. O\u0160 Vojke \u0160muc iz Izole. Predstava je namenjena prvi in drugi triadi u\u010dencev osnovnih \u0161ol<strong>.<\/strong><\/p>\n<p><em>Organizator: Osnovna \u0161ola Vojke \u0160muc, CK\u0160P<\/em><\/td>\n<\/tr>\n<tr>\n<td width=\"84\">10.2.<\/td>\n<td width=\"168\">Manziolijeva pala\u010da, 18.00<\/td>\n<td width=\"492\"><strong>Ve<\/strong><strong>\u010d<\/strong><strong>eri italijanskega filma<\/strong> \u2013 prvo sre\u010danje bo posve\u010deno re\u017eiserju Francesco Rosi z projekcijo \u201cRitornare a Palermo \u2013 Vrnitev v Palermo\u201d, iz leta 1990. Silvano Sau bo predstavil avtorja.<\/p>\n<p><em>Organizator:<\/em> <em>Comunita&#8217; degli Italiani Pasquale Besenghi degli Ughi di Isola <\/em><\/td>\n<\/tr>\n<tr>\n<td width=\"84\">11.2.<\/td>\n<td width=\"168\">Mestna knji\u017enica Izola,18.00<\/td>\n<td width=\"492\"><strong>Postati in ostati z zdrav, <\/strong>nasveti dr. Smiljani\u010da: predavanje Postati in ostati z zdrav, nasveti dr. Smiljani\u010da<em>.<\/em><\/p>\n<p>V predavanju bo dr. Smiljani\u010d, doktor kiropraktike, akupunkturist, bioenergetik in radiestezist, hipnotizer, terapevt alternativnih vej naravne medicine podal koristne namige za ohranjanje zdravja, nau\u010dil vas bo piti \u017eivo vodo, prikazal bo, kako aktiviramo limfo ter pojasnil, kako u\u010dinkujejo naravna zdravila.<\/p>\n<p>Vabljeni v sredo 11. februarja 2015 ob 18. uri v \u010ditalnico Mestne knji\u017enice Izola.<\/p>\n<p>Vstop je prost.<\/p>\n<p><em>Organizator:Mestna knji\u017enica Izola in Borza znanja Izola<\/em><\/td>\n<\/tr>\n<tr>\n<td width=\"84\">12.2.<\/td>\n<td width=\"168\">Mestna knji\u017enica Izola, 19.00<\/td>\n<td width=\"492\">Sandra Kocjan\u010di\u010d, oblikovalka sodobnega nakita: gostja 75. Ve\u010dernega klepeta z \u00bbZanimivimi Izolani\u00ab. 75. ve\u010derni klepet z \u00bbZanimivimi Izolani\u00ab. Gostja ve\u010dera bo oblikovalka sodobnega nakita Sandra Kocjan\u010di\u010d.<\/p>\n<p>Vabljeni v \u010detrtek 12. februarja 2015 ob 19. uri v \u00bbWine Bar Manzioli\u00ab na Manziolijevem trgu v Izoli. Pogovor z gostjo bo vodila Nata\u0161a Ben\u010di\u010d, novinarka Radia Koper-Capodistria.<\/p>\n<p>Vstopnine ni.<\/p>\n<p><em>Organizator:Mestna knji\u017enica Izola<\/em><\/td>\n<\/tr>\n<tr>\n<td width=\"84\">13.2.<\/td>\n<td width=\"168\">Kulturni dom Izola, 19.00<\/td>\n<td width=\"492\"><strong>VE<\/strong><strong>\u010c<\/strong><strong>ER POSVE<\/strong><strong>\u010c<\/strong><strong>EN PESMI- nastop izolskih pevskih zborov Vstopnina 5 eurov. <\/strong><\/p>\n<p><em>Organizator: <\/em><em>OI JSKD Izola, CK\u0160P Izola, Ob<\/em><em>\u010d<\/em><em>ina Izola<\/em><\/td>\n<\/tr>\n<tr>\n<td width=\"84\">13.2<\/td>\n<td width=\"168\">Hotel Delfin<\/td>\n<td width=\"492\"><strong>Ples z ansamblom Freeway.<\/strong><\/p>\n<p><em>Organizator: Hotel Delfin<\/em><\/td>\n<\/tr>\n<tr>\n<td width=\"84\">14.2.<\/td>\n<td width=\"168\">Hotel Delfin<\/td>\n<td width=\"492\"><strong>Ples z ansamblom Freeway in Ples v maskah.<\/strong><\/p>\n<p><em>Organizator: Hotel Delfin<\/em><\/td>\n<\/tr>\n<tr>\n<td width=\"84\">14.2.<\/td>\n<td width=\"168\">Lonka, 14.00 &#8211; 17.00<\/td>\n<td width=\"492\"><strong>Veliko otro\u0161ko pustno rajanje. <\/strong>V okviru 7. Istrskega karnevala bo popoldansko dogajanje v Izoli oblikoval DJ Lovro! Na stojnicah bo poskrbljeno za pustno hrano in pija\u010do. Vstopnine ni!<\/p>\n<p>Organizator: <em>CK\u0160P Izola<\/em><\/td>\n<\/tr>\n<tr>\n<td width=\"84\">14.2.<\/td>\n<td width=\"168\">Manziolijeva pala\u010da, 18.00<\/td>\n<td width=\"492\"><strong>Glasbeni ve<\/strong><strong>\u010d<\/strong><strong>er posve<\/strong><strong>\u010d<\/strong><strong>en Sv. Valentinu: QUANDO CANTA RABAGLIATI&#8230;<\/strong> Vokal: Fiorella Corradini. Klavirska spremljava: Bruno Jurcev. Ve\u010der vodi: Maria Pfeiffer.<\/p>\n<p>Organizator: Comunita degli Italiani &#8220;Dante Alighieri&#8221; Isola in il Circolo Amici del Dialetto Triestino<\/td>\n<\/tr>\n<tr>\n<td width=\"84\">14.2.<\/td>\n<td width=\"168\">Moby Dick Restaurant &amp; Bar<\/td>\n<td width=\"492\"><strong>Valentinova ve<\/strong><strong>\u010derja z \u017eivo glasbo &#8211; Tempera band.<\/strong><\/p>\n<p><em>Organizator: Moby Dick Restaurant &amp; Bar<\/em><\/td>\n<\/tr>\n<tr>\n<td width=\"84\">15.2.<\/td>\n<td width=\"168\">Manziolijeva pala\u010da, 17.00<\/td>\n<td width=\"492\"><strong>Pustovanje za najmlaj\u0161e. <\/strong><\/p>\n<p>Organizator: <em>Comunita&#8217; degli Italiani Pasquale Besenghi degli Ughi di Isola<\/em><\/td>\n<\/tr>\n<tr>\n<td width=\"84\">17.2.<\/td>\n<td width=\"168\">Hotel Delfin<\/td>\n<td width=\"492\"><strong>Ples v maskah.<\/strong><\/p>\n<p><em>Organizator: Hotel Delfin<\/em><\/td>\n<\/tr>\n<tr>\n<td width=\"84\">18.2.<\/td>\n<td width=\"168\">Mestna knji\u017enica Izola, 19.00<\/td>\n<td width=\"492\"><strong>Sre<\/strong><strong>\u010d<\/strong><strong>anje \u0160tudijskega kro\u017eka Kako \u017eivim ta trenutek.<\/strong> V sre\u010danju bomo osvetlili temo jeze in strahov \u2013 njunih izvorov, kako jima pogledamo v o\u010di in ju izni\u010dimo.<\/p>\n<p>Jeza in strah sta dve mo\u010dni \u010dustvi, ki marsikoga tako ohromita, da ne more narediti naslednjih korakov v \u017eivljenju. Oba izhajata iz osnovnega vzroka &#8211; nepoznavanja samega sebe in oba sta glavna vzroka mnogih bolezni. Korenine lahko segajo dale\u010d nazaj v pretekla bivanja, v otro\u0161tvo, v hudo izku\u0161njo ali pa so le na\u0161 odziv na vladajo\u010di sistem, ki temelji na strahu in agresiji. Razumevanje vzroka, spoznanje sebe in hoja po srednji mirni poti skozi \u017eivljenje so tisti, ki edini lahko dokon\u010dno izni\u010dijo strahove in jezo.<\/p>\n<p>O vzrokih, spoznanjih in re\u0161itvah povezanih z jezo in strahovi bo spregovorila Andreja Ko\u010devar iz Doma notranje izpolnitve.<\/p>\n<p>Vabljeni v sredo 18. februarja 2015 ob 19. uri v \u010ditalnico Mestne knji\u017enice Izola.<\/p>\n<p>Vstop je prost.<\/p>\n<p><em>Organizator:Mestna knji\u017enica Izola<\/em><\/td>\n<\/tr>\n<tr>\n<td width=\"84\">19.2.<\/td>\n<td width=\"168\">Son\u010dna dvorana,18.00<\/td>\n<td width=\"492\">KULTURNI DOGODEK <strong>otvoritev razstave MOJE LIKOVNO DELO 2014<\/strong>. V programu bodo nastopili MoPZ DU Jagodje Dobrava, KUD Gledali\u0161\u010de STEPS .Razstava bo na ogled do 6. marca Urnik: \u010detrtek,<br \/>\npetek, nedelja 16.00 &#8211; 18.00, sobota 10.00 do 12.00<\/p>\n<p><em>Organizator: <\/em><em> OIJSKD Izola, Ob<\/em><em>\u010d<\/em><em>ina Izola<\/em><\/td>\n<\/tr>\n<tr>\n<td width=\"84\">20.2.<\/td>\n<td width=\"168\">Mestna knji\u017enica Izola, 19.00<\/td>\n<td width=\"492\"><strong>EFT ali tapkanje: prva pomo<\/strong><strong>\u010d<\/strong><strong> za <\/strong><strong>\u010d<\/strong><strong>ustvene stiske. <\/strong>Mestna knji\u017enica Izola in Borza znanja Izola vabita na predstavitev z naslovom <strong>EFT ali tapkanje: prva pomo<\/strong><strong>\u010d<\/strong><strong> za <\/strong><strong>\u010d<\/strong><strong>ustvene stiske<\/strong>.<\/p>\n<p>\u017divljenje pred nas postavlja nemalo izzivov, ki jih ne uspemo sproti predelati, v nas se kopi\u010dijo nemir, nemo\u010d, \u017ealost, jeza, strah (npr. izguba slu\u017ebe, bolezen, denarne stiske\u2026). V predavanju boste spoznali, kako si v \u010dustvenih stiskah lahko pomagate z enostavno in preprosto tehniko \u2013 EFT (Emotional Freedom Technique) oziroma tehniko \u010dustvenega osvobajanja, ki ji na kratko pravimo tudi tapkanje. S tapkanjem si kadarkoli lahko pomagamo do ve\u010djega miru in zbranosti, va\u0161a aktivnost bo bolj osredoto\u010dena in smiselna. Tehniko bo predstavila Berta Rebol, ki se s tapkanjem ukvarja \u017ee pet let, o njenih izku\u0161njah si lahko preberete tudi na blogu: <a href=\"http:\/\/eftzgodbezanavdih.blogspot.com\/\">http:\/\/eftzgodbezanavdih.blogspot.com\/<\/a> .<\/p>\n<p>Vstop je prost.<\/p>\n<p>Organizator:Mestna knji\u017enica Izola in Borza znanja Izola<\/td>\n<\/tr>\n<tr>\n<td width=\"84\">20.2.<\/td>\n<td width=\"168\">Kulturni dom Izola, 20.00<\/td>\n<td width=\"492\"><strong>Literarno-glasben recital<\/strong><strong> &#8211; SVETLANA MAKAROVI<\/strong><strong>\u010c<\/strong><strong>: MESE<\/strong><strong>\u010c<\/strong><strong>INSKA STRUNA. <\/strong><\/p>\n<p>Svetlani Makarovi\u010d\u00a0se bo pridru\u017eil izjemen godalni trio, ki ga sestavljajoBojan Cvetre\u017enik,\u00a0Klemen Bra\u010dko\u00a0in\u00a0Barja Drnov\u0161ek. V presunljivi baladni pravljici mladi in nadarjeni ciganski violinist Tibor podle\u017ee pohlepu in zato izgubi svoj izjemni talent. \u00bbMese\u010dinska struna govori o tem, da se umetnik pred apriorno avtoriteto nikoli ne sme prikloniti tako globoko, da poljubi tla. \u010ce to stori, mu ugasne zvezda, mese\u010dina vzame struno nazaj in violina utihne za zmeraj.\u00ab (S. Makarovi\u010d)<\/p>\n<p>VSTOPNINA:\u00a010 eur v predprodaji, 13 eur na dan prireditve.<\/p>\n<p>Organizator: <em>CK\u0160P Izola<\/em><\/td>\n<\/tr>\n<tr>\n<td width=\"84\">21.2.<\/td>\n<td width=\"168\">Manziolijeva pala\u010da, 18.00<\/td>\n<td width=\"492\">Ob Mednarodnem dnevu materinega jezika, ve\u010der posve\u010den poeziji <strong>\u00bbOMAGGIO ALLA POESIA IN DIALETTO DI VIRGILIO GIOTTI\u00ab<\/strong> &#8211; ob 130. obletnici rojstva. Sodelujejo: Alma Rovelli Ventura &#8211; klavir, Antonio Azzano &#8211; pripovedovalec , Elisabetta Richter \u2013 sopran, Pino Botta \u2013 tenor.<\/p>\n<p><em>Organizator: Comunita&#8217; degli Italiani &#8220;Dante Alighieri&#8221; di Isola<\/em><\/td>\n<\/tr>\n<tr>\n<td width=\"84\">24.2.<\/td>\n<td width=\"168\">Manziolijeva pala\u010da,18.00<\/td>\n<td width=\"492\"><strong><em>Ve<\/em><\/strong><strong><em>\u010d<\/em><\/strong><strong><em>eri italijanskega filma<\/em><\/strong><em> \u2013 Silvano Sau bo predstavil film \u201cVogliamo i colonelli\u201d (1973). Igra: Alberto Sordi. Re\u017eiser: Mario Monicelli.<\/em><\/p>\n<p><em>Organizator: Comunita&#8217; degli Italiani Pasquale Besenghi degli Ughi di Isola<\/em><\/td>\n<\/tr>\n<tr>\n<td width=\"84\">24.2.<\/td>\n<td width=\"168\">Klubski prostor KDI, 19.00<\/td>\n<td width=\"492\">Predavanje. <strong>Marija Merljak: Kako do dobrega imunskega sistema<\/strong>. Po izjemno uspe\u0161nem januarskem predavanju o zdravi prehrani nam bo slovenska nutricionistka\u00a0<strong>Marija Merljak<\/strong>\u00a0delila nasvete o tem, kako lahko s hrano krepimo svoj imunski sistem.<\/p>\n<p>Organizator: <em>CK\u0160P Izola<\/em><\/td>\n<\/tr>\n<tr>\n<td width=\"84\">27.2.<\/td>\n<td width=\"168\">Manziolijeva pala\u010da,18.00<\/td>\n<td width=\"492\"><strong>IZOLA IN RIBI\u0160TVO<\/strong> \u2013 ve\u010der posve\u010den Svetovnem dnevu gledali\u0161\u010da. Projekcije na temo ribi\u0161tva pripravljene pod mentorstvom Dragana Sino\u017ei\u010da. Pripovedovalka: Amina Dudine.<\/p>\n<p><em>Organitor: Comunita&#8217; degli Italiani &#8220;Dante Alighieri&#8221; di Isola<\/em><\/td>\n<\/tr>\n<tr>\n<td width=\"84\">27.2.<\/td>\n<td width=\"168\">Hotel Delfin<\/td>\n<td width=\"492\"><strong>Ples z ansamblom Ottavia Brajka.<\/strong><\/p>\n<p><em>Organizator: Hotel Delfin<\/em><\/td>\n<\/tr>\n<tr>\n<td width=\"84\">28.2.<\/td>\n<td width=\"168\">Manziolijeva pala\u010da, 20.00<\/td>\n<td width=\"492\">Prvi <strong>koncert<\/strong> v sklopu ETHNOINSULA 2015 &#8211; \u00a0 Michele Gazich \u2013 vokal \/ violina \/ viola \/ klavir, Marco Lamberti \u2013 vokal \/ klasi\u010dna in akusti\u010dna kitara \/ bouzouki \/ klavir, Alessandra Rossi \u2013 klarinet, vokal.<\/p>\n<p><em>Organizatore: Comunita&#8217; Autogestita della Nazionalita&#8217; Italiana di Isola<\/em><\/td>\n<\/tr>\n<tr>\n<td width=\"84\">28.2.<\/td>\n<td width=\"168\">Hotel Delfin<\/td>\n<td width=\"492\"><strong>Ples z ansamblom Ottavia Brajka.<\/strong><\/p>\n<p><em>Organizator: Hotel Delfin<\/em><\/td>\n<\/tr>\n<\/tbody>\n<\/table>\n<p><em>\u00a0<\/em><\/p>\n<p><em>Knji\u017enica v Manziolijevi pala\u010di: pon, tor, \u010det: 10.00 \u2013 13.00, sre, pet: 16.00 \u2013 19.00, \u010ditalnica: pon \u2013 pet: 17.00 \u2013 20.00<\/em><\/p>\n<p><em>Mestna knji\u017enica Izola: ponedeljek \u2013 petek: 9.00 \u2013 18.30, sobota 8.00 \u2013 13.00, nedelja zaprto<\/em><\/p>\n<p><strong>\u00a0<\/strong><\/p>\n<p><strong>\u00a0<\/strong><\/p>\n<p><strong>Umetni\u0161ke razstave<\/strong><\/p>\n<table width=\"744\">\n<tbody>\n<tr>\n<td width=\"84\"><strong>DATUM<\/strong><\/td>\n<td width=\"144\"><strong>KRAJ, URA<\/strong><\/td>\n<td width=\"516\"><strong>RAZSTAVA<\/strong><\/td>\n<\/tr>\n<tr>\n<td width=\"84\">2.2. &#8211; 28.2.<\/td>\n<td width=\"144\">Mestna knji\u017enica Izola<\/td>\n<td width=\"516\"><strong>Stena ustvarjalnosti v februarju.<\/strong> Na steni ustvarjalnosti na oddelku za odrasle bralce v Mestni knji\u017enici Izola so v februarju na ogled slike likovnega dru\u0161tva ANIMOV. Vabljeni k ogledu vsak dan od ponedeljka do petka med 9. in 18. uro ter ob sobotah od 8. do 13. ure.<\/p>\n<p><em>Organizator: Mestna knji\u017enica Izola<\/em><\/td>\n<\/tr>\n<tr>\n<td width=\"84\">2.2. &#8211; 28.2.<\/td>\n<td width=\"144\">Mestna knji\u017enica Izola<\/td>\n<td width=\"516\"><strong>VITRINE USTVARJALNOSTI. <\/strong>V vitrinah ustvarjalnosti bodo v februarju na ogled likovni izdelki dru\u0161tva ANIMOV. Vabljeni k ogledu vsak dan od ponedeljka do petka med 9. in 18. uro ter ob sobotah od 8. do 13. ure.<\/p>\n<p><em>Organizator: Mestna knji\u017enica Izola<\/em><\/td>\n<\/tr>\n<tr>\n<td width=\"84\">5.2.<\/td>\n<td width=\"144\">Galerija Alga, 19.00.<\/td>\n<td width=\"516\"><strong><em>Otvoritev fotografske <\/em><\/strong><strong>razstave &#8211; ANTONIO PER: OGLEDALO. <\/strong>V kulturnem programu bo nastopil doma\u010din Bla\u017e Stubelj z improviziranjem na tankdrum.<\/p>\n<p><em>Organizator: Center za kulturo, \u0161port in prireditve Izola<\/em><\/td>\n<\/tr>\n<tr>\n<td width=\"84\">7.2.<\/td>\n<td width=\"144\">Galerija Krajcar, 10.00<\/td>\n<td width=\"516\"><strong><em>Odprtje Fotografske retrospektivne razstave posve<\/em><\/strong><strong><em>\u010d<\/em><\/strong><strong><em>ene ob 10. obletnici smrti Daria Schera. <\/em><\/strong><\/p>\n<p><em>Organizator: Comunita&#8217; degli Italiani &#8220;Dante Alighieri&#8221; di Isola<\/em><\/td>\n<\/tr>\n<tr>\n<td width=\"84\">19.2.<\/td>\n<td width=\"144\">Galerija Insula, 19.00<\/td>\n<td width=\"516\"><strong>Otvoritev razstave: Fulvia Grbac &#8211; grafike.<\/strong><\/td>\n<\/tr>\n<tr>\n<td width=\"84\">20.1.<\/td>\n<td width=\"144\">Galerija Insula, 18.00<\/td>\n<td width=\"516\"><strong>Bogdan Soban, Deformacije virtualnih podob. <\/strong>Po predstavitvi avtorja in njegovega dela sledi video-projekcija ra\u010dunalni\u0161kega ustvarjanja slik<strong>.<\/strong><\/td>\n<\/tr>\n<tr>\n<td width=\"84\">20.2.<\/td>\n<td width=\"144\">Manziolijeva pala\u010da, 19.00<\/td>\n<td width=\"516\"><strong><em>Otvoritev skupinske RAZSTAVE \u00bbTRIESTE-ISOLA, IMPRONTE IN ANDATA E RITORNO\u00ab <\/em><\/strong><em>grafi<\/em><em>\u010d<\/em><em>nega ateljeja pod mentorstvom Franka Vecchieta. Razstava bo na ogled od 20.2. do 15.3.2015.<\/em><\/p>\n<p>Organizator: <em>Comunit\u00e0 Autogestita della Nazionalit\u00e0 Italiana di Isola<\/em><\/td>\n<\/tr>\n<\/tbody>\n<\/table>\n","protected":false},"excerpt":{"rendered":"<p>DATUM KRAJ, URA PRIREDITEV 4.2. Kulturni dom Izola, 18.00 Podelitev priznanj za \u0161portne dose\u017eke v&#8230;<\/p>\n","protected":false},"author":4,"featured_media":546,"comment_status":"open","ping_status":"closed","sticky":false,"template":"","format":"standard","meta":{"footnotes":""},"categories":[8],"tags":[],"class_list":["post-1000","post","type-post","status-publish","format-standard","has-post-thumbnail","hentry","category-prirditve"],"featured_image_urls":{"full":["https:\/\/areafilm.si\/wordpress\/wp-content\/uploads\/2014\/09\/izola_panorama.jpg",600,298,false],"thumbnail":["https:\/\/areafilm.si\/wordpress\/wp-content\/uploads\/2014\/09\/izola_panorama-500x280.jpg",500,280,true],"medium":["https:\/\/areafilm.si\/wordpress\/wp-content\/uploads\/2014\/09\/izola_panorama-600x298.jpg",600,298,true],"medium_large":["https:\/\/areafilm.si\/wordpress\/wp-content\/uploads\/2014\/09\/izola_panorama.jpg",600,298,false],"large":["https:\/\/areafilm.si\/wordpress\/wp-content\/uploads\/2014\/09\/izola_panorama.jpg",600,298,false],"1536x1536":["https:\/\/areafilm.si\/wordpress\/wp-content\/uploads\/2014\/09\/izola_panorama.jpg",600,298,false],"2048x2048":["https:\/\/areafilm.si\/wordpress\/wp-content\/uploads\/2014\/09\/izola_panorama.jpg",600,298,false],"covernews-featured":["https:\/\/areafilm.si\/wordpress\/wp-content\/uploads\/2014\/09\/izola_panorama.jpg",600,298,false],"covernews-medium":["https:\/\/areafilm.si\/wordpress\/wp-content\/uploads\/2014\/09\/izola_panorama.jpg",540,268,false],"woocommerce_thumbnail":["https:\/\/areafilm.si\/wordpress\/wp-content\/uploads\/2014\/09\/izola_panorama-300x298.jpg",300,298,true],"woocommerce_single":["https:\/\/areafilm.si\/wordpress\/wp-content\/uploads\/2014\/09\/izola_panorama.jpg",600,298,false],"woocommerce_gallery_thumbnail":["https:\/\/areafilm.si\/wordpress\/wp-content\/uploads\/2014\/09\/izola_panorama-100x100.jpg",100,100,true]},"author_info":{"info":["Uredni\u0161tvo Primorski Utrip"]},"category_info":"<a href=\"https:\/\/areafilm.si\/wordpress\/category\/prirditve\/\" rel=\"category tag\">Prireditve<\/a>","tag_info":"Prireditve","comment_count":"0","_links":{"self":[{"href":"https:\/\/areafilm.si\/wordpress\/wp-json\/wp\/v2\/posts\/1000","targetHints":{"allow":["GET"]}}],"collection":[{"href":"https:\/\/areafilm.si\/wordpress\/wp-json\/wp\/v2\/posts"}],"about":[{"href":"https:\/\/areafilm.si\/wordpress\/wp-json\/wp\/v2\/types\/post"}],"author":[{"embeddable":true,"href":"https:\/\/areafilm.si\/wordpress\/wp-json\/wp\/v2\/users\/4"}],"replies":[{"embeddable":true,"href":"https:\/\/areafilm.si\/wordpress\/wp-json\/wp\/v2\/comments?post=1000"}],"version-history":[{"count":1,"href":"https:\/\/areafilm.si\/wordpress\/wp-json\/wp\/v2\/posts\/1000\/revisions"}],"predecessor-version":[{"id":1001,"href":"https:\/\/areafilm.si\/wordpress\/wp-json\/wp\/v2\/posts\/1000\/revisions\/1001"}],"wp:featuredmedia":[{"embeddable":true,"href":"https:\/\/areafilm.si\/wordpress\/wp-json\/wp\/v2\/media\/546"}],"wp:attachment":[{"href":"https:\/\/areafilm.si\/wordpress\/wp-json\/wp\/v2\/media?parent=1000"}],"wp:term":[{"taxonomy":"category","embeddable":true,"href":"https:\/\/areafilm.si\/wordpress\/wp-json\/wp\/v2\/categories?post=1000"},{"taxonomy":"post_tag","embeddable":true,"href":"https:\/\/areafilm.si\/wordpress\/wp-json\/wp\/v2\/tags?post=1000"}],"curies":[{"name":"wp","href":"https:\/\/api.w.org\/{rel}","templated":true}]}}