{"id":1117,"date":"2015-03-02T12:16:44","date_gmt":"2015-03-02T11:16:44","guid":{"rendered":"http:\/\/slo5.net\/wordpress\/?p=1117"},"modified":"2015-03-02T12:47:45","modified_gmt":"2015-03-02T11:47:45","slug":"kraje-na-avtocesti-se-se-kar-nadaljujejo","status":"publish","type":"post","link":"https:\/\/areafilm.si\/wordpress\/kraje-na-avtocesti-se-se-kar-nadaljujejo\/","title":{"rendered":"Kraje na avtocesti se \u0161e kar nadaljujejo"},"content":{"rendered":"<p>KRONIKA &#8211; Dr\u017eavljana Bolgarije (zakonski par) sta prijavila drzno tatvino, ki se je zgodila v no\u010di na ponedeljek okoli 3. ure na po\u010divali\u0161\u010du na Ravbarkomandi. Na bencinskem servisu sta se ustavila, da bi si odpo\u010dila. Ko sta stopila iz vozila, sta opazila, da imata prazno zadnjo desno pnevmatiko. Medtem, ko je mo\u017e name\u0161\u010dal nadomestno pnevmatiko, sta do njiju pristopila neznana mo\u0161ka, stara med 25 in 30 let, in jima ponudila za pomo\u010d pri menjavi pnevmatike. Pri tem sta izkoristila nepazljivost Bolgarov in iz denarnice, ki je bila v torbici na prednjem desnem sede\u017eu, ukradla osebno izkaznico in pribli\u017eno 800 evrov.<\/p>\n<p>V petek dopoldne so policisti na po\u010divali\u0161\u010du Ferneti\u010di-Jug ustavili voznika osebnega avtomobila znamke Mercedes-Benz E240D. Pri preverjanju so ugotovili, da je bilo vozilo ukradeno leta 2012 v Italiji. Voznika in sopotnika, oba dr\u017eavljana Albanije, so pridr\u017eali, vozilo pa zasegli. Sledi jima kazenska ovadba za kaznivo dejanje prikrivanja in kaznivo dejanje ponarejanja listin.<\/p>\n<p>V soboto ob 4.57 so policisti na Koprski cesti v Portoro\u017eu ustavili 23-letnega voznika osebnega avtomobila iz Nove Gorice. Odrejen mu je bil preizkus alkoholiziranosti, ki je pokazal 0.58 mg\/l. Policisti so mu za\u010dasno odvzeli vozni\u0161ko dovoljenje, ker si ni zagotovil prevoza, mu je bilo odrejeno tudi pridr\u017eanje. Sledi mu obdol\u017eilni predlog po 105\/5-4 ZPrCP.<\/p>\n<p>V Izoli je nekdo vlomil v gara\u017eo, od koder je odnesel 18 steklenic vina, nekaj brezalkoholne pija\u010de in prenosni ra\u010dunalnik HP 6930P. \u0160kode je za okoli 1.000 evrov. Policisti nadaljujejo z zbiranjem obvestil.<\/p>\n<p>Popoldne so bili policisti obve\u0161\u010deni, da so ukradli osebni avto znamke Golf sive barve, registrskih \u0161tevilk KP DZ-878. Vozilo je bilo parkirano na dvori\u0161\u010du pred stanovanjsko hi\u0161o v Dutovljah.<\/p>\n<p>V nedeljo ob 3.21 so bili na policiji obve\u0161\u010deni, da je v enem od koprskih lokalov tako glasna glasba, da ni mogo\u010de spati. Policisti so na kraju ugotovili, da so imeli javno prireditev s podalj\u0161anim obratovalnim \u010dasom do 3. ure. Ob prihodu ob 4.20 je bil v lokalu \u0161e vedno hrup in v njem pribli\u017eno 30 gostov. Odgovorni osebi so za hrup izdali pla\u010dilni nalog, zaradi prekora\u010ditve obratovalnega \u010dasa pa sledi poro\u010dilo in\u0161pekcijskim slu\u017ebam.<\/p>\n<p>Ob 4.20 je 31-letnik z osebnim avtomobilom zaradi neprilagojene hitrosti tr\u010dil v steber javne razsvetljave. Njegov leto dni mlaj\u0161i sopotnik se je v nesre\u010di la\u017eje po\u0161kodoval, odpeljali so ga v bolni\u0161nico Izola. Voznik je bil preizku\u0161en z alkotestom, ki je pokazal 0,55 mg\/l. Sledi mu pla\u010dilni nalog.<\/p>\n<p>Pono\u010di je nekdo vlomil v prostore podjetja v Izoli. V proizvodni hali je po\u0161kodoval inventar (razbil pet \u0161ip, po\u0161kodoval \u0161tiri vrata in izpraznil pet gasilnih aparatov) ter z vili\u010darjem prebil ve\u010dja kovinska vrata. Po prvih podatkih je povzro\u010dil za pribli\u017eno 3000 evrov materialne \u0161kode.<\/p>\n<pre><strong>Slovenska\u00a0 policija\u00a0 je\u00a0 v\u00a0 sodelovanju\u00a0 z\u00a0 varnostnimi organi Dominikanske republike\u00a0 in\u00a0 nacionalnim\u00a0 birojem\u00a0 Interpola\u00a0 Santo Domingo (Dominikanska republika) uspe\u0161no\u00a0 zaklju\u010dila\u00a0 iskanje\u00a0 pobeglega\u00a0 Roberta\u00a0 \u010casarja, za katerega\u00a0 je koprsko okro\u017eno sodi\u0161\u010de izdalo mednarodno tiralico in evropski nalog za prijetje in predajo.\r\n\r\nRobert\u00a0 \u010casar\u00a0 je\u00a0 bil\u00a0 26.\u00a0 2.\u00a0 2015 prijet v Santo Domingu in se trenutno nahaja\u00a0 v priporu v Parizu (Francija) z namenom predaje Sloveniji. Postopek izro\u010ditve je v teku in ga ureja Ministrstvo za pravosodje.<\/strong><\/pre>\n","protected":false},"excerpt":{"rendered":"<p>KRONIKA &#8211; Dr\u017eavljana Bolgarije (zakonski par) sta prijavila drzno tatvino, ki se je zgodila v&#8230;<\/p>\n","protected":false},"author":4,"featured_media":879,"comment_status":"open","ping_status":"closed","sticky":false,"template":"","format":"standard","meta":{"footnotes":""},"categories":[7],"tags":[],"class_list":["post-1117","post","type-post","status-publish","format-standard","has-post-thumbnail","hentry","category-kronika"],"featured_image_urls":{"full":["https:\/\/areafilm.si\/wordpress\/wp-content\/uploads\/2014\/07\/policija4.jpg",520,245,false],"thumbnail":["https:\/\/areafilm.si\/wordpress\/wp-content\/uploads\/2014\/07\/policija4-500x245.jpg",500,245,true],"medium":["https:\/\/areafilm.si\/wordpress\/wp-content\/uploads\/2014\/07\/policija4.jpg",520,245,false],"medium_large":["https:\/\/areafilm.si\/wordpress\/wp-content\/uploads\/2014\/07\/policija4.jpg",520,245,false],"large":["https:\/\/areafilm.si\/wordpress\/wp-content\/uploads\/2014\/07\/policija4.jpg",520,245,false],"1536x1536":["https:\/\/areafilm.si\/wordpress\/wp-content\/uploads\/2014\/07\/policija4.jpg",520,245,false],"2048x2048":["https:\/\/areafilm.si\/wordpress\/wp-content\/uploads\/2014\/07\/policija4.jpg",520,245,false],"covernews-featured":["https:\/\/areafilm.si\/wordpress\/wp-content\/uploads\/2014\/07\/policija4.jpg",520,245,false],"covernews-medium":["https:\/\/areafilm.si\/wordpress\/wp-content\/uploads\/2014\/07\/policija4.jpg",520,245,false],"woocommerce_thumbnail":["https:\/\/areafilm.si\/wordpress\/wp-content\/uploads\/2014\/07\/policija4-300x245.jpg",300,245,true],"woocommerce_single":["https:\/\/areafilm.si\/wordpress\/wp-content\/uploads\/2014\/07\/policija4.jpg",520,245,false],"woocommerce_gallery_thumbnail":["https:\/\/areafilm.si\/wordpress\/wp-content\/uploads\/2014\/07\/policija4-100x100.jpg",100,100,true]},"author_info":{"info":["Uredni\u0161tvo Primorski Utrip"]},"category_info":"<a href=\"https:\/\/areafilm.si\/wordpress\/category\/kronika\/\" rel=\"category tag\">Kronika<\/a>","tag_info":"Kronika","comment_count":"0","_links":{"self":[{"href":"https:\/\/areafilm.si\/wordpress\/wp-json\/wp\/v2\/posts\/1117","targetHints":{"allow":["GET"]}}],"collection":[{"href":"https:\/\/areafilm.si\/wordpress\/wp-json\/wp\/v2\/posts"}],"about":[{"href":"https:\/\/areafilm.si\/wordpress\/wp-json\/wp\/v2\/types\/post"}],"author":[{"embeddable":true,"href":"https:\/\/areafilm.si\/wordpress\/wp-json\/wp\/v2\/users\/4"}],"replies":[{"embeddable":true,"href":"https:\/\/areafilm.si\/wordpress\/wp-json\/wp\/v2\/comments?post=1117"}],"version-history":[{"count":7,"href":"https:\/\/areafilm.si\/wordpress\/wp-json\/wp\/v2\/posts\/1117\/revisions"}],"predecessor-version":[{"id":1119,"href":"https:\/\/areafilm.si\/wordpress\/wp-json\/wp\/v2\/posts\/1117\/revisions\/1119"}],"wp:featuredmedia":[{"embeddable":true,"href":"https:\/\/areafilm.si\/wordpress\/wp-json\/wp\/v2\/media\/879"}],"wp:attachment":[{"href":"https:\/\/areafilm.si\/wordpress\/wp-json\/wp\/v2\/media?parent=1117"}],"wp:term":[{"taxonomy":"category","embeddable":true,"href":"https:\/\/areafilm.si\/wordpress\/wp-json\/wp\/v2\/categories?post=1117"},{"taxonomy":"post_tag","embeddable":true,"href":"https:\/\/areafilm.si\/wordpress\/wp-json\/wp\/v2\/tags?post=1117"}],"curies":[{"name":"wp","href":"https:\/\/api.w.org\/{rel}","templated":true}]}}