{"id":1125,"date":"2015-03-03T11:06:30","date_gmt":"2015-03-03T10:06:30","guid":{"rendered":"http:\/\/slo5.net\/wordpress\/?p=1125"},"modified":"2015-03-03T11:06:30","modified_gmt":"2015-03-03T10:06:30","slug":"roparska-tatvina-v-avtomobilu","status":"publish","type":"post","link":"https:\/\/areafilm.si\/wordpress\/roparska-tatvina-v-avtomobilu\/","title":{"rendered":"Roparska tatvina v avtomobilu"},"content":{"rendered":"<p>KRONIKA &#8211; V ponedeljek okrog 16.30 se je 17-letna Tr\u017ea\u010danka z 19-letnim fantom s skuterjem pripeljala do biv\u0161ega mejnega prehoda, nato pa sta v Slovenijo pri\u0161la pe\u0161. V bli\u017eini bencinskega servisa na Lazaretu sta se presedla v osebni avto, katerega je vozil 24-letnik iz Ankarana. Odpeljali so se proti Debelem Rti\u010du, kjer je voznik ustavil vozilo in od sopotnikov zahteval denar, ob tem pa 19-letniku zagrozil z no\u017eem in ga udaril s kamnom po glavi. Ker mu kljub temu nista izro\u010dila denarja, je prerezal pas na torbici 17-letnice in jo pri tem porezal po levi roki, ju napodil iz vozila, vzel torbico in zbe\u017eal z vozilom. Pozneje, ob 17.05, je bil njegov osebni avto izsleden na Lazaretu in osumljenemu odvzeta prostost. Tr\u017ea\u010dana sta oba la\u017eje po\u0161kodovana.<\/p>\n<p>Nekdo je v Kopru vlomil v pet pisarn. V objektu je najprej vse preiskal, nato pa odnesel manj\u0161i prenosni sef z gotovino in nekaj zlatnine.<\/p>\n<p>V ponedeljek ob 8.51 je 76-letni voznik osebnega avtomobila iz Lucije zapeljal iz Izolena obvoznico pred voznika tovornega vozila, 37-letnega Celjana, brez da bi se prepri\u010dal, \u010de lahko to varno stori. Tovorno vozilo ga je zbilo s ceste. Lucijan se je v nesre\u010di la\u017eje po\u0161kodoval, odpeljali so ga v izolsko bolni\u0161nico. Povzro\u010ditelju sledi pla\u010dilni nalog zaradi nepravilnega vklju\u010devanja s pospe\u0161evalnega na vozni pas, zaradi \u010desar je pri\u0161lo do tr\u010denja.<\/p>\n<p>Se\u017eanski policisti so na parkiri\u0161\u010du trgovine v Se\u017eani odkrili ukraden osebni avtomobil Land Rover. Vozilo je bilo prijavljeno kot ukradeno v Italiji, v Se\u017eani pa naj bi bilo parkirano pribli\u017eno tri tedne. Policisti nadaljujejo z zbiranjem informacij.<\/p>\n","protected":false},"excerpt":{"rendered":"<p>KRONIKA &#8211; V ponedeljek okrog 16.30 se je 17-letna Tr\u017ea\u010danka z 19-letnim fantom s skuterjem&#8230;<\/p>\n","protected":false},"author":4,"featured_media":877,"comment_status":"open","ping_status":"closed","sticky":false,"template":"","format":"standard","meta":{"footnotes":""},"categories":[7],"tags":[],"class_list":["post-1125","post","type-post","status-publish","format-standard","has-post-thumbnail","hentry","category-kronika"],"featured_image_urls":{"full":["https:\/\/areafilm.si\/wordpress\/wp-content\/uploads\/2014\/07\/policija2.jpg",520,245,false],"thumbnail":["https:\/\/areafilm.si\/wordpress\/wp-content\/uploads\/2014\/07\/policija2-500x245.jpg",500,245,true],"medium":["https:\/\/areafilm.si\/wordpress\/wp-content\/uploads\/2014\/07\/policija2.jpg",520,245,false],"medium_large":["https:\/\/areafilm.si\/wordpress\/wp-content\/uploads\/2014\/07\/policija2.jpg",520,245,false],"large":["https:\/\/areafilm.si\/wordpress\/wp-content\/uploads\/2014\/07\/policija2.jpg",520,245,false],"1536x1536":["https:\/\/areafilm.si\/wordpress\/wp-content\/uploads\/2014\/07\/policija2.jpg",520,245,false],"2048x2048":["https:\/\/areafilm.si\/wordpress\/wp-content\/uploads\/2014\/07\/policija2.jpg",520,245,false],"covernews-featured":["https:\/\/areafilm.si\/wordpress\/wp-content\/uploads\/2014\/07\/policija2.jpg",520,245,false],"covernews-medium":["https:\/\/areafilm.si\/wordpress\/wp-content\/uploads\/2014\/07\/policija2.jpg",520,245,false],"woocommerce_thumbnail":["https:\/\/areafilm.si\/wordpress\/wp-content\/uploads\/2014\/07\/policija2-300x245.jpg",300,245,true],"woocommerce_single":["https:\/\/areafilm.si\/wordpress\/wp-content\/uploads\/2014\/07\/policija2.jpg",520,245,false],"woocommerce_gallery_thumbnail":["https:\/\/areafilm.si\/wordpress\/wp-content\/uploads\/2014\/07\/policija2-100x100.jpg",100,100,true]},"author_info":{"info":["Uredni\u0161tvo Primorski Utrip"]},"category_info":"<a href=\"https:\/\/areafilm.si\/wordpress\/category\/kronika\/\" rel=\"category tag\">Kronika<\/a>","tag_info":"Kronika","comment_count":"0","_links":{"self":[{"href":"https:\/\/areafilm.si\/wordpress\/wp-json\/wp\/v2\/posts\/1125","targetHints":{"allow":["GET"]}}],"collection":[{"href":"https:\/\/areafilm.si\/wordpress\/wp-json\/wp\/v2\/posts"}],"about":[{"href":"https:\/\/areafilm.si\/wordpress\/wp-json\/wp\/v2\/types\/post"}],"author":[{"embeddable":true,"href":"https:\/\/areafilm.si\/wordpress\/wp-json\/wp\/v2\/users\/4"}],"replies":[{"embeddable":true,"href":"https:\/\/areafilm.si\/wordpress\/wp-json\/wp\/v2\/comments?post=1125"}],"version-history":[{"count":2,"href":"https:\/\/areafilm.si\/wordpress\/wp-json\/wp\/v2\/posts\/1125\/revisions"}],"predecessor-version":[{"id":1127,"href":"https:\/\/areafilm.si\/wordpress\/wp-json\/wp\/v2\/posts\/1125\/revisions\/1127"}],"wp:featuredmedia":[{"embeddable":true,"href":"https:\/\/areafilm.si\/wordpress\/wp-json\/wp\/v2\/media\/877"}],"wp:attachment":[{"href":"https:\/\/areafilm.si\/wordpress\/wp-json\/wp\/v2\/media?parent=1125"}],"wp:term":[{"taxonomy":"category","embeddable":true,"href":"https:\/\/areafilm.si\/wordpress\/wp-json\/wp\/v2\/categories?post=1125"},{"taxonomy":"post_tag","embeddable":true,"href":"https:\/\/areafilm.si\/wordpress\/wp-json\/wp\/v2\/tags?post=1125"}],"curies":[{"name":"wp","href":"https:\/\/api.w.org\/{rel}","templated":true}]}}