{"id":1347,"date":"2015-05-07T11:31:18","date_gmt":"2015-05-07T09:31:18","guid":{"rendered":"http:\/\/slo5.net\/wordpress\/?p=1347"},"modified":"2015-05-07T11:31:18","modified_gmt":"2015-05-07T09:31:18","slug":"zaradi-vinjenosti-zapeljal-s-ceste-in-se-prevrnil","status":"publish","type":"post","link":"https:\/\/areafilm.si\/wordpress\/zaradi-vinjenosti-zapeljal-s-ceste-in-se-prevrnil\/","title":{"rendered":"Zaradi vinjenosti zapeljal s ceste in se prevrnil"},"content":{"rendered":"<p>KRONIKA \u2013 V sredo ob 23.25 je 65-letni mo\u0161ki iz Ilirske Bistrice vozil v smeri od Harij proti Ilirski Bistrici. Ko je z vozilom pripeljal preko mostu na reki Reki, je zapeljal v levo na bre\u017eino in se prevrnil na streho. V prometni nesre\u010di se je la\u017eje po\u0161kodoval, zato so ga z re\u0161evalnim vozilom odpeljali v zdravstveni dom Ilirska Bistrica. Odrejen preizkus alkoholiziranosti mu je pokazal 0.91mg\/l. Sledi mu obdol\u017eilni predlog.<\/p>\n<p>V sredo ob 10.23 je na policijo poklical ob\u010dan in povedal, da na tr\u017enici v Kopru mo\u0161ki vsiljivo bera\u010di, kri\u010di in razgraja. Poleg tega ima pri sebi ve\u010d igel. Policisti so ugotovili identiteto bera\u010da. Pri sebi je imel brizgalko s teko\u010dino rjave barve, katero so mu zasegli. 30-letnemu Dekan\u010danu sledi pla\u010dilni nalog in hitri postopek.<\/p>\n<p>V Kopru je nekdo v gara\u017eni hi\u0161i na Markovcu z vozila Citroen C3 ukradel vse \u0161tiri pokrove s plati\u0161\u010d. Lastnica je o\u0161kodovana za 300 evrov.<\/p>\n<p>Ob 14.21 je 16-letna voznica kolesa z motorjem znamke Piaggio v ovinku izven naselja Plavje izgubila kontrolo nad vozilom in padla. V pogovoru s policisti ni znala pojasniti okoli\u0161\u010din, z re\u0161evalnim vozilom so jo odpeljali v bolni\u0161nico Izola. Po vseh zbranih obvestilih in ugotovljenih dejstvih in okoli\u0161\u010dinah prometne nesre\u010de ji sledi ustrezen ukrep.<\/p>\n<p>Zve\u010der so policisti v vasi pri Ilirski Bistrici obravnavali nasilje v dru\u017eini. Mo\u0161kemu, ki je bil do partnerke \u017ee ve\u010dkrat nasilen, so izrekli prepoved pribli\u017eevanja in zoper njega podali kazensko ovadbo.<\/p>\n<p>Ob 3.48 so na policiji dobili obvestilo, da je v Portoro\u017eu zelo vinjen mo\u0161ki, ki se zabija z vozilom v druge avtomobile. Policisti so na kraju ugotovili, da gre za 40-letnega mo\u0161kega iz Lendave. Preizkus alkoholiziranosti mu je pokazal 0,94 mg\/l izdihanega zraka. Zaradi nepravilnega premika z vozilom je podrsal dva parkirana osebna avtomobila. Odvzeli so mu vozni\u0161ko dovoljenje, sledi mu obdol\u017eilni predlog.<\/p>\n<p>Na \u017eelezni\u0161ki postaji v Podgorju so Se\u017ean\u010danu z bagra ukradli delovni priklju\u010dek &#8211; kle\u0161\u010de. O\u0161kodovan je za 2000 evrov.<\/p>\n","protected":false},"excerpt":{"rendered":"<p>KRONIKA \u2013 V sredo ob 23.25 je 65-letni mo\u0161ki iz Ilirske Bistrice vozil v smeri&#8230;<\/p>\n","protected":false},"author":4,"featured_media":835,"comment_status":"open","ping_status":"closed","sticky":false,"template":"","format":"standard","meta":{"footnotes":""},"categories":[7],"tags":[],"class_list":["post-1347","post","type-post","status-publish","format-standard","has-post-thumbnail","hentry","category-kronika"],"featured_image_urls":{"full":["https:\/\/areafilm.si\/wordpress\/wp-content\/uploads\/2014\/12\/avto_na_strehi.jpg",365,133,false],"thumbnail":["https:\/\/areafilm.si\/wordpress\/wp-content\/uploads\/2014\/12\/avto_na_strehi.jpg",365,133,false],"medium":["https:\/\/areafilm.si\/wordpress\/wp-content\/uploads\/2014\/12\/avto_na_strehi.jpg",365,133,false],"medium_large":["https:\/\/areafilm.si\/wordpress\/wp-content\/uploads\/2014\/12\/avto_na_strehi.jpg",365,133,false],"large":["https:\/\/areafilm.si\/wordpress\/wp-content\/uploads\/2014\/12\/avto_na_strehi.jpg",365,133,false],"1536x1536":["https:\/\/areafilm.si\/wordpress\/wp-content\/uploads\/2014\/12\/avto_na_strehi.jpg",365,133,false],"2048x2048":["https:\/\/areafilm.si\/wordpress\/wp-content\/uploads\/2014\/12\/avto_na_strehi.jpg",365,133,false],"covernews-featured":["https:\/\/areafilm.si\/wordpress\/wp-content\/uploads\/2014\/12\/avto_na_strehi.jpg",365,133,false],"covernews-medium":["https:\/\/areafilm.si\/wordpress\/wp-content\/uploads\/2014\/12\/avto_na_strehi.jpg",365,133,false],"woocommerce_thumbnail":["https:\/\/areafilm.si\/wordpress\/wp-content\/uploads\/2014\/12\/avto_na_strehi-300x133.jpg",300,133,true],"woocommerce_single":["https:\/\/areafilm.si\/wordpress\/wp-content\/uploads\/2014\/12\/avto_na_strehi.jpg",365,133,false],"woocommerce_gallery_thumbnail":["https:\/\/areafilm.si\/wordpress\/wp-content\/uploads\/2014\/12\/avto_na_strehi-100x100.jpg",100,100,true]},"author_info":{"info":["Uredni\u0161tvo Primorski Utrip"]},"category_info":"<a href=\"https:\/\/areafilm.si\/wordpress\/category\/kronika\/\" rel=\"category tag\">Kronika<\/a>","tag_info":"Kronika","comment_count":"0","_links":{"self":[{"href":"https:\/\/areafilm.si\/wordpress\/wp-json\/wp\/v2\/posts\/1347","targetHints":{"allow":["GET"]}}],"collection":[{"href":"https:\/\/areafilm.si\/wordpress\/wp-json\/wp\/v2\/posts"}],"about":[{"href":"https:\/\/areafilm.si\/wordpress\/wp-json\/wp\/v2\/types\/post"}],"author":[{"embeddable":true,"href":"https:\/\/areafilm.si\/wordpress\/wp-json\/wp\/v2\/users\/4"}],"replies":[{"embeddable":true,"href":"https:\/\/areafilm.si\/wordpress\/wp-json\/wp\/v2\/comments?post=1347"}],"version-history":[{"count":2,"href":"https:\/\/areafilm.si\/wordpress\/wp-json\/wp\/v2\/posts\/1347\/revisions"}],"predecessor-version":[{"id":1349,"href":"https:\/\/areafilm.si\/wordpress\/wp-json\/wp\/v2\/posts\/1347\/revisions\/1349"}],"wp:featuredmedia":[{"embeddable":true,"href":"https:\/\/areafilm.si\/wordpress\/wp-json\/wp\/v2\/media\/835"}],"wp:attachment":[{"href":"https:\/\/areafilm.si\/wordpress\/wp-json\/wp\/v2\/media?parent=1347"}],"wp:term":[{"taxonomy":"category","embeddable":true,"href":"https:\/\/areafilm.si\/wordpress\/wp-json\/wp\/v2\/categories?post=1347"},{"taxonomy":"post_tag","embeddable":true,"href":"https:\/\/areafilm.si\/wordpress\/wp-json\/wp\/v2\/tags?post=1347"}],"curies":[{"name":"wp","href":"https:\/\/api.w.org\/{rel}","templated":true}]}}