{"id":1358,"date":"2015-05-11T20:30:41","date_gmt":"2015-05-11T18:30:41","guid":{"rendered":"http:\/\/slo5.net\/wordpress\/?p=1358"},"modified":"2015-05-12T11:40:18","modified_gmt":"2015-05-12T09:40:18","slug":"motorist-pri-trku-z-avtomobilom-umrl","status":"publish","type":"post","link":"https:\/\/areafilm.si\/wordpress\/motorist-pri-trku-z-avtomobilom-umrl\/","title":{"rendered":"Motorist pri trku z avtomobilom umrl"},"content":{"rendered":"<p>KRONIKA &#8211; V ponedeljek okrog 13.35 je 31-letni voznik motornega kolesa iz Kubeda vozil od Dekanov proti Ri\u017eani, ko je za mosti\u010dkom v Sv. Nedelji z njegove leve strani iz ogibali\u0161\u010da \u010dez polno \u010drto na njegov vozni pas pripeljal 31-letni voznik osebnega avtomobila iz Ri\u017eane. Motorist je pri trku na kraju umrl. To je letos prva smrtna \u017ertev na cestah na obmo\u010dju PU Koper.<\/p>\n<p>V nedeljo ob 2.43 so bili policisti obve\u0161\u010deni, da iz smeri izolskega mandra\u010da proti centru pelje voznik belega osebnega avtomobila, ki je pod vplivom alkohola. Patrulja je ustavila 47-letnega doma\u010dina, kateremu je alkotest pokazal 1,03. Prepovedana mu je bila nadaljnja vo\u017enja in sledi mu obdol\u017eilni predlog.<\/p>\n<p>V Ankaranu je nekdo iz ve\u010d hotelskih sob oz. bungalovov gostom, dr\u017eavljanom Hrva\u0161ke, ukradel denar. Skupaj je odnesel 3000 evrov, ro\u010dni uri in \u0161portne copate.<\/p>\n<p>V Ankaranu je nekdo na parkiri\u0161\u010du ob pla\u017ei z osebnega avtomobila ukradel obe meglenki in prednjo masko vozila. \u0160kode je za 400 evrov.<\/p>\n<p>Ob 17.50 je 52-letni Lucijan na policiji prijavil goljufijo. V gostinskem lokalu v Portoro\u017eu mu je neznana \u017eenska ukradla zlat pe\u010datni prstan s \u010drnim kamnom in inicialkami. \u017denska ga je zavedla tako, da je prstan dal na mizo z namenom, da mu bo prerokovala. Nato mu je ukradla prstan in zlato veri\u017eico v skupni vrednosti 3000 evrov. \u017denska je stara okoli 60 let, visoka med 170 in 175 centimetrov, mo\u010dnej\u0161e postave, temnej\u0161e polti, ima \u010drne lase do ramen, govorila je v hrva\u0161kem jeziku.<\/p>\n<p>Ob 19.29 je 51-letni Se\u017ean\u010dan vozil osebni avto od Seno\u017ee\u010d proti \u0160torjam, kjer je zapeljal na nasprotni vozni pas in nato na bankino. Vozilo se je obrnilo in zapeljalo na drugi pas. Voznik je opravil preizkus alkoholiziranosti, ki mu je pokazal 0,95 mg\/l. Sledi mu obdol\u017eilni predlog. Odvzeto mu je bilo tudi vozni\u0161ko dovoljenje.<\/p>\n<p>V Portoro\u017eu je nekdo dr\u017eavljanu Italije iz zaklenjene garderobne omarice pred savno ukradel mobilnik iphone 5, vreden 500 evrov.<\/p>\n<p>Nekdo je v no\u010di na ponedeljek v prostorih pralnice v Ankaranu vlomil v dva pralna stroja oziroma predala za gotovino. V enega mu je uspelo vlomiti, v drugega pa ne. Skupna \u0161koda zaradi po\u0161kodb na pralnih strojih je 1000 evrov.<\/p>\n<p>Pono\u010di je nekdo izpred hi\u0161e v Piranu ukradel registrirani skuter Malaguti F12 rde\u010de barve, reg. KPTH-xx, star 10 let.<\/p>\n<p>V no\u010di na torek ob 1.37 so policisti na mejnem prehodu Starod pri opravljanju mejne kontrole ugotovili, da ima 25-letni dr\u017eavljan Albanije pri sebi vozni\u0161ko dovoljenje Albanije. S pregledom listine je bilo ugotovljeno, da je popolni ponaredek. Listino so mu zasegli, sledi mu kazenska ovadba.<\/p>\n","protected":false},"excerpt":{"rendered":"<p>KRONIKA &#8211; V ponedeljek okrog 13.35 je 31-letni voznik motornega kolesa iz Kubeda vozil od&#8230;<\/p>\n","protected":false},"author":4,"featured_media":879,"comment_status":"open","ping_status":"closed","sticky":false,"template":"","format":"standard","meta":{"footnotes":""},"categories":[7],"tags":[],"class_list":["post-1358","post","type-post","status-publish","format-standard","has-post-thumbnail","hentry","category-kronika"],"featured_image_urls":{"full":["https:\/\/areafilm.si\/wordpress\/wp-content\/uploads\/2014\/07\/policija4.jpg",520,245,false],"thumbnail":["https:\/\/areafilm.si\/wordpress\/wp-content\/uploads\/2014\/07\/policija4-500x245.jpg",500,245,true],"medium":["https:\/\/areafilm.si\/wordpress\/wp-content\/uploads\/2014\/07\/policija4.jpg",520,245,false],"medium_large":["https:\/\/areafilm.si\/wordpress\/wp-content\/uploads\/2014\/07\/policija4.jpg",520,245,false],"large":["https:\/\/areafilm.si\/wordpress\/wp-content\/uploads\/2014\/07\/policija4.jpg",520,245,false],"1536x1536":["https:\/\/areafilm.si\/wordpress\/wp-content\/uploads\/2014\/07\/policija4.jpg",520,245,false],"2048x2048":["https:\/\/areafilm.si\/wordpress\/wp-content\/uploads\/2014\/07\/policija4.jpg",520,245,false],"covernews-featured":["https:\/\/areafilm.si\/wordpress\/wp-content\/uploads\/2014\/07\/policija4.jpg",520,245,false],"covernews-medium":["https:\/\/areafilm.si\/wordpress\/wp-content\/uploads\/2014\/07\/policija4.jpg",520,245,false],"woocommerce_thumbnail":["https:\/\/areafilm.si\/wordpress\/wp-content\/uploads\/2014\/07\/policija4-300x245.jpg",300,245,true],"woocommerce_single":["https:\/\/areafilm.si\/wordpress\/wp-content\/uploads\/2014\/07\/policija4.jpg",520,245,false],"woocommerce_gallery_thumbnail":["https:\/\/areafilm.si\/wordpress\/wp-content\/uploads\/2014\/07\/policija4-100x100.jpg",100,100,true]},"author_info":{"info":["Uredni\u0161tvo Primorski Utrip"]},"category_info":"<a href=\"https:\/\/areafilm.si\/wordpress\/category\/kronika\/\" rel=\"category tag\">Kronika<\/a>","tag_info":"Kronika","comment_count":"0","_links":{"self":[{"href":"https:\/\/areafilm.si\/wordpress\/wp-json\/wp\/v2\/posts\/1358","targetHints":{"allow":["GET"]}}],"collection":[{"href":"https:\/\/areafilm.si\/wordpress\/wp-json\/wp\/v2\/posts"}],"about":[{"href":"https:\/\/areafilm.si\/wordpress\/wp-json\/wp\/v2\/types\/post"}],"author":[{"embeddable":true,"href":"https:\/\/areafilm.si\/wordpress\/wp-json\/wp\/v2\/users\/4"}],"replies":[{"embeddable":true,"href":"https:\/\/areafilm.si\/wordpress\/wp-json\/wp\/v2\/comments?post=1358"}],"version-history":[{"count":3,"href":"https:\/\/areafilm.si\/wordpress\/wp-json\/wp\/v2\/posts\/1358\/revisions"}],"predecessor-version":[{"id":1360,"href":"https:\/\/areafilm.si\/wordpress\/wp-json\/wp\/v2\/posts\/1358\/revisions\/1360"}],"wp:featuredmedia":[{"embeddable":true,"href":"https:\/\/areafilm.si\/wordpress\/wp-json\/wp\/v2\/media\/879"}],"wp:attachment":[{"href":"https:\/\/areafilm.si\/wordpress\/wp-json\/wp\/v2\/media?parent=1358"}],"wp:term":[{"taxonomy":"category","embeddable":true,"href":"https:\/\/areafilm.si\/wordpress\/wp-json\/wp\/v2\/categories?post=1358"},{"taxonomy":"post_tag","embeddable":true,"href":"https:\/\/areafilm.si\/wordpress\/wp-json\/wp\/v2\/tags?post=1358"}],"curies":[{"name":"wp","href":"https:\/\/api.w.org\/{rel}","templated":true}]}}