{"id":1377,"date":"2015-05-18T16:42:19","date_gmt":"2015-05-18T14:42:19","guid":{"rendered":"http:\/\/slo5.net\/wordpress\/?p=1377"},"modified":"2015-05-18T16:44:08","modified_gmt":"2015-05-18T14:44:08","slug":"celno-trcenje-v-dekanih","status":"publish","type":"post","link":"https:\/\/areafilm.si\/wordpress\/celno-trcenje-v-dekanih\/","title":{"rendered":"\u010celno tr\u010denje v Dekanih"},"content":{"rendered":"<p>KRONIKA &#8211; V petek ob 15.31 je 60-letna voznica osebnega avtomobila iz Marezig vozila po klancu iz Sv. Antona, v Dekanih pa je zavirala in izgubila oblast nad vozilom ter \u010delno tr\u010dila v nasproti voze\u010di osebni avto, katerega je vozil 39-letnik. Povzro\u010diteljico so po\u0161kodovano odpeljali v bolni\u0161nico na pregled. Sledi ji pla\u010dilni nalog zaradi neprilagojene hitrosti.<\/p>\n<p>Ob 17.54 je 45-letnik v Izoli, na Son\u010dnem nabre\u017eju, z osebnim avtomobilom zbil pe\u0161ko na prehodu za pe\u0161ce. 22-letna Izolanka se je po\u0161kodovala in so jo odpeljali v izolsko bolni\u0161nico. Ukrep sledi glede na te\u017eo po\u0161kodb.<\/p>\n<p>Ob 18.39 je policijo poklical Postojn\u010dan in povedal, da mu je nekdo v Postojni na parkiri\u0161\u010du podrsal osebni avto. Policisti so ugotovili, da gre za 29-letnega Ilirskobistri\u010dana. Pri ogledu vozila so ugotovili, da je vozilo po\u0161kodovano po zadnjem levem delu, z voznikom so opravili razgovor in mu odredili preizkus alkoholiziranosti, ki je pokazal 0,64 mg alkohola v litru izdihanega zraka. Sledi mu obdol\u017eilni predlog.<\/p>\n<p>V \u0160torjah so policisti ob 23.23 ustavljali 48-letnega voznika iz okolice Se\u017eane, ki pa ni hotel ustaviti in je peljal naprej. Dohiteli so ga pri odcepu za Podbre\u017ee in ugotovili, da je vozil brez vozni\u0161kega dovoljenja, odklonil je tudi preizkus alkoholiziranosti. Vozilo so mu zasegli, sledi mu obdol\u017eilni predlog.<\/p>\n<p>V Izoli je nekdo 20-letnici ukradel telefon znamke Sony, vreden 200 evrov.<\/p>\n","protected":false},"excerpt":{"rendered":"<p>KRONIKA &#8211; V petek ob 15.31 je 60-letna voznica osebnega avtomobila iz Marezig vozila po&#8230;<\/p>\n","protected":false},"author":4,"featured_media":385,"comment_status":"open","ping_status":"closed","sticky":false,"template":"","format":"standard","meta":{"footnotes":""},"categories":[7],"tags":[],"class_list":["post-1377","post","type-post","status-publish","format-standard","has-post-thumbnail","hentry","category-kronika"],"featured_image_urls":{"full":["https:\/\/areafilm.si\/wordpress\/wp-content\/uploads\/2014\/09\/prometna_nesreca.jpg",282,296,false],"thumbnail":["https:\/\/areafilm.si\/wordpress\/wp-content\/uploads\/2014\/09\/prometna_nesreca-282x280.jpg",282,280,true],"medium":["https:\/\/areafilm.si\/wordpress\/wp-content\/uploads\/2014\/09\/prometna_nesreca.jpg",282,296,false],"medium_large":["https:\/\/areafilm.si\/wordpress\/wp-content\/uploads\/2014\/09\/prometna_nesreca.jpg",282,296,false],"large":["https:\/\/areafilm.si\/wordpress\/wp-content\/uploads\/2014\/09\/prometna_nesreca.jpg",282,296,false],"1536x1536":["https:\/\/areafilm.si\/wordpress\/wp-content\/uploads\/2014\/09\/prometna_nesreca.jpg",282,296,false],"2048x2048":["https:\/\/areafilm.si\/wordpress\/wp-content\/uploads\/2014\/09\/prometna_nesreca.jpg",282,296,false],"covernews-featured":["https:\/\/areafilm.si\/wordpress\/wp-content\/uploads\/2014\/09\/prometna_nesreca.jpg",282,296,false],"covernews-medium":["https:\/\/areafilm.si\/wordpress\/wp-content\/uploads\/2014\/09\/prometna_nesreca.jpg",282,296,false],"woocommerce_thumbnail":["https:\/\/areafilm.si\/wordpress\/wp-content\/uploads\/2014\/09\/prometna_nesreca.jpg",282,296,false],"woocommerce_single":["https:\/\/areafilm.si\/wordpress\/wp-content\/uploads\/2014\/09\/prometna_nesreca.jpg",282,296,false],"woocommerce_gallery_thumbnail":["https:\/\/areafilm.si\/wordpress\/wp-content\/uploads\/2014\/09\/prometna_nesreca-100x100.jpg",100,100,true]},"author_info":{"info":["Uredni\u0161tvo Primorski Utrip"]},"category_info":"<a href=\"https:\/\/areafilm.si\/wordpress\/category\/kronika\/\" rel=\"category tag\">Kronika<\/a>","tag_info":"Kronika","comment_count":"0","_links":{"self":[{"href":"https:\/\/areafilm.si\/wordpress\/wp-json\/wp\/v2\/posts\/1377","targetHints":{"allow":["GET"]}}],"collection":[{"href":"https:\/\/areafilm.si\/wordpress\/wp-json\/wp\/v2\/posts"}],"about":[{"href":"https:\/\/areafilm.si\/wordpress\/wp-json\/wp\/v2\/types\/post"}],"author":[{"embeddable":true,"href":"https:\/\/areafilm.si\/wordpress\/wp-json\/wp\/v2\/users\/4"}],"replies":[{"embeddable":true,"href":"https:\/\/areafilm.si\/wordpress\/wp-json\/wp\/v2\/comments?post=1377"}],"version-history":[{"count":2,"href":"https:\/\/areafilm.si\/wordpress\/wp-json\/wp\/v2\/posts\/1377\/revisions"}],"predecessor-version":[{"id":1379,"href":"https:\/\/areafilm.si\/wordpress\/wp-json\/wp\/v2\/posts\/1377\/revisions\/1379"}],"wp:featuredmedia":[{"embeddable":true,"href":"https:\/\/areafilm.si\/wordpress\/wp-json\/wp\/v2\/media\/385"}],"wp:attachment":[{"href":"https:\/\/areafilm.si\/wordpress\/wp-json\/wp\/v2\/media?parent=1377"}],"wp:term":[{"taxonomy":"category","embeddable":true,"href":"https:\/\/areafilm.si\/wordpress\/wp-json\/wp\/v2\/categories?post=1377"},{"taxonomy":"post_tag","embeddable":true,"href":"https:\/\/areafilm.si\/wordpress\/wp-json\/wp\/v2\/tags?post=1377"}],"curies":[{"name":"wp","href":"https:\/\/api.w.org\/{rel}","templated":true}]}}