{"id":1396,"date":"2015-05-25T15:14:38","date_gmt":"2015-05-25T13:14:38","guid":{"rendered":"http:\/\/slo5.net\/wordpress\/?p=1396"},"modified":"2015-05-25T15:22:01","modified_gmt":"2015-05-25T13:22:01","slug":"nesreca-na-smarski-cesti","status":"publish","type":"post","link":"https:\/\/areafilm.si\/wordpress\/nesreca-na-smarski-cesti\/","title":{"rendered":"Nesre\u010da na \u0160marski cesti"},"content":{"rendered":"<p>KRONIKA &#8211; V ponedeljek ob 9. uri je 23-letna voznica osebnega avtomobila peljala po \u0160marski cesti iz centra Kopra proti \u0160marjam. Iz neznanega vzroka je zavila v levo, zapeljala na nasprotno smerno vozi\u0161\u010de in \u010delno tr\u010dila v osebni avto, katerega je vozila 36-letnica. Obe sta se v nesre\u010di po\u0161kodovali, odpeljali so ju v bolni\u0161nico Izola.<\/p>\n<p>Ob 12.12 so bili policisti obve\u0161\u010deni, da je mo\u0161ki v centru Kopra z no\u017eem napadel mestne redarje, nato pa pobegnil. \u010cez nekaj minut so ga prijeli in ugotovili, da gre za 35-letnega doma\u010dina. No\u017e so mu zasegli. Policisti so ga zasli\u0161ali in ga bodo kazensko ovadili za kaznivo dejanje prepre\u010ditve uradnega dejanja ali ma\u0161\u010devanje uradni osebi.<\/p>\n<p>Zaradi tehni\u010dne predelave so policisti v Luciji 18-letnemu doma\u010dinu zasegli kolo z motorjem. Sledi mu obdol\u017eilni predlog.<\/p>\n<p>V Dutovljah je dr\u017eavljanka Nem\u010dije prijavila, da so jim vlomili v vozilo in ukradli navigacijo, CD player in kov\u010dek z obla\u010dili ter dva kov\u010dka iz prtlja\u017enika. Tujka je o\u0161kodovana za 600 evrov.<\/p>\n<p>V \u0160marjah pri Se\u017eani je nekdo vlomil v stanovanjsko hi\u0161o. Vlomilci so odnesli 1000 evrov gotovine in za 1500 evrov zlatnine.<\/p>\n<p>V nedeljo ob 3.15 so na policiji dobili obvestilo, da je v Parjah pri Pivki nekdo z osebnim avtomobilom tr\u010dil v kri\u017e poleg hi\u0161e, voznik pa naj bi bil pod vplivom alkohola. Policisti so na kraju ugotovili, da je povzro\u010ditelj kraj zapustil, vozilo pa je ostalo izven vozi\u0161\u010da. Naknadno so ugotovili, da je vozil 35-letnik iz okolice Ilirske Bistrice, katerega so na\u0161li doma. Alkotest mu je pokazal 0,43 miligrama alkohola v litru izdihanega zraka.<\/p>\n<p>Zjutraj je na mejni prehod Starod pripeljal 44-letni dr\u017eavljan Albanije. Pri temeljiti mejni kontroli so policisti pri njemu na\u0161li osebno izkaznico, vozni\u0161ko dovoljenje in zdravstveno izkaznico Italije. Ugotovili so, da so obrazci dokumentov originalni, slika pa je vstavljena. Pozneje so ugotovili tudi, da so bili obrazci ukradeni, Albanec pa naj bi jih kupil za 600 evrov. Sledi mu kazenska ovadba.<\/p>\n<p>Ob 19. uri so policisti dobili obvestilo, da na hitri cesti iz Bertokov proti Kopru nevarno prehiteva voznik belega Clia, ki je najverjetneje vinjen. Patrulja je ustavila 37-letnega dr\u017eavljana Hrva\u0161ke. Odredili so mu preizkus alkoholiziranosti po izdihanem zraku, ki ga je odlo\u010dno odklonil, zato so mu odredili pridr\u017eanje. Zoper njega so uporabili tudi fizi\u010dno silo ter sredstva za vezanje in vklepanje, ker se je med postopkom nedostojno vedel in se fizi\u010dno upiral policistu.<\/p>\n<p>Ob 22. uri so izolski policisti ustavili 48-letnega dr\u017eavljana Hrva\u0161ke, kateremu je odrejeni preizkus alkoholiziranosti pokazal 0,70 mg alkohola v izdihanem zraku. Odvzeto mu je bilo vozni\u0161ko dovoljenje in odrejeno pridr\u017eanje. Sledi mu obdol\u017eilni predlog.<\/p>\n<p>V nedeljo ob 17.10 je na mejni prehod Dragonja pripeljal 41-letni dr\u017eavljan Romunije s tovornim vozilom in priklopnikom, na katerem sta bila nalo\u017eena osebni avtomobil Jaguar S in neregistriran kombi Mercedes Benz Sprinter 316 CDI. Pri preverjenja so policisti ugotovili, da je kombi zabele\u017een kot ukraden, in sicer 24. 4. 2014 v Nem\u010diji. Tovarni\u0161ka nalepka je bila popolni ponaredek, zadnje \u0161tiri \u0161tevilke \u0161asije pa zmanipulirane. Vozilo so policisti zasegli, dr\u017eavljanu Romunije pa sledi kazenska ovadba.<\/p>\n","protected":false},"excerpt":{"rendered":"<p>KRONIKA &#8211; V ponedeljek ob 9. uri je 23-letna voznica osebnega avtomobila peljala po \u0160marski&#8230;<\/p>\n","protected":false},"author":4,"featured_media":880,"comment_status":"open","ping_status":"closed","sticky":false,"template":"","format":"standard","meta":{"footnotes":""},"categories":[7],"tags":[],"class_list":["post-1396","post","type-post","status-publish","format-standard","has-post-thumbnail","hentry","category-kronika"],"featured_image_urls":{"full":["https:\/\/areafilm.si\/wordpress\/wp-content\/uploads\/2014\/07\/resilec1.jpg",520,245,false],"thumbnail":["https:\/\/areafilm.si\/wordpress\/wp-content\/uploads\/2014\/07\/resilec1-500x245.jpg",500,245,true],"medium":["https:\/\/areafilm.si\/wordpress\/wp-content\/uploads\/2014\/07\/resilec1.jpg",520,245,false],"medium_large":["https:\/\/areafilm.si\/wordpress\/wp-content\/uploads\/2014\/07\/resilec1.jpg",520,245,false],"large":["https:\/\/areafilm.si\/wordpress\/wp-content\/uploads\/2014\/07\/resilec1.jpg",520,245,false],"1536x1536":["https:\/\/areafilm.si\/wordpress\/wp-content\/uploads\/2014\/07\/resilec1.jpg",520,245,false],"2048x2048":["https:\/\/areafilm.si\/wordpress\/wp-content\/uploads\/2014\/07\/resilec1.jpg",520,245,false],"covernews-featured":["https:\/\/areafilm.si\/wordpress\/wp-content\/uploads\/2014\/07\/resilec1.jpg",520,245,false],"covernews-medium":["https:\/\/areafilm.si\/wordpress\/wp-content\/uploads\/2014\/07\/resilec1.jpg",520,245,false],"woocommerce_thumbnail":["https:\/\/areafilm.si\/wordpress\/wp-content\/uploads\/2014\/07\/resilec1-300x245.jpg",300,245,true],"woocommerce_single":["https:\/\/areafilm.si\/wordpress\/wp-content\/uploads\/2014\/07\/resilec1.jpg",520,245,false],"woocommerce_gallery_thumbnail":["https:\/\/areafilm.si\/wordpress\/wp-content\/uploads\/2014\/07\/resilec1-100x100.jpg",100,100,true]},"author_info":{"info":["Uredni\u0161tvo Primorski Utrip"]},"category_info":"<a href=\"https:\/\/areafilm.si\/wordpress\/category\/kronika\/\" rel=\"category tag\">Kronika<\/a>","tag_info":"Kronika","comment_count":"0","_links":{"self":[{"href":"https:\/\/areafilm.si\/wordpress\/wp-json\/wp\/v2\/posts\/1396","targetHints":{"allow":["GET"]}}],"collection":[{"href":"https:\/\/areafilm.si\/wordpress\/wp-json\/wp\/v2\/posts"}],"about":[{"href":"https:\/\/areafilm.si\/wordpress\/wp-json\/wp\/v2\/types\/post"}],"author":[{"embeddable":true,"href":"https:\/\/areafilm.si\/wordpress\/wp-json\/wp\/v2\/users\/4"}],"replies":[{"embeddable":true,"href":"https:\/\/areafilm.si\/wordpress\/wp-json\/wp\/v2\/comments?post=1396"}],"version-history":[{"count":3,"href":"https:\/\/areafilm.si\/wordpress\/wp-json\/wp\/v2\/posts\/1396\/revisions"}],"predecessor-version":[{"id":1398,"href":"https:\/\/areafilm.si\/wordpress\/wp-json\/wp\/v2\/posts\/1396\/revisions\/1398"}],"wp:featuredmedia":[{"embeddable":true,"href":"https:\/\/areafilm.si\/wordpress\/wp-json\/wp\/v2\/media\/880"}],"wp:attachment":[{"href":"https:\/\/areafilm.si\/wordpress\/wp-json\/wp\/v2\/media?parent=1396"}],"wp:term":[{"taxonomy":"category","embeddable":true,"href":"https:\/\/areafilm.si\/wordpress\/wp-json\/wp\/v2\/categories?post=1396"},{"taxonomy":"post_tag","embeddable":true,"href":"https:\/\/areafilm.si\/wordpress\/wp-json\/wp\/v2\/tags?post=1396"}],"curies":[{"name":"wp","href":"https:\/\/api.w.org\/{rel}","templated":true}]}}