{"id":1410,"date":"2015-05-30T08:33:23","date_gmt":"2015-05-30T06:33:23","guid":{"rendered":"http:\/\/slo5.net\/wordpress\/?p=1410"},"modified":"2015-05-30T08:33:23","modified_gmt":"2015-05-30T06:33:23","slug":"iz-hise-nakradel-za-120-000-evrov-tuje-lastnine","status":"publish","type":"post","link":"https:\/\/areafilm.si\/wordpress\/iz-hise-nakradel-za-120-000-evrov-tuje-lastnine\/","title":{"rendered":"Iz hi\u0161e nakradel za 120.000 evrov tuje lastnine"},"content":{"rendered":"<p>KRONIKA &#8211; V vasi nad Izolo je v \u010detrtek nekdo vlomil v stanovanjsko hi\u0161o. Vzel je klju\u010de vozila Mercedes Benz GLK \/ 220 CDI, bele barve, reg. \u0161t. KP NN-628, letnik 2011. Nato je iz hi\u0161e pobral zlatnino ter mo\u0161ke in \u017eenske ure. S kraja se je odpeljal z ukradenim vozilom. Po prvih podatkih je lastnik o\u0161kodovan za 120.000 evrov.<\/p>\n<p>Nekdo je pono\u010di vlomil v koprsko trgovino. V skladi\u0161\u010du je vlomil v prenosni \u017eelezni sef in iz njega ukradel 5000 evrov gotovine.<\/p>\n<p>Ob 10.49 so na policiji dobili obvestilo, da je 37-letni mo\u0161ki iz \u0160marij iz ene od trgovin v Kopru ukradel za 75 evrov izdelkov. \u0160el je mimo blagajne in varnostnika, katerega je odrinil, nato pa s kolesom zbe\u017eal. Policisti so ga kmalu zatem prijeli v enem od gostinskih lokalov. Odvzeli so mu prostost, po zasli\u0161anju so ga predali preiskovalnemu sodniku, ki je zanj odredil pripor.<\/p>\n<p>V \u010ce\u017earjih je nekdo vlomil v stanovanjsko hi\u0161o, od koder je odnesel ra\u010dunalnik HP, zlatnino in denar. Natan\u010dno \u0161kodo bo lastnik ugotavljal naknadno.<\/p>\n<p>Zve\u010der so policisti v Portoro\u017eu ustavil 47-letnega voznika kombiniranega vozila iz Portoro\u017ea, kateremu je poteklo vozni\u0161ko dovoljenje. Alkotest mu je pokazal 0,33 mg\/l izdihanega zraka. Vozilo so mu zasegli, sledi mu obdol\u017eilni predlog.<\/p>\n<p>Pono\u010di je nekdo v Kopru na Ulici 15. maja z osebnega avtomobila BMW odvil vsa \u0161tiri kolesa s pnevmatikami in si jih protipravno prilastil. Vozilo je postavil na pripravljene lesene kocke. Z dejanjem je lastnica iz Celja o\u0161kodovana za 3.000 evrov.<\/p>\n","protected":false},"excerpt":{"rendered":"<p>KRONIKA &#8211; V vasi nad Izolo je v \u010detrtek nekdo vlomil v stanovanjsko hi\u0161o. Vzel&#8230;<\/p>\n","protected":false},"author":4,"featured_media":876,"comment_status":"open","ping_status":"closed","sticky":false,"template":"","format":"standard","meta":{"footnotes":""},"categories":[7],"tags":[],"class_list":["post-1410","post","type-post","status-publish","format-standard","has-post-thumbnail","hentry","category-kronika"],"featured_image_urls":{"full":["https:\/\/areafilm.si\/wordpress\/wp-content\/uploads\/2014\/07\/policija1.jpg",520,245,false],"thumbnail":["https:\/\/areafilm.si\/wordpress\/wp-content\/uploads\/2014\/07\/policija1-500x245.jpg",500,245,true],"medium":["https:\/\/areafilm.si\/wordpress\/wp-content\/uploads\/2014\/07\/policija1.jpg",520,245,false],"medium_large":["https:\/\/areafilm.si\/wordpress\/wp-content\/uploads\/2014\/07\/policija1.jpg",520,245,false],"large":["https:\/\/areafilm.si\/wordpress\/wp-content\/uploads\/2014\/07\/policija1.jpg",520,245,false],"1536x1536":["https:\/\/areafilm.si\/wordpress\/wp-content\/uploads\/2014\/07\/policija1.jpg",520,245,false],"2048x2048":["https:\/\/areafilm.si\/wordpress\/wp-content\/uploads\/2014\/07\/policija1.jpg",520,245,false],"covernews-featured":["https:\/\/areafilm.si\/wordpress\/wp-content\/uploads\/2014\/07\/policija1.jpg",520,245,false],"covernews-medium":["https:\/\/areafilm.si\/wordpress\/wp-content\/uploads\/2014\/07\/policija1.jpg",520,245,false],"woocommerce_thumbnail":["https:\/\/areafilm.si\/wordpress\/wp-content\/uploads\/2014\/07\/policija1-300x245.jpg",300,245,true],"woocommerce_single":["https:\/\/areafilm.si\/wordpress\/wp-content\/uploads\/2014\/07\/policija1.jpg",520,245,false],"woocommerce_gallery_thumbnail":["https:\/\/areafilm.si\/wordpress\/wp-content\/uploads\/2014\/07\/policija1-100x100.jpg",100,100,true]},"author_info":{"info":["Uredni\u0161tvo Primorski Utrip"]},"category_info":"<a href=\"https:\/\/areafilm.si\/wordpress\/category\/kronika\/\" rel=\"category tag\">Kronika<\/a>","tag_info":"Kronika","comment_count":"0","_links":{"self":[{"href":"https:\/\/areafilm.si\/wordpress\/wp-json\/wp\/v2\/posts\/1410","targetHints":{"allow":["GET"]}}],"collection":[{"href":"https:\/\/areafilm.si\/wordpress\/wp-json\/wp\/v2\/posts"}],"about":[{"href":"https:\/\/areafilm.si\/wordpress\/wp-json\/wp\/v2\/types\/post"}],"author":[{"embeddable":true,"href":"https:\/\/areafilm.si\/wordpress\/wp-json\/wp\/v2\/users\/4"}],"replies":[{"embeddable":true,"href":"https:\/\/areafilm.si\/wordpress\/wp-json\/wp\/v2\/comments?post=1410"}],"version-history":[{"count":2,"href":"https:\/\/areafilm.si\/wordpress\/wp-json\/wp\/v2\/posts\/1410\/revisions"}],"predecessor-version":[{"id":1412,"href":"https:\/\/areafilm.si\/wordpress\/wp-json\/wp\/v2\/posts\/1410\/revisions\/1412"}],"wp:featuredmedia":[{"embeddable":true,"href":"https:\/\/areafilm.si\/wordpress\/wp-json\/wp\/v2\/media\/876"}],"wp:attachment":[{"href":"https:\/\/areafilm.si\/wordpress\/wp-json\/wp\/v2\/media?parent=1410"}],"wp:term":[{"taxonomy":"category","embeddable":true,"href":"https:\/\/areafilm.si\/wordpress\/wp-json\/wp\/v2\/categories?post=1410"},{"taxonomy":"post_tag","embeddable":true,"href":"https:\/\/areafilm.si\/wordpress\/wp-json\/wp\/v2\/tags?post=1410"}],"curies":[{"name":"wp","href":"https:\/\/api.w.org\/{rel}","templated":true}]}}