{"id":1420,"date":"2015-06-01T20:25:40","date_gmt":"2015-06-01T18:25:40","guid":{"rendered":"http:\/\/slo5.net\/wordpress\/?p=1420"},"modified":"2015-10-04T21:44:49","modified_gmt":"2015-10-04T19:44:49","slug":"dogodki-in-prireditve-v-izoli-junij-2015","status":"publish","type":"post","link":"https:\/\/areafilm.si\/wordpress\/dogodki-in-prireditve-v-izoli-junij-2015\/","title":{"rendered":"Dogodki in prireditve v Izoli &#8211; junij 2015"},"content":{"rendered":"<table width=\"744\">\n<tbody>\n<tr>\n<td width=\"84\"><strong>DATUM<\/strong><\/td>\n<td width=\"168\"><strong>KRAJ, URA<\/strong><\/td>\n<td width=\"492\"><strong>PRIREDITEV<\/strong><\/td>\n<\/tr>\n<tr>\n<td width=\"84\">3.6.<\/td>\n<td width=\"168\">Telovadnica O\u0160 Livade, Kra\u0161ka dvorana, 10:00 &#8211; 16:00<\/td>\n<td width=\"492\"><strong>Festival \u0161tudentskega \u0161porta &#8211; <\/strong>bo pod okriljem Slovenske univerzitetne \u0161portne zveze (SUSA) in Univerzitetne \u0161portne zveze Primorske (U\u0160ZP) potekal v sredo, 3. junija 2015, v Izoli. Letni festival zajema dr\u017eavna univerzitetna prvenstva v ekipnih \u0161portih: ko\u0161arka, odbojka, futsal. Odbojka se bo med 10.00 in 16.00 uro odvijala v telovadnici O\u0160 Livade, futsal pa bo ob istem \u010dasu potekal v Kra\u0161ki dvorani.<\/p>\n<p><em>Organizator: Slovenska univerzitetna \u0161portne zveza (SUSA) in Univerzitetna \u0161portna zveza Primorske (U\u0160ZP)<\/em><\/td>\n<\/tr>\n<tr>\n<td width=\"84\">3.6.<\/td>\n<td width=\"168\">Pla\u017ea San Simon, 14:00<\/td>\n<td width=\"492\"><strong>Mokra \u010cista desetka <\/strong>je tu! V sredo, 3. junija 2015, s pri\u010detkom ob 14. uri, se v San Simonu v Izoli pripravlja vrhunec za\u010detka poletne sezone. Vozili bomo karjole, dirkali s pedalini, skakali kot divji zaj\u010dki, metali vodne balone in \u0161e mnogo drugega.\u00a0Univerzitetna \u0161portna zveza Primorske (U\u0160ZP) in \u0160tudentska organizacija Univerze na Primorskem (\u0160OUP) pripravljata nepozabno mokro do\u017eivetje na Obali. Poleg dru\u017eenja, kopanja in \u017euranja boste imeli mo\u017enost, da se preizkusite v 10-tih \u0161portno &#8211; zabavnih disciplinah, kjer lahko prejmete \u010dudovite prakti\u010dne nagrade.<\/p>\n<p>Pripravljen je tudi bogat spremljevalni program z razli\u010dnimi atrakcijami, presene\u010denji in Beach volley turnir s kineziologi! Prireditev se zaklju\u010di ob 21. uri.<\/p>\n<p><em>Organizator: Slovenska univerzitetna \u0161portne zveza (SUSA) in Univerzitetna \u0161portna zveza Primorske (U\u0160ZP)<\/em><\/td>\n<\/tr>\n<tr>\n<td width=\"84\">3. &#8211; 7.6.<\/td>\n<td width=\"168\">Izola<\/td>\n<td width=\"492\"><strong>11. mednarodni filmski festival Kino Otok &#8211; Isola Cinema.<\/strong> Filmski program, ure in lokacije predstav ter cene abonmajev\/vstopnic lahko najdete na uradni strani Kino Otoka: <span style=\"text-decoration: underline\"><a href=\"http:\/\/www.isolacinema.org\/\">www.isolacinema.org<\/a><\/span> .<strong><br \/>\n<\/strong><em>Organizator: Kino Otok Izola Cinema<\/em><\/td>\n<\/tr>\n<tr>\n<td width=\"84\">4.6.<\/p>\n<p>&nbsp;<\/td>\n<td width=\"168\">Mestna knji\u017enic Izola, 19:00<\/td>\n<td width=\"492\"><strong>Misti\u010dna \u0160riLanka in Indija z Jogo.<\/strong><\/p>\n<p>V Tednu vse\u017eivljenjskega u\u010denja 2015 Mestna knji\u017enica Izola in \u0160tudijski kro\u017eek Svet v dlaneh vabita na potopisno predavanje \u00bbMISTI\u010cNA \u0160RI LANKA IN INDIJA Z JOGO\u00ab. Nives Uljan in Barbara Kaplan vas bosta popeljali po \u010dudoviti de\u017eeli \u010dajevcev, okusni azijski hrani, norih javnih prevozih, po pla\u017ee, ki ti vzamejo dih in budizmu, ki te , kot njihov na\u010din \u017eivljenja, spremlja na vsakem koraku\u2026 Osvetlili bosta, kako poteka te\u010daj joge v Indiji, kako indijski jogiji delajo &#8220;krije&#8221; oziroma \u010di\u0161\u010denja telesa in duha, kako poteka \u017eivljenje pravega indijskega jogija ter \u010desa vsega sta se sami nau\u010dili in spoznali. Vstop je prost.<\/p>\n<p><em>Organizator: Mestna knji\u017enic Izola<\/em><\/td>\n<\/tr>\n<tr>\n<td width=\"84\">4.6.<\/td>\n<td width=\"168\">Verdijeva 1, Izola, 19:00, 19:30, 20:00<\/td>\n<td width=\"492\"><strong>ErosAntEros<\/strong> je umetni\u0161ko raziskovanje Davideja Sacca in Agate Tom\u0161i\u010d, ki z gledali\u0161ko formo obravnava mno\u017eico izraznih jezikov. <strong>Predstava TranScend<\/strong> \u2013 sinteti\u010dni koncert za izrazni figuri je koncert sinteti\u010dnih zvokov in svetlobe, ki se generirajo iz gibanja dveh figur s senzorji na rokah.<\/p>\n<p>Predstave trajajo 15 minut, vsako ponovitev si lahko ogleda osem obiskovalcev.\u00a0Rezervacije sprejemamo na naslovu\u00a0<a href=\"http:\/\/info@isolacinema.org\/\">info@isolacinema.org<\/a><em>.<\/em><\/p>\n<p><em>Organizator: Kino Otok, Italijanska samoupravna skupnost Izola<\/em><\/td>\n<\/tr>\n<tr>\n<td width=\"84\">5.6.<\/td>\n<td width=\"168\">Hangar bar, 16:30<\/td>\n<td width=\"492\"><strong>In memoriam bri\u0161kolada <\/strong>Vstop prost.<\/p>\n<p><em>Organizator: Hangar bar<\/em><\/td>\n<\/tr>\n<tr>\n<td width=\"84\">5.6.<\/td>\n<td width=\"168\">Hotel Delfin, 20:00 &#8211; 23:00<\/td>\n<td width=\"492\"><strong>Glasba v \u017eivo in ples. <\/strong>Vstop je prost.<\/p>\n<p><em>Organizator: Hotel Delfin<\/em><\/td>\n<\/tr>\n<tr>\n<td width=\"84\">5.6.<\/td>\n<td width=\"168\">Hangar bar, 22.00<\/td>\n<td width=\"492\"><strong>O.N.I (stari rock &#8211; Obala). <\/strong>Vstop prost.<\/p>\n<p><em>Organizator: Hangar bar<\/em><\/td>\n<\/tr>\n<tr>\n<td width=\"84\">6.6.<\/td>\n<td width=\"168\">Drevored 1. maja, 8:00- 12:00<\/td>\n<td width=\"492\"><strong>Doma\u010da tr\u017enica &#8211; Ruba sz moje njive.<\/strong><\/p>\n<p><em>Organizator: Turisti\u010dno zdru\u017eenje Izola g.i.z., KZ Agraria Koper, z.o.o., Koper<\/em><\/td>\n<\/tr>\n<tr>\n<td width=\"84\">6.6.<\/td>\n<td width=\"168\">Hotel Delfin, 20:00 &#8211; 23:00<\/td>\n<td width=\"492\"><strong>Glasba v \u017eivo in ples. <\/strong>Vstop je prost.<\/p>\n<p><em>Organizator: Hotel Delfin<\/em><\/td>\n<\/tr>\n<tr>\n<td width=\"84\">6.6.<\/td>\n<td width=\"168\">Mestna knji\u017enic Izola, 10:00<\/td>\n<td width=\"492\"><strong>Vrtec v gozdu, predstavitev. <\/strong>V Tednu vse\u017eivljenjskega u\u010denja 2015 Mestna knji\u017enica Izola in Borza znanja Izola vabita na predstavitev projekta Vrtec v gozdu.<\/p>\n<p>Vrtec v gozdu je oblika pred\u0161olske vzgoje, kjer otroci odra\u0161\u010dajo v neposrednem stiku z naravo. Otroci, ki obiskujejo vrtec v gozdu se nau\u010dijo orientacije in pre\u017eivetja v naravi, samostojnosti, dela z naravnimi materiali in ognjem. Otroci nabirajo sade\u017ee, rastline, gobe ter pomagajo pri pripravi hrane. Ker so neprestano v naravi, tudi ko de\u017euje ali sne\u017ei, so bolj umazani, a tudi bolj odporni. Projekt bosta predstavila Lu\u010dka in Peter Dufek s h\u010derkama.<\/p>\n<p>Vstop je prost.<\/p>\n<p><em>Organizator: Mestna knji\u017enic Izola<\/em><\/td>\n<\/tr>\n<tr>\n<td width=\"84\">7.6.<\/td>\n<td width=\"168\">Verdijeva 1, Izola, 11:00, 11:30, 12:00<\/td>\n<td width=\"492\"><strong>ErosAntEros<\/strong> je umetni\u0161ko raziskovanje Davideja Sacca in Agate Tom\u0161i\u010d, ki z gledali\u0161ko formo obravnava mno\u017eico izraznih jezikov. <strong>Predstava TranScend<\/strong> \u2013 sinteti\u010dni koncert za izrazni figuri je koncert sinteti\u010dnih zvokov in svetlobe, ki se generirajo iz gibanja dveh figur s senzorji na rokah.<\/p>\n<p>Predstave trajajo 15 minut, vsako ponovitev si lahko ogleda osem obiskovalcev.\u00a0Rezervacije sprejemamo na naslovu\u00a0<a href=\"http:\/\/info@isolacinema.org\/\">info@isolacinema.org<\/a><em>.<\/em><\/p>\n<p><em>Organizator: Kino Otok, Italijanska samoupravna skupnost<\/em><\/td>\n<\/tr>\n<tr>\n<td width=\"84\">8.6.<\/td>\n<td width=\"168\">Manziolijev trg, 20:30<\/td>\n<td width=\"492\"><strong>CORDE S&#8217;CIOPADE &amp; PRIMO TAIO. <\/strong>Koncert skupine kitar in vokalne skupine Skupnosti italijanov Pasquale Besenghi degli Ughi pod mentorstvom Enza Hrovatina.<\/p>\n<p><em>Organizator: Italijanska skupnost Pasquale Besenghi degli Ughi<\/em><\/td>\n<\/tr>\n<tr>\n<td width=\"84\">8.6.<\/td>\n<td width=\"168\">Mestna knji\u017enica Izola, 10:00 &#8211; 14:00<\/td>\n<td width=\"492\"><strong>Izpolni svoj Europass \u017eivljenjepis.<\/strong><\/p>\n<p>V Tednu vse\u017eivljenjskega u\u010denja 2015 Mestna knji\u017enica Izola vabi v Sredi\u0161\u010de za samostojno u\u010denje na delavnico \u00bbIzpolni svoj Europass \u017eivljenjepis\u00ab. Izobra\u017eevanje je brezpla\u010dno.<\/p>\n<p><em>Organizator: Mestna knji\u017enic Izola<\/em><\/td>\n<\/tr>\n<tr>\n<td width=\"84\">9.6.<\/td>\n<td width=\"168\">Manziolijeva pala\u010da, 19:00<\/td>\n<td width=\"492\"><strong>Otvortitev razstave: <\/strong><strong>Ne combiniamo di tutti i colori <\/strong>otvoritev razstave risb &#8220;Ne combiniamo di tutti i colori&#8221; otrok iz vrtca L&#8217;aquilone in u\u010dencev O\u0160 Dante Alighieri. \u00a0 Sledi na dvori\u0161\u010du O\u0160 Dante Alighieri predstava ob zaklju\u010dku \u0161olskega leta.<\/p>\n<p><em>Organizator: Osnovna \u0161ola Dante Alighieri, Italijanska samoupravna skupnost Izola<\/em><\/td>\n<\/tr>\n<tr>\n<td width=\"84\">9.6.<\/td>\n<td width=\"168\">Kulturni dom Izola, 17:00 in 19:00<\/td>\n<td width=\"492\"><strong>PLESNI STUDIO PETRA\u00a0\/ Plesna predstava<\/strong><\/p>\n<p>Nastopili bodo mladi plesalci, stari od 3 do 13 let. Koreografije in kostumi:<strong>\u00a0<\/strong><strong>Petra Bremec <\/strong><\/p>\n<p><strong>VSTOPNINA:<\/strong><strong>\u00a0<\/strong><strong>5 EUR<\/strong><\/p>\n<p><em>Organizator: PSP, CK\u0160P Izola <\/em><\/td>\n<\/tr>\n<tr>\n<td width=\"84\">10.6.<\/td>\n<td width=\"168\">Hangar bar, 22.00<\/td>\n<td width=\"492\"><strong>Jazz ve\u010der in predstavitev gostujo\u010dega piva iz Hoppiness Beershopa <\/strong>Vstop prost.<\/p>\n<p><em>Organizator: Hangar bar<\/em><\/td>\n<\/tr>\n<tr>\n<td width=\"84\">10.6.<\/td>\n<td width=\"168\">Mestna knji\u017enica Izola, 19:00<\/td>\n<td width=\"492\"><strong><em>TVU 2015:pripeljimo svoje misli v ta trenutek, junijsko sre\u010danje \u0160K \u00bbKako \u017eivim ta trenutek\u00ab <\/em><\/strong><\/p>\n<p>V Tednu vse\u017eivljenjskega u\u010denja 2015 Mestna knji\u017enica Izola in vabi na junijsko sre\u010danje \u0160tudijskega kro\u017eka Kako \u017eivim ta trenutek.<\/p>\n<p>Na\u0161e misli so ve\u010dino \u010dasa v prihodnosti ali preteklosti. Zato se tudi po\u010dutimo ujeti in smo brez energije. Da se v polnosti ob\u010dutimo, moramo pripeljati svoje misli v ta trenutek, tukaj in zdaj ter za\u010dutiti sebe, svoje telo in svoje ob\u010dutke ter \u010dustva. Sre\u010danje bo vodil Jo\u0161ko Cesar.<\/p>\n<p><em>Organizator: Mestna knji\u017enic Izola<\/em><\/td>\n<\/tr>\n<tr>\n<td width=\"84\">11.6.<\/td>\n<td width=\"168\">Galerija Alga, 19:30<\/td>\n<td width=\"492\"><strong>Javna umetnost III: Otvoritev razstave LIKa <\/strong><\/p>\n<p><em>Organizator: Galerija Alga, CK\u0160P Izola<\/em><\/td>\n<\/tr>\n<tr>\n<td width=\"84\">12.6.<\/td>\n<td width=\"168\">Manziolijeva pala\u010da, 19:00<\/td>\n<td width=\"492\"><strong>ZGODOVINA IN GLASBA<\/strong> Enzo Hrovatin z bandom in Silvano Sau bodo predstavili deset priredb, ki so zaznamovale razli\u010dna obdobja 20.stoletja.<\/p>\n<p><em>Organizator: <\/em><em>Italijanska skupnost Pasquale Besenghi degli Ughi<\/em><\/td>\n<\/tr>\n<tr>\n<td width=\"84\">12.6. &#8211; 13.6.<\/td>\n<td width=\"168\">Staro mestno jedro<\/td>\n<td width=\"492\"><strong>13. PRAZNIK OLJK, VINA IN RIB<\/strong>\u00a0<em>\/ Tradicionalni praznik, Tradicionalna etnolo\u0161ka prireditev v starem <\/em>mestnem jedru pod pokroviteljstvom Ob\u010dine Izola.<\/p>\n<p>Na izolskih ulicah vas bodo, kot vsako leto, pozdravili lokalni pridelovalci olj\u010dnega olja in doma\u010dih vrst vin ter ponudniki drugi kulinari\u010dnih posebnosti Slovenske Istre, predvsem morskih jedi.<br \/>\nPoskrbljeno bo tudi za pestro glasbeno spremljavo.<\/p>\n<p>V primeru slabega vremena se bo Praznik oljk, vina in rib odvijal v petek, 19., in v soboto, 20. junija.<\/p>\n<p>Vstopnine ni!<\/p>\n<p><em>Organizator: Center za kulturo, \u0161port in prireditve Izola<\/em><\/td>\n<\/tr>\n<tr>\n<td width=\"84\">12.6.<\/td>\n<td width=\"168\">Hotel Delfin, 20:00 &#8211; 23:00<\/td>\n<td width=\"492\"><strong>Glasba v \u017eivo in ples. <\/strong>Vstop je prost.<\/p>\n<p><em>Organizator: Hotel Delfin<\/em><\/td>\n<\/tr>\n<tr>\n<td width=\"84\">13.6.<\/td>\n<td width=\"168\">Drevored 1.maja, 8:00- 12:00<\/td>\n<td width=\"492\"><strong>Doma<\/strong><strong>\u010d<\/strong><strong>a tr\u017enica &#8211; Ruba sz moje njive.<\/strong><\/p>\n<p><em>Organizator: Turisti<\/em><em>\u010d<\/em><em>no zdru\u017eenje Izola g.i<\/em><em>.z., KZ Agraria Koper, z.o.o., Koper<\/em><\/td>\n<\/tr>\n<tr>\n<td width=\"84\">13.6.<\/td>\n<td width=\"168\">Park Pietro Coppo, 8:00 &#8211; 17:00<\/td>\n<td width=\"492\"><strong>Sejem starin<\/strong><\/p>\n<p><em>Organizator: Insula Antiqua<\/em><\/td>\n<\/tr>\n<tr>\n<td width=\"84\">13.6.<\/td>\n<td width=\"168\">Hangar bar, 22.00<\/td>\n<td width=\"492\"><strong>M.O.R.T. + predstavitev in promocija piva Cannabis beer<\/strong> Vstop prost.<\/p>\n<p><em>Organizator: Hangar bar<\/em><\/td>\n<\/tr>\n<tr>\n<td width=\"84\">13.6.<\/td>\n<td width=\"168\">Hotel Delfin, 20:00 &#8211; 23:00<\/td>\n<td width=\"492\"><strong>Glasba v \u017eivo in ples. <\/strong>Vstop je prost.<\/p>\n<p><em>Organizator: Hotel Delfin<\/em><\/td>\n<\/tr>\n<tr>\n<td width=\"84\">14.6.<\/td>\n<td width=\"168\">Manziolijeva pala\u010da, 18:00<\/td>\n<td width=\"492\"><strong>Gledali\u0161ka predstava skupine <\/strong><strong>I Commedianti di Ugo Amodeo di Trieste<\/strong><strong> v tr\u017ea\u0161kem dialektu (3 deli): <\/strong><\/p>\n<p>FILEMONE E BAUCI, monologo di Tino de Gavardo<\/p>\n<p>PARTIR\u00c0, LA NAVE PARTIR\u00c0, atto unico di Lucy Trisciuzzi<\/p>\n<p>SCENETTE FARSESCHE in prosa e poesia di autori vari.<\/p>\n<p><em>Organizator: Italijanska skupnost Dante Alighieri Izola<\/em><\/td>\n<\/tr>\n<tr>\n<td width=\"84\">16.6.<\/td>\n<td width=\"168\">Kulturni dom, 18:00<\/td>\n<td width=\"492\"><strong>MALI STRAH BAV BAV<\/strong><strong>\u00a0<\/strong><strong>\/ Gledali\u0161ka predstava <\/strong><\/p>\n<p><strong>Predstava Gledali\u0161<\/strong><strong>\u010d<\/strong><strong>a STEPS Izola v re\u017eiji Zvonke Radojevi<\/strong><strong>\u010d<\/strong><strong> Mali strah Bav Bav mora vsak dan v \u0161olo, kjer se pri strahovadbi u<\/strong><strong>\u010d<\/strong><strong>i stra\u0161iti ljudi. Neuspe\u0161no. Preve<\/strong><strong>\u010d<\/strong><strong> se jih boji. Ja, prav ste prebrali: strahec se boji ljudi!<\/strong><strong> In nekega dne pridejo ljudje prav v njegovo hi\u0161o. Z gusarjem na <\/strong><strong>\u010d<\/strong><strong>elu!<\/strong><strong> Bo mali strahec premagal veliki strah in re\u0161il Magdalenko? Vstopnine ni!<\/strong><\/p>\n<p><strong><em>Organizator: STEPS, JSKD OI Izola, CK\u0160P Izola<\/em><\/strong><\/td>\n<\/tr>\n<tr>\n<td width=\"84\">17.6.<\/td>\n<td width=\"168\">Kulturni dom, 19:00<\/td>\n<td width=\"492\"><strong>LAINARIJA 2015<\/strong><strong>\u00a0<\/strong><strong>\/ Plesna predstava<\/strong><\/p>\n<p><strong>Letna produkcija\u00a0Plesnega studia L A I Vstopnice bodo na voljo uro pred prireditvijo pri blagajni Kulturnega doma Izola. VSTOPNINA:\u00a05<\/strong><\/p>\n<p><strong><em>Organizator: PS L A I, CK\u0160P Izola, JSKD OI Izola<\/em><\/strong><\/td>\n<\/tr>\n<tr>\n<td width=\"84\">18.6.<\/td>\n<td width=\"168\">Ribi\u0161ka Kantina Ribica, 18.00<\/td>\n<td width=\"492\"><strong>Dobrodelna dra\u017eba Izolski umetniki za otroke. <\/strong>Umetni\u0161ka dela za dra\u017ebo je prispevalo 24 umetnikov. Prireditev bo vodil Darjan Gorela.<\/p>\n<p><em>Organizator: Dru\u0161tvo prijateljev mladine Izola<\/em><\/td>\n<\/tr>\n<tr>\n<td width=\"84\">18.6.<\/td>\n<td width=\"168\">Hangar bar, 22.00<\/td>\n<td width=\"492\"><strong>Jam Session<\/strong> Vstop prost.<\/p>\n<p><em>Organizator: Hangar bar<\/em><\/td>\n<\/tr>\n<tr>\n<td width=\"84\">19.6.<\/td>\n<td width=\"168\">Hangar bar, 22.00<\/td>\n<td width=\"492\"><strong>Adna (indie rock &#8211; Berlin)<\/strong> Vstop prost.<\/p>\n<p><em>Organizator: Hangar bar<\/em><\/td>\n<\/tr>\n<tr>\n<td width=\"84\">19.6.<\/td>\n<td width=\"168\">Hotel Delfin, 20:00 &#8211; 23:00<\/td>\n<td width=\"492\"><strong>Glasba v \u017eivo in ples. <\/strong>Vstop je prost.<\/p>\n<p><em>Organizator: Hotel Delfin<\/em><\/td>\n<\/tr>\n<tr>\n<td width=\"84\">19.6.<\/td>\n<td width=\"168\">Kulturni dom Izola, 20:00<\/td>\n<td width=\"492\"><strong>BALERIMA\u00a0\/ Plesna predstava<\/strong> <strong>Letna produkcija\u00a0KUD Balerima. Vstopnice so na voljo pri KUD Balerima. VSTOPNINA:\u00a05 EUR\u00a0\u00a0\u00a0\u00a0\u00a0\u00a0\u00a0\u00a0\u00a0\u00a0\u00a0\u00a0\u00a0\u00a0\u00a0\u00a0\u00a0\u00a0\u00a0\u00a0\u00a0\u00a0\u00a0\u00a0\u00a0\u00a0\u00a0\u00a0\u00a0\u00a0\u00a0\u00a0\u00a0\u00a0\u00a0\u00a0\u00a0\u00a0\u00a0\u00a0\u00a0\u00a0\u00a0\u00a0\u00a0\u00a0\u00a0\u00a0\u00a0\u00a0\u00a0\u00a0\u00a0\u00a0\u00a0\u00a0\u00a0\u00a0\u00a0\u00a0\u00a0\u00a0\u00a0\u00a0\u00a0\u00a0\u00a0\u00a0\u00a0\u00a0\u00a0\u00a0\u00a0\u00a0\u00a0\u00a0\u00a0\u00a0\u00a0\u00a0\u00a0\u00a0\u00a0\u00a0\u00a0\u00a0 \u00a0 \u00a0 \u00a0\u00a0\u00a0\u00a0\u00a0\u00a0\u00a0\u00a0\u00a0\u00a0\u00a0<em>Organizator: KUD Balerima, CK\u0160P Izola<\/em><\/strong><\/td>\n<\/tr>\n<tr>\n<td width=\"84\">19.6.<\/td>\n<td width=\"168\">Manziolijeva pala\u010da, 19:00<\/td>\n<td width=\"492\"><strong>Predstavitev bro\u0161ure \u00bbFranco Stener \u2013 Amsterdam 1928, da Isola d&#8217;Istria la prima medaglia d&#8217;oro olimpionica per lo sport istriano\u00ab <\/strong>zalo\u017enik \u00bbIl Mandracchio\u00ab, Izola 2015. Silvano Sau bo predstavil avtorja.<\/p>\n<p><em>Organizator: Italijanska samoupravna skupnost Izola<\/em><\/td>\n<\/tr>\n<tr>\n<td width=\"84\">20.6.<\/td>\n<td width=\"168\">Drevored 1.maja, 8:00- 12:00<\/td>\n<td width=\"492\"><strong>Doma\u010da tr\u017enica &#8211; Ruba sz moje njive.<\/strong><\/p>\n<p><em>Organizator: Turisti<\/em><em>\u010d<\/em><em>no zdru\u017eenje Izola g.i<\/em><em>.z., KZ Agraria Koper, z.o.o., Koper<\/em><\/td>\n<\/tr>\n<tr>\n<td width=\"84\">20.6.<\/td>\n<td width=\"168\">Ve\u010dina galerijskih prostorov in umetni\u0161kih ateljejev v Izoli, 20:00<\/td>\n<td width=\"492\"><strong>Odprtje skupinske razstave <\/strong><strong>IZ(S)OLA VIZ(S)UAL(E) <\/strong>V okviru POLETNE MUZEJSKE NO\u010cI \u2013 Odprtje skupinske razstave IZ(S)OLA VIZ(S)UAL(E) A.D. 20 15. KD Mo\u0161ki pevski zbor Izola bo glasbeno povezoval prireditev. Pri projektu bo sodelovala ve\u010dina galerijskih prostorov in umetni\u0161kih ateljejev v Izoli.<\/p>\n<p><em>Organizator: Italijanska samoupravna skupnost Izola, Galerija Insula, Galerija Salsaverde, Dru\u0161tvo Izolanov<\/em><\/td>\n<\/tr>\n<tr>\n<td width=\"84\">20.6.<\/td>\n<td width=\"168\">Hangar bar, 22.00<\/td>\n<td width=\"492\"><strong>Vvhile (punk, noise, pop &#8211; Beograd)<\/strong> Vstop prost.<\/p>\n<p><em>Organizator: Hangar bar<\/em><\/td>\n<\/tr>\n<tr>\n<td width=\"84\">20.6.<\/td>\n<td width=\"168\">Kulturni dom Izola, 20:00<\/td>\n<td width=\"492\"><strong>BALERIMA\u00a0\/ Plesna predstava<\/strong> <strong>Letna produkcija\u00a0KUD Balerima. Vstopnice so na voljo pri KUD Balerima. VSTOPNINA:\u00a05 EUR\u00a0\u00a0\u00a0\u00a0\u00a0\u00a0\u00a0\u00a0\u00a0\u00a0\u00a0\u00a0\u00a0\u00a0\u00a0\u00a0\u00a0\u00a0\u00a0\u00a0\u00a0\u00a0\u00a0\u00a0\u00a0\u00a0\u00a0\u00a0\u00a0\u00a0\u00a0\u00a0\u00a0\u00a0\u00a0\u00a0\u00a0\u00a0\u00a0\u00a0\u00a0\u00a0\u00a0\u00a0\u00a0\u00a0\u00a0\u00a0\u00a0\u00a0\u00a0\u00a0\u00a0\u00a0\u00a0\u00a0\u00a0\u00a0\u00a0\u00a0 \u00a0 \u00a0 \u00a0\u00a0\u00a0\u00a0\u00a0\u00a0\u00a0\u00a0\u00a0\u00a0\u00a0\u00a0\u00a0\u00a0\u00a0\u00a0\u00a0\u00a0\u00a0\u00a0\u00a0\u00a0\u00a0\u00a0\u00a0\u00a0\u00a0\u00a0\u00a0\u00a0\u00a0<em>Organizator: KUD Balerima, CK\u0160P Izola<\/em><\/strong><\/td>\n<\/tr>\n<tr>\n<td width=\"84\">20.6.<\/td>\n<td width=\"168\">Pred Zadru\u017enim domov Korte, 20:00<\/td>\n<td width=\"492\"><strong>PRAZNIK SOLSTICIJA\u00a0\/ Praznik<\/strong> <strong>Pohod z baklami in kres ob 22.00 ter zabava s plesom. Vstopnine ni!\u00a0\u00a0\u00a0\u00a0\u00a0\u00a0\u00a0\u00a0\u00a0\u00a0\u00a0\u00a0\u00a0\u00a0 <\/strong><em>Organizator: KS Korte<\/em><\/td>\n<\/tr>\n<tr>\n<td width=\"84\">20.6.<\/td>\n<td width=\"168\">Hotel Delfin, 20:00 &#8211; 23:00<\/td>\n<td width=\"492\"><strong>Glasba v \u017eivo in ples. <\/strong>Vstop je prost.<\/p>\n<p><em>Organizator: Hotel Delfin<\/em><\/td>\n<\/tr>\n<tr>\n<td width=\"84\">21.6.<\/td>\n<td width=\"168\">Park Arrigoni, 21:30<\/td>\n<td width=\"492\"><strong>IZTOK MLAKAR: SLJEHERNIK<\/strong><strong>\u00a0<\/strong><strong>\/ Gledali\u0161ka predstava<\/strong><\/p>\n<p>Burka\u0161ka moraliteta, Re\u017eija :\u00a0Vito Taufer<br \/>\nIgrajo\u00a0: Iztok Mlakar, Marjuta Slami\u010d, Rok Matek\u2026.<\/p>\n<p>V \u017eivljenju ni ni\u010d gotovega razen smrti in davkov. To zelo dobro ve tudi Mlakarjev slehernik, novodobni slovenski bogata\u0161, katerega du\u0161a u\u017eiva v blagostanju, dokler na vrata ne potrka brezsr\u010dna izterjevalka, pred katero ni mo\u010d ube\u017eati.<\/p>\n<p>Predstava v okviru\u00a0Primorskega poletnega festivala<\/p>\n<p>V primeru slabega vremena bo predstava v Kulturnem domu Izola.<\/p>\n<p>Predprodaja vstopnic tudi v Gledali\u0161\u010du Koper.<\/p>\n<p>VSTOPNINA:\u00a015 EUR, \u0161tudentje in upokojenci 12 EUR<\/p>\n<p><strong><em>Organizator: Gledali\u0161<\/em><\/strong><strong><em>\u010d<\/em><\/strong><strong><em>e Koper\u00a0in\u00a0SNG Nova Gorica<\/em><\/strong><\/td>\n<\/tr>\n<tr>\n<td width=\"84\">22.6.<\/td>\n<td width=\"168\">Manziolijeva pala\u010da, 18:00<\/td>\n<td width=\"492\"><strong>Koncert udele\u017eencev te<\/strong><strong>\u010d<\/strong><strong>aja violine.<\/strong><\/p>\n<p><em>Organizator: CAN Izola<\/em><\/td>\n<\/tr>\n<tr>\n<td width=\"84\">24.6.<\/td>\n<td width=\"168\">Hangar bar, 22:00<\/td>\n<td width=\"492\"><strong>Jazz ve<\/strong><strong>\u010d<\/strong><strong>er in predstavitev gostujo<\/strong><strong>\u010d<\/strong><strong>ega piva iz Hoppiness Beershopa<\/strong> Vstop prost.<\/p>\n<p><em>Organizator: Hangar bar<\/em><\/td>\n<\/tr>\n<tr>\n<td width=\"84\">26.6.<\/td>\n<td width=\"168\">Manziolijev trg, 20:00<\/td>\n<td width=\"492\"><strong>140 LET PIHALNEGA ORKESTRA IZOLA\u00a0<\/strong><strong>\/ Koncert <\/strong><strong>Gost slavnostnega koncerta ob visokem jubileju doma<\/strong><strong>\u010d<\/strong><strong>ega pihalnega orkestra bo Rudi Bu<\/strong><strong>\u010d<\/strong><strong>ar. Vstopnine ni!<\/strong>\u00a0\u00a0\u00a0\u00a0\u00a0\u00a0\u00a0\u00a0\u00a0\u00a0\u00a0\u00a0\u00a0\u00a0\u00a0\u00a0\u00a0\u00a0\u00a0\u00a0\u00a0\u00a0\u00a0\u00a0\u00a0\u00a0\u00a0\u00a0\u00a0\u00a0\u00a0\u00a0\u00a0\u00a0\u00a0\u00a0\u00a0\u00a0\u00a0\u00a0\u00a0\u00a0\u00a0\u00a0\u00a0\u00a0\u00a0\u00a0\u00a0\u00a0 \u00a0 \u00a0 <strong><em>Organizator: Pihalni orkester Izola, JSKD OI Izola<\/em><\/strong><\/td>\n<\/tr>\n<tr>\n<td width=\"84\">26.6.<\/td>\n<td width=\"168\">Hotel Delfin, 20:00 &#8211; 23:00<\/td>\n<td width=\"492\"><strong>Glasba v \u017eivo in ples. <\/strong>Vstop je prost.<\/p>\n<p><em>Organizator: Hotel Delfin<\/em><\/td>\n<\/tr>\n<tr>\n<td width=\"84\">27.6.<\/td>\n<td width=\"168\">Drevored 1.maja, 8:00- 12:00<\/td>\n<td width=\"492\"><strong>Doma\u010da tr\u017enica &#8211; Ruba sz moje njive.<\/strong><\/p>\n<p><em>Organizator: Turisti<\/em><em>\u010d<\/em><em>no zdru\u017eenje Izola g.i<\/em><em>.z., KZ Agraria Koper, z.o.o., Koper<\/em><\/td>\n<\/tr>\n<tr>\n<td width=\"84\">27.6.<\/td>\n<td width=\"168\">Hangar bar, 22.00<\/td>\n<td width=\"492\"><strong>Eskobars (indie rock &#8211; Obala)<\/strong> Vstop prost.<\/p>\n<p><em>Organizator: Hangar bar<\/em><\/td>\n<\/tr>\n<tr>\n<td width=\"84\">27.6.<\/td>\n<td width=\"168\">Hotel Delfin, 20:00 &#8211; 23:00<\/td>\n<td width=\"492\"><strong>Glasba v \u017eivo in ples. <\/strong>Vstop je prost.<\/p>\n<p><em>Organizator: Hotel Delfin<\/em><\/td>\n<\/tr>\n<tr>\n<td width=\"84\">27.6.<\/td>\n<td width=\"168\">Cerkev Marije Alietske Izola, 20:00<\/td>\n<td width=\"492\"><strong>Koncert ob 40.obletnici delovanja me\u0161anega pevskega zbora Haliaetum SI Pasquale Besenghi degli Ughi<\/strong><em>.<\/em><\/p>\n<p><em>Organizator: <\/em><em>Italijanska skupnost Pasquale Besenghi degli Ughi<\/em><\/td>\n<\/tr>\n<tr>\n<td width=\"84\">&nbsp;<\/p>\n<p>28.6.- 3.7.<\/td>\n<td width=\"168\">&nbsp;<\/p>\n<p>Izola<\/td>\n<td width=\"492\"><strong>\u00a0<\/strong><\/p>\n<p><strong>INSULA OPEN AIR &#8211; UVERTURA V POLETJE IN POZDRAV \u0160OLI \/\/ 28.6. &#8211; 3.7.2015 @ Izola &#8211; Isola<br \/>\nARRIGONI \/ SKATEPARK \/ FUTSAL TURNIR \/ GRAFITTI SESSiON<br \/>\n<\/strong>Insula open air je izolski festival, ki obsega zabavo, kulturno ter \u0161portno udejstvovanje, za vse generacije, predvsem pa ponuja enkratno do\u017eivetje za mlade v lokalnem obmo\u010dju.<br \/>\nFestival obsega ve\u010d dogodkov, ki se bodo zvrstili skozi cel teden. Organizirali bomo futsal turnir, skate kontest, grafitiranje na odprtem ter koncert v Arrigoniju. Poleg tega se bo zvrstilo \u0161e nekaj kulturnih dogodkov.<strong><br \/>\nPROGRAM;<br \/>\n28. Junij:<br \/>\n<\/strong>Futsal turnir na igri\u0161\u010du O\u0160 vojke \u0160muc v Izoli z manjado<br \/>\nin birrerjado<br \/>\n<strong>3. Julij:<\/strong><strong><br \/>\n<\/strong>Skate kontest in grafitti session<strong><br \/>\n<\/strong><strong>3. Juilj &#8211; Zaklju<\/strong><strong>\u010d<\/strong><strong>ek:<\/strong><strong><br \/>\n<\/strong>Koncert s skupino S.A.R.S. in mnogo drugimi v Arrigoniju ter afterparty<\/p>\n<p><em>Organizator: KI\u0160D (Klub izolskih dijakov in \u0161tudentov)<\/em><\/td>\n<\/tr>\n<\/tbody>\n<\/table>\n","protected":false},"excerpt":{"rendered":"<p>DATUM KRAJ, URA PRIREDITEV 3.6. Telovadnica O\u0160 Livade, Kra\u0161ka dvorana, 10:00 &#8211; 16:00 Festival \u0161tudentskega&#8230;<\/p>\n","protected":false},"author":4,"featured_media":618,"comment_status":"open","ping_status":"closed","sticky":false,"template":"","format":"standard","meta":{"footnotes":""},"categories":[24,8],"tags":[],"class_list":["post-1420","post","type-post","status-publish","format-standard","has-post-thumbnail","hentry","category-obala","category-prirditve"],"featured_image_urls":{"full":["https:\/\/areafilm.si\/wordpress\/wp-content\/uploads\/2014\/09\/prireditve_izola01.jpg",750,500,false],"thumbnail":["https:\/\/areafilm.si\/wordpress\/wp-content\/uploads\/2014\/09\/prireditve_izola01-500x280.jpg",500,280,true],"medium":["https:\/\/areafilm.si\/wordpress\/wp-content\/uploads\/2014\/09\/prireditve_izola01-600x365.jpg",600,365,true],"medium_large":["https:\/\/areafilm.si\/wordpress\/wp-content\/uploads\/2014\/09\/prireditve_izola01.jpg",640,427,false],"large":["https:\/\/areafilm.si\/wordpress\/wp-content\/uploads\/2014\/09\/prireditve_izola01-750x480.jpg",640,410,true],"1536x1536":["https:\/\/areafilm.si\/wordpress\/wp-content\/uploads\/2014\/09\/prireditve_izola01.jpg",750,500,false],"2048x2048":["https:\/\/areafilm.si\/wordpress\/wp-content\/uploads\/2014\/09\/prireditve_izola01.jpg",750,500,false],"covernews-featured":["https:\/\/areafilm.si\/wordpress\/wp-content\/uploads\/2014\/09\/prireditve_izola01.jpg",750,500,false],"covernews-medium":["https:\/\/areafilm.si\/wordpress\/wp-content\/uploads\/2014\/09\/prireditve_izola01.jpg",510,340,false],"woocommerce_thumbnail":["https:\/\/areafilm.si\/wordpress\/wp-content\/uploads\/2014\/09\/prireditve_izola01-300x300.jpg",300,300,true],"woocommerce_single":["https:\/\/areafilm.si\/wordpress\/wp-content\/uploads\/2014\/09\/prireditve_izola01-600x400.jpg",600,400,true],"woocommerce_gallery_thumbnail":["https:\/\/areafilm.si\/wordpress\/wp-content\/uploads\/2014\/09\/prireditve_izola01-100x100.jpg",100,100,true]},"author_info":{"info":["Uredni\u0161tvo Primorski Utrip"]},"category_info":"<a href=\"https:\/\/areafilm.si\/wordpress\/category\/obala\/\" rel=\"category tag\">Obala<\/a> <a href=\"https:\/\/areafilm.si\/wordpress\/category\/prirditve\/\" rel=\"category tag\">Prireditve<\/a>","tag_info":"Prireditve","comment_count":"0","_links":{"self":[{"href":"https:\/\/areafilm.si\/wordpress\/wp-json\/wp\/v2\/posts\/1420","targetHints":{"allow":["GET"]}}],"collection":[{"href":"https:\/\/areafilm.si\/wordpress\/wp-json\/wp\/v2\/posts"}],"about":[{"href":"https:\/\/areafilm.si\/wordpress\/wp-json\/wp\/v2\/types\/post"}],"author":[{"embeddable":true,"href":"https:\/\/areafilm.si\/wordpress\/wp-json\/wp\/v2\/users\/4"}],"replies":[{"embeddable":true,"href":"https:\/\/areafilm.si\/wordpress\/wp-json\/wp\/v2\/comments?post=1420"}],"version-history":[{"count":2,"href":"https:\/\/areafilm.si\/wordpress\/wp-json\/wp\/v2\/posts\/1420\/revisions"}],"predecessor-version":[{"id":1422,"href":"https:\/\/areafilm.si\/wordpress\/wp-json\/wp\/v2\/posts\/1420\/revisions\/1422"}],"wp:featuredmedia":[{"embeddable":true,"href":"https:\/\/areafilm.si\/wordpress\/wp-json\/wp\/v2\/media\/618"}],"wp:attachment":[{"href":"https:\/\/areafilm.si\/wordpress\/wp-json\/wp\/v2\/media?parent=1420"}],"wp:term":[{"taxonomy":"category","embeddable":true,"href":"https:\/\/areafilm.si\/wordpress\/wp-json\/wp\/v2\/categories?post=1420"},{"taxonomy":"post_tag","embeddable":true,"href":"https:\/\/areafilm.si\/wordpress\/wp-json\/wp\/v2\/tags?post=1420"}],"curies":[{"name":"wp","href":"https:\/\/api.w.org\/{rel}","templated":true}]}}