{"id":1423,"date":"2015-06-02T10:56:53","date_gmt":"2015-06-02T08:56:53","guid":{"rendered":"http:\/\/slo5.net\/wordpress\/?p=1423"},"modified":"2015-06-02T10:56:53","modified_gmt":"2015-06-02T08:56:53","slug":"s-kolesom-od-zadaj-trcil-v-avto","status":"publish","type":"post","link":"https:\/\/areafilm.si\/wordpress\/s-kolesom-od-zadaj-trcil-v-avto\/","title":{"rendered":"S kolesom od zadaj tr\u010dil v avto"},"content":{"rendered":"<p>KRONIKA &#8211; V ponedeljek okrog 14.10 je 32-letni voznik osebnega avtomobila iz okolice Komna vozil v Se\u017eani po Partizanski cesti proti Danam. Pred kri\u017ei\u0161\u010dem se je z vozilom zaustavil zaradi rde\u010de lu\u010di na semaforju. Takoj zatem, ko je kolona zapeljala naprej, je zavil desno, in sicer da bo vozilo parkiral na parkirni prostor. V tistem trenutku je od zadaj po desni strani mimo kolone pripeljal kolesar, 38-letni doma\u010din, in tr\u010dil s kolesom v osebni avto. Kolesar je padel in si po\u0161kodoval ramo, odpeljali so ga v bolni\u0161nico.<\/p>\n<p>V ponedeljek dopoldne so policisti na Pobe\u0161ki cesti Koper &#8211; Bertoki ustavili 63-letnega voznika osebnega avtomobila iz okolice Kopra, ki ne poseduje vozni\u0161kega dovoljenja. Vozilo so mu zasegli, sledi mu obdol\u017eilni predlog.<\/p>\n<p>Popoldne je v vasi pri Ilirski Bistrici vinjen mo\u0161ki kri\u010dal na doma\u010de. Ker se je pripeljal s traktorjem, so mu policisti odredili preizkus alkoholiziranosti, kar je odlo\u010dno odklonil. Odredili so mu pridr\u017eanje, sledi mu pla\u010dilni nalog zaradi kr\u0161itev javnega reda in miru, zaradi vo\u017enje pod vplivom alkohola pa obdol\u017eilni predlog.<\/p>\n<p>Postojnski policisti so obravnavali nasilje v dru\u017eini. Mo\u0161kemu, ki je \u017ee ve\u010d let nasilen do \u017eenske, so izrekli prepoved pribli\u017eevanja. Sledi mu kazenska ovadba.<\/p>\n<p>Ob 2.44 so policisti v Portoro\u017eu ustavili 30-letnega voznika osebnega avtomobila iz Ljubljane. Opravljen preizkus alkoholiziranosti mu je pokazal 0,43 mg\/l. Voznik nima veljavnega vozni\u0161kega dovoljenja, ker ima veljaven ukrep prenehanje veljavnosti vozni\u0161kega dovoljenja. Sledi mu obdol\u017eilni predlog.<\/p>\n","protected":false},"excerpt":{"rendered":"<p>KRONIKA &#8211; V ponedeljek okrog 14.10 je 32-letni voznik osebnega avtomobila iz okolice Komna vozil&#8230;<\/p>\n","protected":false},"author":4,"featured_media":490,"comment_status":"open","ping_status":"closed","sticky":false,"template":"","format":"standard","meta":{"footnotes":""},"categories":[7],"tags":[],"class_list":["post-1423","post","type-post","status-publish","format-standard","has-post-thumbnail","hentry","category-kronika"],"featured_image_urls":{"full":["https:\/\/areafilm.si\/wordpress\/wp-content\/uploads\/2014\/09\/Resevalno_vozilo1.jpg",1600,1200,false],"thumbnail":["https:\/\/areafilm.si\/wordpress\/wp-content\/uploads\/2014\/09\/Resevalno_vozilo1-500x280.jpg",500,280,true],"medium":["https:\/\/areafilm.si\/wordpress\/wp-content\/uploads\/2014\/09\/Resevalno_vozilo1-600x365.jpg",600,365,true],"medium_large":["https:\/\/areafilm.si\/wordpress\/wp-content\/uploads\/2014\/09\/Resevalno_vozilo1-768x576.jpg",640,480,true],"large":["https:\/\/areafilm.si\/wordpress\/wp-content\/uploads\/2014\/09\/Resevalno_vozilo1-840x480.jpg",640,366,true],"1536x1536":["https:\/\/areafilm.si\/wordpress\/wp-content\/uploads\/2014\/09\/Resevalno_vozilo1.jpg",1536,1152,false],"2048x2048":["https:\/\/areafilm.si\/wordpress\/wp-content\/uploads\/2014\/09\/Resevalno_vozilo1.jpg",1600,1200,false],"covernews-featured":["https:\/\/areafilm.si\/wordpress\/wp-content\/uploads\/2014\/09\/Resevalno_vozilo1.jpg",1024,768,false],"covernews-medium":["https:\/\/areafilm.si\/wordpress\/wp-content\/uploads\/2014\/09\/Resevalno_vozilo1.jpg",453,340,false],"woocommerce_thumbnail":["https:\/\/areafilm.si\/wordpress\/wp-content\/uploads\/2014\/09\/Resevalno_vozilo1-300x300.jpg",300,300,true],"woocommerce_single":["https:\/\/areafilm.si\/wordpress\/wp-content\/uploads\/2014\/09\/Resevalno_vozilo1-600x450.jpg",600,450,true],"woocommerce_gallery_thumbnail":["https:\/\/areafilm.si\/wordpress\/wp-content\/uploads\/2014\/09\/Resevalno_vozilo1-100x100.jpg",100,100,true]},"author_info":{"info":["Uredni\u0161tvo Primorski Utrip"]},"category_info":"<a href=\"https:\/\/areafilm.si\/wordpress\/category\/kronika\/\" rel=\"category tag\">Kronika<\/a>","tag_info":"Kronika","comment_count":"0","_links":{"self":[{"href":"https:\/\/areafilm.si\/wordpress\/wp-json\/wp\/v2\/posts\/1423","targetHints":{"allow":["GET"]}}],"collection":[{"href":"https:\/\/areafilm.si\/wordpress\/wp-json\/wp\/v2\/posts"}],"about":[{"href":"https:\/\/areafilm.si\/wordpress\/wp-json\/wp\/v2\/types\/post"}],"author":[{"embeddable":true,"href":"https:\/\/areafilm.si\/wordpress\/wp-json\/wp\/v2\/users\/4"}],"replies":[{"embeddable":true,"href":"https:\/\/areafilm.si\/wordpress\/wp-json\/wp\/v2\/comments?post=1423"}],"version-history":[{"count":2,"href":"https:\/\/areafilm.si\/wordpress\/wp-json\/wp\/v2\/posts\/1423\/revisions"}],"predecessor-version":[{"id":1425,"href":"https:\/\/areafilm.si\/wordpress\/wp-json\/wp\/v2\/posts\/1423\/revisions\/1425"}],"wp:featuredmedia":[{"embeddable":true,"href":"https:\/\/areafilm.si\/wordpress\/wp-json\/wp\/v2\/media\/490"}],"wp:attachment":[{"href":"https:\/\/areafilm.si\/wordpress\/wp-json\/wp\/v2\/media?parent=1423"}],"wp:term":[{"taxonomy":"category","embeddable":true,"href":"https:\/\/areafilm.si\/wordpress\/wp-json\/wp\/v2\/categories?post=1423"},{"taxonomy":"post_tag","embeddable":true,"href":"https:\/\/areafilm.si\/wordpress\/wp-json\/wp\/v2\/tags?post=1423"}],"curies":[{"name":"wp","href":"https:\/\/api.w.org\/{rel}","templated":true}]}}