{"id":1434,"date":"2015-06-05T13:39:55","date_gmt":"2015-06-05T11:39:55","guid":{"rendered":"http:\/\/slo5.net\/wordpress\/?p=1434"},"modified":"2015-06-05T16:01:52","modified_gmt":"2015-06-05T14:01:52","slug":"smrtna-zrtev-na-avtocesti-pri-postojni","status":"publish","type":"post","link":"https:\/\/areafilm.si\/wordpress\/smrtna-zrtev-na-avtocesti-pri-postojni\/","title":{"rendered":"Smrtna \u017ertev na avtocesti pri Postojni"},"content":{"rendered":"<p>KRONIKA &#8211; V petek malo pred 4. uro zjutraj se\u00a0 je\u00a0 na\u00a0 avtocesti\u00a0 43-letni\u00a0 voznik tovornega\u00a0 vozila\u00a0 s\u00a0 priklopnikom,\u00a0 43-letni dr\u017eavljan\u00a0 Slova\u0161ke,\u00a0 vklju\u010deval\u00a0 s\u00a0 po\u010divali\u0161\u010da\u00a0 na avtocesto. V tem je po desnem\u00a0 pasu pripeljal 21-letni voznik kombija iz Ljubljane, ki je vozil po avtocesti\u00a0 od\u00a0 Razdrtega\u00a0 proti Postojni, in z desnim delom kombija tr\u010dil v zadnji del tovornega vozila. 30-letni sopotnik v kombiju je na kraju umrl. Policisti\u00a0 so\u00a0 opravili\u00a0 ogled\u00a0 kraja\u00a0 prometne\u00a0 nesre\u010de, na ogledu so bili prisotni\u00a0 tudi\u00a0 izvedenec\u00a0 cestno- prometne stroke, preiskovalna sodnica in dr\u017eavni\u00a0 to\u017eilec.\u00a0 Zoper\u00a0 voznika\u00a0 tovornega\u00a0 vozila\u00a0 bodo policisti podali kazensko\u00a0 ovadbo\u00a0 zaradi\u00a0 napa\u010dnega\u00a0 vklju\u010devanja v promet s pospe\u0161evalnega pasu na avtocesto.<\/p>\n<p>V Kopru je nekdo izpred stanovanja na Partizanski ulici ukradel \u017eensko kolo rde\u010de barve, s ko\u0161arico na krmilu. Lastnica je o\u0161kodovana za 100 evrov.<\/p>\n<p>V \u010detrtek dopoldne so policisti na \u0160marski cesti ustavili 36-letnega voznika osebnega avtomobila, ki nima vozni\u0161kega izpita. Sledi mu obdol\u017eilni predlog.<\/p>\n<p>Popoldne so v postojnski trgovini prijeli \u017eensko iz okolice Idrije, ki je kradla artikle. Na blagajni je nekatere izdelke pla\u010dala, drugih pa ne. Ustavil jo je varnostnik, ki je ugotovil, da je imela v torbici izdelke v vrednosti 37,54 evrov. Sledi ji kazenska ovadba.<\/p>\n<p>V vasi pri Se\u017eani so neznanci okradli doma\u010dina. S pretvezo, da zbirajo staro \u017eelezo, jih je odpeljal na travnik, kjer jim je pokazal stari me\u0161alec, nato so od\u0161li. \u0160ele zatem je opazil, da so mu iz denarnice ukradli 100 evrov.<\/p>\n<p>Popoldne so bili policisti obve\u0161\u010deni, da je v Postojni nekdo iz kletnih prostorov stanovanjskega bloka ukradel gorsko kolo Cube Fritzz pro 2012, vredno 2000 evrov.<\/p>\n<p>Pred polno\u010djo so policisti v Portoro\u017eu ustavili 28-letnega Litij\u010dana, ki ima veljaven ukrep odvzem vozni\u0161kega dovoljenja. Alkotest mu je pokazal 0,93 mg\/l alkohola. Sledi mu obdol\u017eilni predlog.<\/p>\n","protected":false},"excerpt":{"rendered":"<p>KRONIKA &#8211; V petek malo pred 4. uro zjutraj se\u00a0 je\u00a0 na\u00a0 avtocesti\u00a0 43-letni\u00a0 voznik&#8230;<\/p>\n","protected":false},"author":4,"featured_media":1149,"comment_status":"open","ping_status":"closed","sticky":false,"template":"","format":"standard","meta":{"footnotes":""},"categories":[7],"tags":[],"class_list":["post-1434","post","type-post","status-publish","format-standard","has-post-thumbnail","hentry","category-kronika"],"featured_image_urls":{"full":["https:\/\/areafilm.si\/wordpress\/wp-content\/uploads\/2015\/03\/avtocesta.jpg",400,300,false],"thumbnail":["https:\/\/areafilm.si\/wordpress\/wp-content\/uploads\/2015\/03\/avtocesta-400x280.jpg",400,280,true],"medium":["https:\/\/areafilm.si\/wordpress\/wp-content\/uploads\/2015\/03\/avtocesta.jpg",400,300,false],"medium_large":["https:\/\/areafilm.si\/wordpress\/wp-content\/uploads\/2015\/03\/avtocesta.jpg",400,300,false],"large":["https:\/\/areafilm.si\/wordpress\/wp-content\/uploads\/2015\/03\/avtocesta.jpg",400,300,false],"1536x1536":["https:\/\/areafilm.si\/wordpress\/wp-content\/uploads\/2015\/03\/avtocesta.jpg",400,300,false],"2048x2048":["https:\/\/areafilm.si\/wordpress\/wp-content\/uploads\/2015\/03\/avtocesta.jpg",400,300,false],"covernews-featured":["https:\/\/areafilm.si\/wordpress\/wp-content\/uploads\/2015\/03\/avtocesta.jpg",400,300,false],"covernews-medium":["https:\/\/areafilm.si\/wordpress\/wp-content\/uploads\/2015\/03\/avtocesta.jpg",400,300,false],"woocommerce_thumbnail":["https:\/\/areafilm.si\/wordpress\/wp-content\/uploads\/2015\/03\/avtocesta-300x300.jpg",300,300,true],"woocommerce_single":["https:\/\/areafilm.si\/wordpress\/wp-content\/uploads\/2015\/03\/avtocesta.jpg",400,300,false],"woocommerce_gallery_thumbnail":["https:\/\/areafilm.si\/wordpress\/wp-content\/uploads\/2015\/03\/avtocesta-100x100.jpg",100,100,true]},"author_info":{"info":["Uredni\u0161tvo Primorski Utrip"]},"category_info":"<a href=\"https:\/\/areafilm.si\/wordpress\/category\/kronika\/\" rel=\"category tag\">Kronika<\/a>","tag_info":"Kronika","comment_count":"0","_links":{"self":[{"href":"https:\/\/areafilm.si\/wordpress\/wp-json\/wp\/v2\/posts\/1434","targetHints":{"allow":["GET"]}}],"collection":[{"href":"https:\/\/areafilm.si\/wordpress\/wp-json\/wp\/v2\/posts"}],"about":[{"href":"https:\/\/areafilm.si\/wordpress\/wp-json\/wp\/v2\/types\/post"}],"author":[{"embeddable":true,"href":"https:\/\/areafilm.si\/wordpress\/wp-json\/wp\/v2\/users\/4"}],"replies":[{"embeddable":true,"href":"https:\/\/areafilm.si\/wordpress\/wp-json\/wp\/v2\/comments?post=1434"}],"version-history":[{"count":3,"href":"https:\/\/areafilm.si\/wordpress\/wp-json\/wp\/v2\/posts\/1434\/revisions"}],"predecessor-version":[{"id":1436,"href":"https:\/\/areafilm.si\/wordpress\/wp-json\/wp\/v2\/posts\/1434\/revisions\/1436"}],"wp:featuredmedia":[{"embeddable":true,"href":"https:\/\/areafilm.si\/wordpress\/wp-json\/wp\/v2\/media\/1149"}],"wp:attachment":[{"href":"https:\/\/areafilm.si\/wordpress\/wp-json\/wp\/v2\/media?parent=1434"}],"wp:term":[{"taxonomy":"category","embeddable":true,"href":"https:\/\/areafilm.si\/wordpress\/wp-json\/wp\/v2\/categories?post=1434"},{"taxonomy":"post_tag","embeddable":true,"href":"https:\/\/areafilm.si\/wordpress\/wp-json\/wp\/v2\/tags?post=1434"}],"curies":[{"name":"wp","href":"https:\/\/api.w.org\/{rel}","templated":true}]}}