{"id":1500,"date":"2015-06-19T11:38:02","date_gmt":"2015-06-19T09:38:02","guid":{"rendered":"http:\/\/slo5.net\/wordpress\/?p=1500"},"modified":"2015-06-19T11:38:02","modified_gmt":"2015-06-19T09:38:02","slug":"stirje-avtomobili-udelezeni-v-prometni-nesreci","status":"publish","type":"post","link":"https:\/\/areafilm.si\/wordpress\/stirje-avtomobili-udelezeni-v-prometni-nesreci\/","title":{"rendered":"\u0160tirje avtomobili udele\u017eeni v prometni nesre\u010di"},"content":{"rendered":"<p>KRONIKA \u2013 V \u010detrtek ob 13.50 se je v Strunjanu zgodila prometna nesre\u010da, v kateri je bilo udele\u017eenih ve\u010d vozil. 42-letna voznica avtomobila iz Izole je vozila od Valete proti Strunjanu in zaradi prekratke varnostne razdalje tr\u010dila v pred seboj voze\u010de vozilo, ki ga je vozila 37-letna Kopr\u010danka. Po tr\u010denju je to odbilo v vozilo pred njenim, katero je vozila 43-letna Piran\u010danka, \u0161e to pa naprej v vozilo pred njo, katero je vozil 34-letnik iz okolice Nove Gorice. Prvi dve voznici in dve sopotnici so bile v prometni nesre\u010di la\u017eje po\u0161kodovane. Promet je bil v obe smeri zaprt do 14.32 ure.<\/p>\n<p>Eno uro pred tem se je v Strunjanu zgodila \u0161e ena prometna nesre\u010da. 49-letni voznik osebnega avtomobila iz okolice Ljubljane je vozil v koloni z Belvederja proti Strunjanu in na ravnini pred strunjanskim kro\u017ei\u0161\u010dem zaradi prekratke varnostne razdalje tr\u010dil v osebni avto, ki ga je pred njim pravilno vozila 48-letna Portoro\u017eanka. Doma\u010dinka se je v nesre\u010di la\u017eje po\u0161kodovala, povzro\u010ditelju sledi pla\u010dilni nalog.<\/p>\n<p>V Kopru je nekdo izpred stanovanjske hi\u0161e ukradel zaklenjeno kolo s pomo\u017enim motorjem znamke Piaggio Zip 25, vredno 1000 evrov.<\/p>\n<p>V Ankaranu je nekdo ukradel motorno kolo Piaggio Ciao (25), bele barve. Skuter je imel lastnik parkiran v gara\u017enem boksu stanovanjskega bloka, kjer stanuje in je bil privezan z verigo. O\u0161kodovan je za 300 evrov.<\/p>\n","protected":false},"excerpt":{"rendered":"<p>KRONIKA \u2013 V \u010detrtek ob 13.50 se je v Strunjanu zgodila prometna nesre\u010da, v kateri&#8230;<\/p>\n","protected":false},"author":4,"featured_media":385,"comment_status":"open","ping_status":"closed","sticky":false,"template":"","format":"standard","meta":{"footnotes":""},"categories":[7],"tags":[],"class_list":["post-1500","post","type-post","status-publish","format-standard","has-post-thumbnail","hentry","category-kronika"],"featured_image_urls":{"full":["https:\/\/areafilm.si\/wordpress\/wp-content\/uploads\/2014\/09\/prometna_nesreca.jpg",282,296,false],"thumbnail":["https:\/\/areafilm.si\/wordpress\/wp-content\/uploads\/2014\/09\/prometna_nesreca-282x280.jpg",282,280,true],"medium":["https:\/\/areafilm.si\/wordpress\/wp-content\/uploads\/2014\/09\/prometna_nesreca.jpg",282,296,false],"medium_large":["https:\/\/areafilm.si\/wordpress\/wp-content\/uploads\/2014\/09\/prometna_nesreca.jpg",282,296,false],"large":["https:\/\/areafilm.si\/wordpress\/wp-content\/uploads\/2014\/09\/prometna_nesreca.jpg",282,296,false],"1536x1536":["https:\/\/areafilm.si\/wordpress\/wp-content\/uploads\/2014\/09\/prometna_nesreca.jpg",282,296,false],"2048x2048":["https:\/\/areafilm.si\/wordpress\/wp-content\/uploads\/2014\/09\/prometna_nesreca.jpg",282,296,false],"covernews-featured":["https:\/\/areafilm.si\/wordpress\/wp-content\/uploads\/2014\/09\/prometna_nesreca.jpg",282,296,false],"covernews-medium":["https:\/\/areafilm.si\/wordpress\/wp-content\/uploads\/2014\/09\/prometna_nesreca.jpg",282,296,false],"woocommerce_thumbnail":["https:\/\/areafilm.si\/wordpress\/wp-content\/uploads\/2014\/09\/prometna_nesreca.jpg",282,296,false],"woocommerce_single":["https:\/\/areafilm.si\/wordpress\/wp-content\/uploads\/2014\/09\/prometna_nesreca.jpg",282,296,false],"woocommerce_gallery_thumbnail":["https:\/\/areafilm.si\/wordpress\/wp-content\/uploads\/2014\/09\/prometna_nesreca-100x100.jpg",100,100,true]},"author_info":{"info":["Uredni\u0161tvo Primorski Utrip"]},"category_info":"<a href=\"https:\/\/areafilm.si\/wordpress\/category\/kronika\/\" rel=\"category tag\">Kronika<\/a>","tag_info":"Kronika","comment_count":"0","_links":{"self":[{"href":"https:\/\/areafilm.si\/wordpress\/wp-json\/wp\/v2\/posts\/1500","targetHints":{"allow":["GET"]}}],"collection":[{"href":"https:\/\/areafilm.si\/wordpress\/wp-json\/wp\/v2\/posts"}],"about":[{"href":"https:\/\/areafilm.si\/wordpress\/wp-json\/wp\/v2\/types\/post"}],"author":[{"embeddable":true,"href":"https:\/\/areafilm.si\/wordpress\/wp-json\/wp\/v2\/users\/4"}],"replies":[{"embeddable":true,"href":"https:\/\/areafilm.si\/wordpress\/wp-json\/wp\/v2\/comments?post=1500"}],"version-history":[{"count":2,"href":"https:\/\/areafilm.si\/wordpress\/wp-json\/wp\/v2\/posts\/1500\/revisions"}],"predecessor-version":[{"id":1502,"href":"https:\/\/areafilm.si\/wordpress\/wp-json\/wp\/v2\/posts\/1500\/revisions\/1502"}],"wp:featuredmedia":[{"embeddable":true,"href":"https:\/\/areafilm.si\/wordpress\/wp-json\/wp\/v2\/media\/385"}],"wp:attachment":[{"href":"https:\/\/areafilm.si\/wordpress\/wp-json\/wp\/v2\/media?parent=1500"}],"wp:term":[{"taxonomy":"category","embeddable":true,"href":"https:\/\/areafilm.si\/wordpress\/wp-json\/wp\/v2\/categories?post=1500"},{"taxonomy":"post_tag","embeddable":true,"href":"https:\/\/areafilm.si\/wordpress\/wp-json\/wp\/v2\/tags?post=1500"}],"curies":[{"name":"wp","href":"https:\/\/api.w.org\/{rel}","templated":true}]}}