{"id":1503,"date":"2015-06-22T12:53:49","date_gmt":"2015-06-22T10:53:49","guid":{"rendered":"http:\/\/slo5.net\/wordpress\/?p=1503"},"modified":"2015-06-22T12:53:49","modified_gmt":"2015-06-22T10:53:49","slug":"neprevidni-motoristi","status":"publish","type":"post","link":"https:\/\/areafilm.si\/wordpress\/neprevidni-motoristi\/","title":{"rendered":"Neprevidni motoristi"},"content":{"rendered":"<p>KRONIKA \u2013 V nedeljo popoldne je na &#8216;planinskih ridah&#8217; padel motorist. 21-letni Ljubljan\u010dan je vozil od Planine proti Postojni. Z motornim kolesom je pripeljal v desni ostri ovinek in izgubil kontrolo nad vozilom ter padel. Pri tem se je huje po\u0161kodoval, odpeljali so ga v UKC Ljubljana. Sledi mu pla\u010dilni nalog.<\/p>\n<p>Tudi na na cesti Zemonska vaga \u2013 Dolnji Zemon je ob 12.10 padel motorist, 45-letnik iz \u0160marij. Zaradi vo\u017enje preblizu desnega roba vozi\u0161\u010da je tr\u010dil v odbojno ograjo. Motorno kolo je obstalo na vozi\u0161\u010du, voznika pa je vrglo preko odbojne ograje. V nesre\u010di se je la\u017eje po\u0161kodoval, sledi mu pla\u010dilni nalog.<\/p>\n<p>V Semedeli je nekdo vlomil v zidano lopo, od koder je lastniku odnesel 40 litrov belega vina in bencinsko veri\u017eno \u017eago znamke Iskra. Nato je vlomil \u0161e v manj\u0161o shrambo, iz katere je ukradel dve nahrbtni kosilnici znamke Neklug in Kawasaki. \u0160kode je za 450 evrov.<\/p>\n<p>V petek ob 17. uri so policisti na Jel\u0161anah kontrolirali 42-letnega dr\u017eavljana Hrva\u0161ke, ki se je pripeljal na izstop kot voznik tovornega in vle\u010dnega vozila. Na vle\u010dnem vozilu je imel nalo\u017een osebni avto, na katerem so policisti ugotovili, da je \u0161tevila \u0161asije manipulirana. V nadaljnjem postopku je bilo ugotovljeno, da je vozilo ukradeno v Italiji. Vozilo so zasegli, sledi kazenska ovadba.<\/p>\n<p>V soboto ob 2.20 uri sta policista na cesti od Portoro\u017ea proti Luciji z zvo\u010dnimi signali in modrimi lu\u010dmi ustavljala voznika osebnega avtomobila Golf. Voznik je zapeljal na pe\u0161\u010deno parkiri\u0161\u010de, ko ni imel ve\u010d kam zapeljati, se je ustavil, za njim pa se je ustavila tudi patrulja. Nato je zapeljal vzvratno, zaradi \u010desar mu je policist v vozilu potrobil. Kr\u0161itelj, 17-letni doma\u010din, se je ustavil, zapeljal malo naprej, nato pa ponovno dal v vzvratno in z vso silo tr\u010dil v prednji del slu\u017ebenega vozila. Po trku je peljal naprej do konca parkiri\u0161\u010da, kjer je za\u010del vozilo obra\u010dati. Policista sta stopila iz vozila, kr\u0161itelj pa je zapeljal proti njima, da sta morala odsko\u010diti. Pri tem je enega zadel v roko in ga po\u0161kodoval. Kr\u0161itelj je nato tr\u010dil v \u0161e eno parkirano vozilo in zbe\u017eal. Ko bo izsleden, mu sledi kazenska ovadba.<\/p>\n<p>Pono\u010di je doma\u010dinka v Novi vasi nad Dragonjo opazila, da iz gostilne nekaj natovarjajo v kombi. Policisti so ugotovili, da je neznanec vlomil v skladi\u0161\u010de ob gostinskem lokalu, od koder je ukradel za pribli\u017eno 500 evrov pija\u010de. Ko je pri\u0161el na kraj najemnik lokala, ga je neznani mo\u0161ki napadel, nato pa zbe\u017eal. Sledi kazenska ovadba.<\/p>\n<p>V diskoteki v Planini je nekdo obiskovalcu ukradel denarnico z dokumenti in denarjem, mobilni telefon znamke Samsung S5 in klju\u010de osebnega avtomobila znamke Audi A3. Navedeni predmeti so bili odlo\u017eeni na gostilni\u0161ki pult. O\u0161kodovan je za 500 evrov.<\/p>\n<p>V nedeljo dopoldne je nekdo na po\u010divali\u0161\u010du Ravbarkomanda (v smeri proti Kopru) mo\u0161kemu med \u010dakanjem v vrsti za kavo ukradel etui z osebnimi dokumenti in denarnico. O\u0161kodovan je za 350 evrov.<\/p>\n<p>Ob 11.18 je na mejni prehod Jel\u0161ane pripeljal 42-letni Ljubljan\u010dan z neveljavnim vozni\u0161kim dovoljenjem (prepoved vo\u017enje). Vozilo so mu zasegli, sledi mu obdol\u017eilni predlog.<\/p>\n<p>Popoldne je nekdo na portoro\u0161ki pla\u017ei gostu iz Tr\u017ei\u010da ukradel osebne dokumente, 350 evrov in mobilni telefon Samsung galaxy S3. o\u0161kodovan je za 900 evrov.<\/p>\n<p>V Izoli je nekdo izpred trgovine ukradel mo\u0161ko gorsko kolo znamke Giant, tip ATX 870 ali 875, \u010drno-sivo-modre-rde\u010de barve. Kolo je staro 15 let, vendar dobro vzdr\u017eevano, vredno 100 evrov.<\/p>\n<p>Na \u017eelezni\u0161ki postaji v Diva\u010di je nekdo ukradel 250 metrov polo\u017eenega kabla. \u0160kode je za 2900 evrov.<\/p>\n<p>V nedeljo ob 13. uri je pri\u0161lo do prometne nesre\u010de med kolesarjem in motoristom. 35-letnega kolesarja iz Kopra so po\u0161kodovanega odpeljali v izolsko bolni\u0161nico. Z zbiranjem obvestil so policisti ugotovili, da je 35-letni Kopr\u010dan s kolesom z motorjem vozil iz Izole priti Kopru. Pri tem naj bi ga kolesar prehiteval, ga oplazil, nato pa zapeljal v levo na skale. V tem primeru ni mogo\u010de dolo\u010diti odgovornosti za nesre\u010do, saj si izjave udele\u017eenih nasprotujejo. Dejstvo je, da je pri\u0161lo med voznikoma do stika, kar je povzro\u010dilo padec kolesarja. Vse, ki bi kaj vedeli o nesre\u010di zato prosijo, da pokli\u010dejo na 113 in policistom pomagajo razjasniti okoli\u0161\u010dine.<\/p>\n","protected":false},"excerpt":{"rendered":"<p>KRONIKA \u2013 V nedeljo popoldne je na &#8216;planinskih ridah&#8217; padel motorist. 21-letni Ljubljan\u010dan je vozil&#8230;<\/p>\n","protected":false},"author":4,"featured_media":542,"comment_status":"open","ping_status":"closed","sticky":false,"template":"","format":"standard","meta":{"footnotes":""},"categories":[7],"tags":[],"class_list":["post-1503","post","type-post","status-publish","format-standard","has-post-thumbnail","hentry","category-kronika"],"featured_image_urls":{"full":["https:\/\/areafilm.si\/wordpress\/wp-content\/uploads\/2014\/09\/nesreca_motor0011.jpg",500,375,false],"thumbnail":["https:\/\/areafilm.si\/wordpress\/wp-content\/uploads\/2014\/09\/nesreca_motor0011-500x280.jpg",500,280,true],"medium":["https:\/\/areafilm.si\/wordpress\/wp-content\/uploads\/2014\/09\/nesreca_motor0011-500x365.jpg",500,365,true],"medium_large":["https:\/\/areafilm.si\/wordpress\/wp-content\/uploads\/2014\/09\/nesreca_motor0011.jpg",500,375,false],"large":["https:\/\/areafilm.si\/wordpress\/wp-content\/uploads\/2014\/09\/nesreca_motor0011.jpg",500,375,false],"1536x1536":["https:\/\/areafilm.si\/wordpress\/wp-content\/uploads\/2014\/09\/nesreca_motor0011.jpg",500,375,false],"2048x2048":["https:\/\/areafilm.si\/wordpress\/wp-content\/uploads\/2014\/09\/nesreca_motor0011.jpg",500,375,false],"covernews-featured":["https:\/\/areafilm.si\/wordpress\/wp-content\/uploads\/2014\/09\/nesreca_motor0011.jpg",500,375,false],"covernews-medium":["https:\/\/areafilm.si\/wordpress\/wp-content\/uploads\/2014\/09\/nesreca_motor0011.jpg",453,340,false],"woocommerce_thumbnail":["https:\/\/areafilm.si\/wordpress\/wp-content\/uploads\/2014\/09\/nesreca_motor0011-300x300.jpg",300,300,true],"woocommerce_single":["https:\/\/areafilm.si\/wordpress\/wp-content\/uploads\/2014\/09\/nesreca_motor0011.jpg",500,375,false],"woocommerce_gallery_thumbnail":["https:\/\/areafilm.si\/wordpress\/wp-content\/uploads\/2014\/09\/nesreca_motor0011-100x100.jpg",100,100,true]},"author_info":{"info":["Uredni\u0161tvo Primorski Utrip"]},"category_info":"<a href=\"https:\/\/areafilm.si\/wordpress\/category\/kronika\/\" rel=\"category tag\">Kronika<\/a>","tag_info":"Kronika","comment_count":"0","_links":{"self":[{"href":"https:\/\/areafilm.si\/wordpress\/wp-json\/wp\/v2\/posts\/1503","targetHints":{"allow":["GET"]}}],"collection":[{"href":"https:\/\/areafilm.si\/wordpress\/wp-json\/wp\/v2\/posts"}],"about":[{"href":"https:\/\/areafilm.si\/wordpress\/wp-json\/wp\/v2\/types\/post"}],"author":[{"embeddable":true,"href":"https:\/\/areafilm.si\/wordpress\/wp-json\/wp\/v2\/users\/4"}],"replies":[{"embeddable":true,"href":"https:\/\/areafilm.si\/wordpress\/wp-json\/wp\/v2\/comments?post=1503"}],"version-history":[{"count":2,"href":"https:\/\/areafilm.si\/wordpress\/wp-json\/wp\/v2\/posts\/1503\/revisions"}],"predecessor-version":[{"id":1505,"href":"https:\/\/areafilm.si\/wordpress\/wp-json\/wp\/v2\/posts\/1503\/revisions\/1505"}],"wp:featuredmedia":[{"embeddable":true,"href":"https:\/\/areafilm.si\/wordpress\/wp-json\/wp\/v2\/media\/542"}],"wp:attachment":[{"href":"https:\/\/areafilm.si\/wordpress\/wp-json\/wp\/v2\/media?parent=1503"}],"wp:term":[{"taxonomy":"category","embeddable":true,"href":"https:\/\/areafilm.si\/wordpress\/wp-json\/wp\/v2\/categories?post=1503"},{"taxonomy":"post_tag","embeddable":true,"href":"https:\/\/areafilm.si\/wordpress\/wp-json\/wp\/v2\/tags?post=1503"}],"curies":[{"name":"wp","href":"https:\/\/api.w.org\/{rel}","templated":true}]}}