{"id":1522,"date":"2015-06-29T20:26:51","date_gmt":"2015-06-29T18:26:51","guid":{"rendered":"http:\/\/slo5.net\/wordpress\/?p=1522"},"modified":"2015-06-29T20:26:51","modified_gmt":"2015-06-29T18:26:51","slug":"nepreviden-pesec-padel-pod-motor","status":"publish","type":"post","link":"https:\/\/areafilm.si\/wordpress\/nepreviden-pesec-padel-pod-motor\/","title":{"rendered":"Nepreviden pe\u0161ec padel pod motor"},"content":{"rendered":"<p>KRONIKA &#8211; V nedeljo ob 8.30 se je na kolesarski cesti Izola &#8211; Koper zgodila prometna nesre\u010da. Z zbiranjem obvestil so policisti ugotovili, da sta \u0161la 16-letni voznik kolesa s pomo\u017enim motorjem iz Kopra in pe\u0161ec, 33-letni dr\u017eavljan Avstrije, oba proti Kopru. Nesre\u010do je povzro\u010dil pe\u0161ec, ki se je z desne premaknil v levo, ko ga je prehiteval voznik kolesa s pomo\u017enim motorjem. Pe\u0161ec se je v nesre\u010di la\u017eje po\u0161kodoval, sledi mu pla\u010dilni nalog.<\/p>\n<p>V soboto zjutraj je 42-letni voznik v Obrovu z osebnim avtomobilom zapeljal s ceste in tr\u010dil v drevo. Alkotest mu je pokazal 0,26 mg\/l. Policisti so mu izdali pla\u010dilni nalog.<\/p>\n<p>Dopoldne so policisti v Portoro\u017eu ustavili 34-letnega voznika osebnega avtomobila, ki je vozil brez vozni\u0161kega dovoljenja. Vozilo so mu zasegli, sledi mu obdol\u017eilni predlog.<\/p>\n<p>Ob 12.30 je v Bertokih zaradi vo\u017enje preblizu desnega roba vozi\u0161\u010da padel 56-letni voznik motornega kolesa iz Trsta. Njegova 42-letna sopotnica, prav tako iz Trsta, se je pri padcu la\u017eje po\u0161kodovala. Izdali so mu pla\u010dilni nalog.<\/p>\n<p>V soboto ob 14.08 so prebivalci Kopra v enem od objektov na Pahorjevi ulici zaznali vonj po plinu. Na kraj so od\u0161li gasilci in na\u0161li v gara\u017ei 42-letnega \u017ee omoti\u010dnega doma\u010dina. Ugotovili so, da je izpraznil jeklenki plina. Prezra\u010dili so prostor, doma\u010dina pa hospitalizirali. Sledi mu kazenska ovadba za kaznivo dejanje povzro\u010ditve splo\u0161ne nevarnosti.<\/p>\n<p>Zve\u010der je v Padni nekdo vlomil v osebni avtomobil dr\u017eavljana Slova\u0161ke in mu ukradel mo\u0161ko torbico z dokumenti in gotovino.<\/p>\n<p>V soboto dopoldne je na mejni prehod Jel\u0161ane kot voznik osebnega avtomobila pri\u0161el 24-letni dr\u017eavljan Francije. Pri pregledu vozila, osebe in prtljage so policisti na\u0161li PVC vre\u010dko z 0,88 g smole konoplje in 10,46 g konoplje. Prepovedano drogo so mu zasegli in izdali odlo\u010dbo.<\/p>\n<p>V portoro\u0161ki marini je nekdo ukradel dve zlo\u017eljivi kolesi Herkules. Dr\u017eavljan Nem\u010dije je o\u0161kodovan za 700 evrov.<\/p>\n","protected":false},"excerpt":{"rendered":"<p>KRONIKA &#8211; V nedeljo ob 8.30 se je na kolesarski cesti Izola &#8211; Koper zgodila&#8230;<\/p>\n","protected":false},"author":4,"featured_media":969,"comment_status":"open","ping_status":"closed","sticky":false,"template":"","format":"standard","meta":{"footnotes":""},"categories":[7],"tags":[],"class_list":["post-1522","post","type-post","status-publish","format-standard","has-post-thumbnail","hentry","category-kronika"],"featured_image_urls":{"full":["https:\/\/areafilm.si\/wordpress\/wp-content\/uploads\/2015\/01\/policija_logotip.jpg",444,513,false],"thumbnail":["https:\/\/areafilm.si\/wordpress\/wp-content\/uploads\/2015\/01\/policija_logotip-444x280.jpg",444,280,true],"medium":["https:\/\/areafilm.si\/wordpress\/wp-content\/uploads\/2015\/01\/policija_logotip-444x365.jpg",444,365,true],"medium_large":["https:\/\/areafilm.si\/wordpress\/wp-content\/uploads\/2015\/01\/policija_logotip.jpg",444,513,false],"large":["https:\/\/areafilm.si\/wordpress\/wp-content\/uploads\/2015\/01\/policija_logotip-444x480.jpg",444,480,true],"1536x1536":["https:\/\/areafilm.si\/wordpress\/wp-content\/uploads\/2015\/01\/policija_logotip.jpg",444,513,false],"2048x2048":["https:\/\/areafilm.si\/wordpress\/wp-content\/uploads\/2015\/01\/policija_logotip.jpg",444,513,false],"covernews-featured":["https:\/\/areafilm.si\/wordpress\/wp-content\/uploads\/2015\/01\/policija_logotip.jpg",444,513,false],"covernews-medium":["https:\/\/areafilm.si\/wordpress\/wp-content\/uploads\/2015\/01\/policija_logotip.jpg",294,340,false],"woocommerce_thumbnail":["https:\/\/areafilm.si\/wordpress\/wp-content\/uploads\/2015\/01\/policija_logotip-300x300.jpg",300,300,true],"woocommerce_single":["https:\/\/areafilm.si\/wordpress\/wp-content\/uploads\/2015\/01\/policija_logotip.jpg",444,513,false],"woocommerce_gallery_thumbnail":["https:\/\/areafilm.si\/wordpress\/wp-content\/uploads\/2015\/01\/policija_logotip-100x100.jpg",100,100,true]},"author_info":{"info":["Uredni\u0161tvo Primorski Utrip"]},"category_info":"<a href=\"https:\/\/areafilm.si\/wordpress\/category\/kronika\/\" rel=\"category tag\">Kronika<\/a>","tag_info":"Kronika","comment_count":"0","_links":{"self":[{"href":"https:\/\/areafilm.si\/wordpress\/wp-json\/wp\/v2\/posts\/1522","targetHints":{"allow":["GET"]}}],"collection":[{"href":"https:\/\/areafilm.si\/wordpress\/wp-json\/wp\/v2\/posts"}],"about":[{"href":"https:\/\/areafilm.si\/wordpress\/wp-json\/wp\/v2\/types\/post"}],"author":[{"embeddable":true,"href":"https:\/\/areafilm.si\/wordpress\/wp-json\/wp\/v2\/users\/4"}],"replies":[{"embeddable":true,"href":"https:\/\/areafilm.si\/wordpress\/wp-json\/wp\/v2\/comments?post=1522"}],"version-history":[{"count":2,"href":"https:\/\/areafilm.si\/wordpress\/wp-json\/wp\/v2\/posts\/1522\/revisions"}],"predecessor-version":[{"id":1524,"href":"https:\/\/areafilm.si\/wordpress\/wp-json\/wp\/v2\/posts\/1522\/revisions\/1524"}],"wp:featuredmedia":[{"embeddable":true,"href":"https:\/\/areafilm.si\/wordpress\/wp-json\/wp\/v2\/media\/969"}],"wp:attachment":[{"href":"https:\/\/areafilm.si\/wordpress\/wp-json\/wp\/v2\/media?parent=1522"}],"wp:term":[{"taxonomy":"category","embeddable":true,"href":"https:\/\/areafilm.si\/wordpress\/wp-json\/wp\/v2\/categories?post=1522"},{"taxonomy":"post_tag","embeddable":true,"href":"https:\/\/areafilm.si\/wordpress\/wp-json\/wp\/v2\/tags?post=1522"}],"curies":[{"name":"wp","href":"https:\/\/api.w.org\/{rel}","templated":true}]}}