{"id":1545,"date":"2015-07-06T12:15:38","date_gmt":"2015-07-06T10:15:38","guid":{"rendered":"http:\/\/slo5.net\/wordpress\/?p=1545"},"modified":"2015-07-06T12:15:38","modified_gmt":"2015-07-06T10:15:38","slug":"trk-traktorista-in-motoristke-slednjo-odpeljali-v-bolnisnico","status":"publish","type":"post","link":"https:\/\/areafilm.si\/wordpress\/trk-traktorista-in-motoristke-slednjo-odpeljali-v-bolnisnico\/","title":{"rendered":"Trk traktorista in motoristke, slednjo odpeljali v bolni\u0161nico"},"content":{"rendered":"<p>KRONIKA &#8211; V soboto popoldne so o\u010dividci pripeljali motoristko, po\u0161kodovano v prometni nesre\u010di, na urgenco v Postojno. Policisti so ugotovili, da je 29-letna motoristka peljala med naseljema Zagorje in Drskov\u010de. Ko je pri\u010dela prehitevati pred seboj voze\u010di traktor, ki ga je vozil 71-letni doma\u010din, se ta ni prepri\u010dal ali lahko varno zavije v levo. Tako je pri zavijanju v levo zaprl pot motoristki, ki je tr\u010dila v prednji del traktorja in padla. Iz zdravstvenega doma Postojna so jo odpeljali v bolni\u0161nico Izola. Povzro\u010ditelju sledi pla\u010dilni nalog.<\/p>\n<p>V soboto pono\u010di je na po\u010divali\u0161\u010du Ravbarkomanda nekdo vlomil v avtodom. Ukradel je \u017eensko torbico s 600 evri gotovine in dokumenti ter mobilni telefon Samsung J7.<\/p>\n<p>V petek popoldne so policisti na Kozini ustavili 33-letnega voznika motornega kolesa, ki nima veljavnega vozni\u0161kega dovoljenja A kategorije. Motor so mu zasegli in sledi mu obdol\u017eilni predlog.<\/p>\n<p>Ob 19.30 so na policiji dobili prijavo Kopr\u010dana, da je pred gara\u017eno hi\u0161o v Prisojah nekdo tr\u010dil v njegovo vozilo. Policisti so na kraju ugotovili, da je 44-letni voznik s tovornim vozilom pri vzvratni vo\u017enji tr\u010dil v parkiran prijaviteljev osebni avto, nato pa s kraja odpeljal. Po telefonskem klicu se je vrnil na kraj. Sledi obdol\u017eilni predlog zaradi vo\u017enje pod vplivom alkohola (0,98 mg\/l), povzro\u010ditve prometne nesre\u010de in zapustitve kraja.<\/p>\n<p>Ob 23.30 so policisti od\u0161li na izolsko obalo, ker naj bi mo\u0161ki namerno porinil otroka v morje. Na kraju so ugotovili, da je 26-letni Bolgar na pomolu v Izoli pristopil do 12-letnega otroka iz Dekanov in ga brez razloga brcnil, da je le ta padel v morje, nato pa odkorakal. 47-letni Kopr\u010dan, ki je bil v bli\u017eini, je otroka takoj potegnil iz vode, otrokova mati pa je \u0161la za tem mo\u0161kim in ga posku\u0161ala ustavili. 26-letnik jo je zgrabil in kri\u010dal nanjo. Ko je to opazil Kopr\u010dan, je pritekel do njiju, takrat pa ga je Bolgar udaril z pestjo v obraz. Ob prihodu policistov na kraj sta se na tleh prerivala. 26-letni Bolgar se je policistom upiral, jih posku\u0161al udariti in kri\u010dal. Policista sta uporabila fizi\u010dno silo ter sredstva za vklepanje in vezanje. Izdan mu je bil pla\u010dilni nalog po Zakonu o javnem redu in miru.<\/p>\n<p>V no\u010di na soboto je na policijski postaji Koper 17-letni Kopr\u010dan skupaj z o\u010detom prijavil, da so ga na Bonifiki napadli \u0161tirje fantje in ga pretepli ter mu ukradli zlato veri\u017eico, vredno 1500 evrov. Policisti so z zbiranjem obvestil ugotovili, da mu je veri\u017eico odtrgal enako star Kopr\u010dan. Pozneje so ga prijeli, mu odvzeli prostost in ga zasli\u0161ali. Sledi mu kazenska ovadba.<\/p>\n<p>Dopoldne so v Piranu ustavili 48-letnega Lucijana, voznika motornega kolesa. Ker ne poseduje vozni\u0161kega dovoljenja za vo\u017enjo motornega kolesa, so mu motor zasegli. Sledi mu obdol\u017eilni predlog.<\/p>\n<p>V \u0160krbini na Se\u017eanskem je nekdo vlomil v starej\u0161o nenaseljeno stanovanjsko hi\u0161o. Odnesel je bakreni pokrov kotla za \u017eganjekuho in bakreno povezovalno cev. Vzel je tudi motorno \u017eago, ki pa jo je pustil na dvori\u0161\u010du. Lastnica je o\u0161kodovana za 100 evrov.<\/p>\n<p>Na Kampelu je nekdo iz odklenjene stanovanjske hi\u0161e ukradel pribli\u017eno 300 evrov in nekaj hrva\u0161kih kun gotovine ter ban\u010dne kartice prijaviteljev. Pozneje je sku\u0161al dvigniti denar, vendar mu to ni uspelo.<\/p>\n<p>Popoldne so jamski potaplja\u010di v Planinski jami pogre\u0161ali enega od potaplja\u0161kih kolegov, 44-letnega Kranj\u010dana. Aktivirali so jamske re\u0161evalne ekipe, ekipa za tehni\u010dno potapljanje je od\u0161la v jamo in okoli 20. ure na\u0161la Kranj\u010dana \u017eivega.<\/p>\n<p>Na portoro\u0161ki pla\u017ei je nekdo avstrijski turistki ukradel nahrbtnik z vsebino (100 evrov, ban\u010dna kartica, zdravila, verski predmeti).<\/p>\n<p>V Kopru je nekdo vlomil v osebni avto in lastniku iz Ljubljane odnesel torbo s prenosnikom in dokumente \u010dolna. O\u0161kodovan je za 1.000 evrov.<\/p>\n<p>V Postojni je nekdo v no\u010di na nedeljo vlomil v stanovanje in pisarno, od koder je ukradel sef, ki je bil name\u0161\u010den na steno, v katerem je bila ve\u010dja vsota gotovine, razni dokumenti in polo\u017enice. Iz drugih prostorov v stanovanju ni bilo ukradeno ni\u010d. Policisti nadaljujejo z zbiranjem obvestil.<\/p>\n<p>V nedeljo ob 12.50 je v So\u010dergi voznik motornega kolesa tr\u010dil v avtobus. Na kraju so policisti ugotovili, da je 57-letni voznik avtobusa, dr\u017eavljan Italije, vozil iz So\u010derge proti Gra\u010di\u0161\u010du in v kri\u017ei\u0161\u010du za Tuljake zavijal v levo, ravno v trenutku, ko je pravilno iz smeri Gra\u010di\u0161\u010da proti So\u010dergi pripeljal 33-letni voznik motornega kolesa, ki je tr\u010dil v sprednji del avtobusa. Motorist je padel, la\u017eje po\u0161kodovanega so odpeljali v izolsko bolnico. Povzro\u010ditelju sledi kazenska ovadba.<\/p>\n<p>Na portoro\u0161ki pla\u017ei je nekdo Dom\u017eal\u010danki ukradel iz torbice denarnico in mobilni telefon znamke Huawei.<\/p>\n<p>V portoro\u0161kem hotelu je nekdo slovenskima gostoma v avli ukradel prtljago, in sicer kov\u010dek, v katerem so bila obla\u010dila o\u0161kodovancev, telefon Samsung, ura znamke S Oliver, vozni\u0161ko dovoljenje, osebna izkaznica in zdravstvena kartica. S tem dejanjem ju je o\u0161kodoval za pribli\u017eno 380 evrov.<\/p>\n","protected":false},"excerpt":{"rendered":"<p>KRONIKA &#8211; V soboto popoldne so o\u010dividci pripeljali motoristko, po\u0161kodovano v prometni nesre\u010di, na urgenco&#8230;<\/p>\n","protected":false},"author":4,"featured_media":1431,"comment_status":"open","ping_status":"closed","sticky":false,"template":"","format":"standard","meta":{"footnotes":""},"categories":[7],"tags":[],"class_list":["post-1545","post","type-post","status-publish","format-standard","has-post-thumbnail","hentry","category-kronika"],"featured_image_urls":{"full":["https:\/\/areafilm.si\/wordpress\/wp-content\/uploads\/2015\/06\/traktor.jpg",431,317,false],"thumbnail":["https:\/\/areafilm.si\/wordpress\/wp-content\/uploads\/2015\/06\/traktor-431x280.jpg",431,280,true],"medium":["https:\/\/areafilm.si\/wordpress\/wp-content\/uploads\/2015\/06\/traktor.jpg",431,317,false],"medium_large":["https:\/\/areafilm.si\/wordpress\/wp-content\/uploads\/2015\/06\/traktor.jpg",431,317,false],"large":["https:\/\/areafilm.si\/wordpress\/wp-content\/uploads\/2015\/06\/traktor.jpg",431,317,false],"1536x1536":["https:\/\/areafilm.si\/wordpress\/wp-content\/uploads\/2015\/06\/traktor.jpg",431,317,false],"2048x2048":["https:\/\/areafilm.si\/wordpress\/wp-content\/uploads\/2015\/06\/traktor.jpg",431,317,false],"covernews-featured":["https:\/\/areafilm.si\/wordpress\/wp-content\/uploads\/2015\/06\/traktor.jpg",431,317,false],"covernews-medium":["https:\/\/areafilm.si\/wordpress\/wp-content\/uploads\/2015\/06\/traktor.jpg",431,317,false],"woocommerce_thumbnail":["https:\/\/areafilm.si\/wordpress\/wp-content\/uploads\/2015\/06\/traktor-300x300.jpg",300,300,true],"woocommerce_single":["https:\/\/areafilm.si\/wordpress\/wp-content\/uploads\/2015\/06\/traktor.jpg",431,317,false],"woocommerce_gallery_thumbnail":["https:\/\/areafilm.si\/wordpress\/wp-content\/uploads\/2015\/06\/traktor-100x100.jpg",100,100,true]},"author_info":{"info":["Uredni\u0161tvo Primorski Utrip"]},"category_info":"<a href=\"https:\/\/areafilm.si\/wordpress\/category\/kronika\/\" rel=\"category tag\">Kronika<\/a>","tag_info":"Kronika","comment_count":"0","_links":{"self":[{"href":"https:\/\/areafilm.si\/wordpress\/wp-json\/wp\/v2\/posts\/1545","targetHints":{"allow":["GET"]}}],"collection":[{"href":"https:\/\/areafilm.si\/wordpress\/wp-json\/wp\/v2\/posts"}],"about":[{"href":"https:\/\/areafilm.si\/wordpress\/wp-json\/wp\/v2\/types\/post"}],"author":[{"embeddable":true,"href":"https:\/\/areafilm.si\/wordpress\/wp-json\/wp\/v2\/users\/4"}],"replies":[{"embeddable":true,"href":"https:\/\/areafilm.si\/wordpress\/wp-json\/wp\/v2\/comments?post=1545"}],"version-history":[{"count":2,"href":"https:\/\/areafilm.si\/wordpress\/wp-json\/wp\/v2\/posts\/1545\/revisions"}],"predecessor-version":[{"id":1547,"href":"https:\/\/areafilm.si\/wordpress\/wp-json\/wp\/v2\/posts\/1545\/revisions\/1547"}],"wp:featuredmedia":[{"embeddable":true,"href":"https:\/\/areafilm.si\/wordpress\/wp-json\/wp\/v2\/media\/1431"}],"wp:attachment":[{"href":"https:\/\/areafilm.si\/wordpress\/wp-json\/wp\/v2\/media?parent=1545"}],"wp:term":[{"taxonomy":"category","embeddable":true,"href":"https:\/\/areafilm.si\/wordpress\/wp-json\/wp\/v2\/categories?post=1545"},{"taxonomy":"post_tag","embeddable":true,"href":"https:\/\/areafilm.si\/wordpress\/wp-json\/wp\/v2\/tags?post=1545"}],"curies":[{"name":"wp","href":"https:\/\/api.w.org\/{rel}","templated":true}]}}