{"id":1548,"date":"2015-07-07T11:44:14","date_gmt":"2015-07-07T09:44:14","guid":{"rendered":"http:\/\/slo5.net\/wordpress\/?p=1548"},"modified":"2015-07-07T11:44:14","modified_gmt":"2015-07-07T09:44:14","slug":"prehiter-motorist-trcil-v-vozilo-pred-seboj","status":"publish","type":"post","link":"https:\/\/areafilm.si\/wordpress\/prehiter-motorist-trcil-v-vozilo-pred-seboj\/","title":{"rendered":"Prehiter motorist tr\u010dil v vozilo pred seboj"},"content":{"rendered":"<p>KRONIKA &#8211; V ponedeljek ob 15.35 je 29-letna voznica iz Pregarij v Podgradu z vozilom stala v kri\u017ei\u0161\u010du in zavijala v levo na regionalno cesto proti Ilirski Bistrici. V tem trenutku je za njo iz smeri Kozine pripeljal 41-letni voznik motornega kolesa, dr\u017eavljan Makedonije, ki se zaradi neprilagojene hitrosti ni mogel ustaviti pred stoje\u010dim vozilom, zato se mu je posku\u0161al izogniti z manevrom v levo. Pri tem je izgubil kontrolo nad vozilom in padel, nato pa zdrsnil na nasprotno smerno vozi\u0161\u010de. Tam je tr\u010dil v nasproti voze\u010de vozilo, ki ga je vozil 81-letnik iz Hru\u0161ice. Voznik motornega kolesa se je pri padcu huje po\u0161kodoval, odpeljali so ga v izolsko bolni\u0161nico. Promet je bil popolnoma spro\u0161\u010den ob 17.20.<\/p>\n<p>V Kopru je nekdo vlomil v klet, od koder je lastnikoma ukradel mo\u0161ko kolo Merida TFS, \u010drno bele barve, in \u017eensko kolo GT Alvalance, bele barve. O\u0161kodovana sta za 1000 evrov.<\/p>\n<p>Zve\u010der je v enem od portoro\u0161kih hotelov gostja prijavila, da so ji iz zaklenjene sobe ukradli 3.500 rubljev (pribli\u017eno 60 evrov).<\/p>\n<p>Pono\u010di je nekdo vlomil v trgovino na koprski tr\u017enici. Odnesel je blagajno, v kateri je bil blagajni\u0161ki minimum.<\/p>\n<p>Ob 7.47 so bili policisti obve\u0161\u010deni o prometni nesre\u010di v Kopru, na Cesti na Markovec. Povzro\u010dil jo je 33-letni voznik osebnega avtomobila iz Kopra, ki je zaradi izsiljevanja prednosti tr\u010dil v 17-letnega kolesarja (skuter 25 km\/h). Ta je padel in se la\u017eje po\u0161kodoval. Odpeljali so ga v izolsko bolni\u0161nico. Povzro\u010ditelju sledi pla\u010dilni nalog.<\/p>\n<p>Na \u017eelezni\u0161ki postaji v Diva\u010di je nekdo ukradel 1100 metrov energetskega kabla in s tem podjetje o\u0161kodoval za 8000 evrov.<\/p>\n<p>Ob 8.04 je na avtocesti pri Seno\u017ee\u010dah zagorel tovornjak. Na kraju so ugotovili, da je na tovornem vozilu s polpriklopnikom, katerega je vozil voznik 33-letni dr\u017eavljan Slova\u0161ke, med vo\u017enjo od Razdrtega proti Seno\u017ee\u010dam razneslo zadnjo pnevmatiko na prikolici. Prikolico je zana\u0161alo in se iskrilo, nato pa zagorelo. Zgorela je pribli\u017eno tretjina prikolice in \u0161kode je po prvih ocenah za pribli\u017eno 10.000 evrov. Ob 8.48 je bil spro\u0161\u010den promet po prehitevalnem pasu.<\/p>\n","protected":false},"excerpt":{"rendered":"<p>KRONIKA &#8211; V ponedeljek ob 15.35 je 29-letna voznica iz Pregarij v Podgradu z vozilom&#8230;<\/p>\n","protected":false},"author":4,"featured_media":490,"comment_status":"open","ping_status":"closed","sticky":false,"template":"","format":"standard","meta":{"footnotes":""},"categories":[7],"tags":[],"class_list":["post-1548","post","type-post","status-publish","format-standard","has-post-thumbnail","hentry","category-kronika"],"featured_image_urls":{"full":["https:\/\/areafilm.si\/wordpress\/wp-content\/uploads\/2014\/09\/Resevalno_vozilo1.jpg",1600,1200,false],"thumbnail":["https:\/\/areafilm.si\/wordpress\/wp-content\/uploads\/2014\/09\/Resevalno_vozilo1-500x280.jpg",500,280,true],"medium":["https:\/\/areafilm.si\/wordpress\/wp-content\/uploads\/2014\/09\/Resevalno_vozilo1-600x365.jpg",600,365,true],"medium_large":["https:\/\/areafilm.si\/wordpress\/wp-content\/uploads\/2014\/09\/Resevalno_vozilo1-768x576.jpg",640,480,true],"large":["https:\/\/areafilm.si\/wordpress\/wp-content\/uploads\/2014\/09\/Resevalno_vozilo1-840x480.jpg",640,366,true],"1536x1536":["https:\/\/areafilm.si\/wordpress\/wp-content\/uploads\/2014\/09\/Resevalno_vozilo1.jpg",1536,1152,false],"2048x2048":["https:\/\/areafilm.si\/wordpress\/wp-content\/uploads\/2014\/09\/Resevalno_vozilo1.jpg",1600,1200,false],"covernews-featured":["https:\/\/areafilm.si\/wordpress\/wp-content\/uploads\/2014\/09\/Resevalno_vozilo1.jpg",1024,768,false],"covernews-medium":["https:\/\/areafilm.si\/wordpress\/wp-content\/uploads\/2014\/09\/Resevalno_vozilo1.jpg",453,340,false],"woocommerce_thumbnail":["https:\/\/areafilm.si\/wordpress\/wp-content\/uploads\/2014\/09\/Resevalno_vozilo1-300x300.jpg",300,300,true],"woocommerce_single":["https:\/\/areafilm.si\/wordpress\/wp-content\/uploads\/2014\/09\/Resevalno_vozilo1-600x450.jpg",600,450,true],"woocommerce_gallery_thumbnail":["https:\/\/areafilm.si\/wordpress\/wp-content\/uploads\/2014\/09\/Resevalno_vozilo1-100x100.jpg",100,100,true]},"author_info":{"info":["Uredni\u0161tvo Primorski Utrip"]},"category_info":"<a href=\"https:\/\/areafilm.si\/wordpress\/category\/kronika\/\" rel=\"category tag\">Kronika<\/a>","tag_info":"Kronika","comment_count":"0","_links":{"self":[{"href":"https:\/\/areafilm.si\/wordpress\/wp-json\/wp\/v2\/posts\/1548","targetHints":{"allow":["GET"]}}],"collection":[{"href":"https:\/\/areafilm.si\/wordpress\/wp-json\/wp\/v2\/posts"}],"about":[{"href":"https:\/\/areafilm.si\/wordpress\/wp-json\/wp\/v2\/types\/post"}],"author":[{"embeddable":true,"href":"https:\/\/areafilm.si\/wordpress\/wp-json\/wp\/v2\/users\/4"}],"replies":[{"embeddable":true,"href":"https:\/\/areafilm.si\/wordpress\/wp-json\/wp\/v2\/comments?post=1548"}],"version-history":[{"count":2,"href":"https:\/\/areafilm.si\/wordpress\/wp-json\/wp\/v2\/posts\/1548\/revisions"}],"predecessor-version":[{"id":1550,"href":"https:\/\/areafilm.si\/wordpress\/wp-json\/wp\/v2\/posts\/1548\/revisions\/1550"}],"wp:featuredmedia":[{"embeddable":true,"href":"https:\/\/areafilm.si\/wordpress\/wp-json\/wp\/v2\/media\/490"}],"wp:attachment":[{"href":"https:\/\/areafilm.si\/wordpress\/wp-json\/wp\/v2\/media?parent=1548"}],"wp:term":[{"taxonomy":"category","embeddable":true,"href":"https:\/\/areafilm.si\/wordpress\/wp-json\/wp\/v2\/categories?post=1548"},{"taxonomy":"post_tag","embeddable":true,"href":"https:\/\/areafilm.si\/wordpress\/wp-json\/wp\/v2\/tags?post=1548"}],"curies":[{"name":"wp","href":"https:\/\/api.w.org\/{rel}","templated":true}]}}