{"id":1558,"date":"2015-07-10T11:58:29","date_gmt":"2015-07-10T09:58:29","guid":{"rendered":"http:\/\/slo5.net\/wordpress\/?p=1558"},"modified":"2015-07-10T11:58:29","modified_gmt":"2015-07-10T09:58:29","slug":"dve-motoristicni-nesreci-oba-motorista-v-bolnisnici","status":"publish","type":"post","link":"https:\/\/areafilm.si\/wordpress\/dve-motoristicni-nesreci-oba-motorista-v-bolnisnici\/","title":{"rendered":"Dve motoristi\u010dni nesre\u010di, oba motorista v bolni\u0161nici"},"content":{"rendered":"<p>KRONIKA \u2013 V \u010detrtek ob 16.05 je v Luciji v 60-letni doma\u010din vozil v kro\u017ei\u0161\u010du, ko se je v kro\u017ei\u0161\u010de nepravilno vklju\u010deval 79-letni dr\u017eavljan Italije z osebnim avtomobilom. Pri tr\u010denju je motorist s krmilom zadel v zadnji levi bo\u010dni del avtomobila, izgubil oblast nad motorjem in padel. Huje po\u0161kodovanega so odpeljali v izolsko bolni\u0161nico. Povzro\u010ditelju zaradi izsiljevanja prednosti sledi kazenska ovadba.<\/p>\n<p>Ob 17.41 se je zgodila prometna nesre\u010da v \u010ce\u017earjih. 18-letnik je vozil neregistrirano kolo z motorjem od Sv. Antona proti Bertokom. Iz nasprotne smeri je pripeljala 39-letna Lucijanka z osebnim avtomobilom in zavijala levo na dvori\u0161\u010de stanovanjske hi\u0161e. Pri tem je izsilila prednost motoristu, ki je padel in se po\u0161kodoval. Odpeljali so ga v bolni\u0161nico. Povzro\u010diteljici sledi pla\u010dilni nalog, 18-letniku pa ukrep zaradi vo\u017enje z neregistriranim motorjem. Cesta je bila ponovno odprta ob 18.29.<\/p>\n<p>Dopoldne je policist na mejnem prehodu Starod pri dr\u017eavljanu Albanije, potniku na avtobusu, ugotovil, da ima pri sebi popoln ponaredek vozni\u0161kega dovoljenja Albanije. Ponaredek so mu zasegli, sledi mu kazenska ovadba.<\/p>\n<p>Se\u017eanski policisti so obravnavali nasilje v dru\u017eini. Mo\u0161ki je bil fizi\u010dno in verbalno nasilen do partnerice, in sicer ob prisotnosti otroka. Policisti so mu izrekli prepoved pribli\u017eevanja, sledi mu kazenska ovadba.<\/p>\n<p>V Izoli je nekdo vlomil v lokal, pregledal notranjost in vse premetal, nato pa ukradel steklenico viskija.<\/p>\n<p>V Izoli je nekdo vlomil v stanovanjsko hi\u0161o in lastnikom odnesel zlato veri\u017eico, zapestnico in prstan. Skupaj je za 400 evrov \u0161kode.<\/p>\n<p>Popoldne so policisti v Kopru na Ulici 15. maja 26-letnemu vozniku zasegli kombi, ker so ugotovili, da vozi brez veljavnega vozni\u0161kega dovoljenja. Sledi mu obdol\u017eilni predlog.<\/p>\n<p>V pritli\u010dju gara\u017ene hi\u0161e pred koprskim trgovskim centrom je nekdo ukradel dve zaklenjeni kolesi, in sicer \u010drno gorsko mo\u0161ko kolo bad boy 700 Urban in mladinsko gorsko kolo trek 3500 D, \u010drne in oran\u017ene barve. Lastnik je o\u0161kodovan za 1.000 evrov.<\/p>\n<p>V Kopru je nekdo pono\u010di ukradel moped reg. \u0161t. KR AN48, modre barve, znamke Gilera runner 50, letnik 2002.<\/p>\n","protected":false},"excerpt":{"rendered":"<p>KRONIKA \u2013 V \u010detrtek ob 16.05 je v Luciji v 60-letni doma\u010din vozil v kro\u017ei\u0161\u010du,&#8230;<\/p>\n","protected":false},"author":4,"featured_media":542,"comment_status":"open","ping_status":"closed","sticky":false,"template":"","format":"standard","meta":{"footnotes":""},"categories":[7],"tags":[],"class_list":["post-1558","post","type-post","status-publish","format-standard","has-post-thumbnail","hentry","category-kronika"],"featured_image_urls":{"full":["https:\/\/areafilm.si\/wordpress\/wp-content\/uploads\/2014\/09\/nesreca_motor0011.jpg",500,375,false],"thumbnail":["https:\/\/areafilm.si\/wordpress\/wp-content\/uploads\/2014\/09\/nesreca_motor0011-500x280.jpg",500,280,true],"medium":["https:\/\/areafilm.si\/wordpress\/wp-content\/uploads\/2014\/09\/nesreca_motor0011-500x365.jpg",500,365,true],"medium_large":["https:\/\/areafilm.si\/wordpress\/wp-content\/uploads\/2014\/09\/nesreca_motor0011.jpg",500,375,false],"large":["https:\/\/areafilm.si\/wordpress\/wp-content\/uploads\/2014\/09\/nesreca_motor0011.jpg",500,375,false],"1536x1536":["https:\/\/areafilm.si\/wordpress\/wp-content\/uploads\/2014\/09\/nesreca_motor0011.jpg",500,375,false],"2048x2048":["https:\/\/areafilm.si\/wordpress\/wp-content\/uploads\/2014\/09\/nesreca_motor0011.jpg",500,375,false],"covernews-featured":["https:\/\/areafilm.si\/wordpress\/wp-content\/uploads\/2014\/09\/nesreca_motor0011.jpg",500,375,false],"covernews-medium":["https:\/\/areafilm.si\/wordpress\/wp-content\/uploads\/2014\/09\/nesreca_motor0011.jpg",453,340,false],"woocommerce_thumbnail":["https:\/\/areafilm.si\/wordpress\/wp-content\/uploads\/2014\/09\/nesreca_motor0011-300x300.jpg",300,300,true],"woocommerce_single":["https:\/\/areafilm.si\/wordpress\/wp-content\/uploads\/2014\/09\/nesreca_motor0011.jpg",500,375,false],"woocommerce_gallery_thumbnail":["https:\/\/areafilm.si\/wordpress\/wp-content\/uploads\/2014\/09\/nesreca_motor0011-100x100.jpg",100,100,true]},"author_info":{"info":["Uredni\u0161tvo Primorski Utrip"]},"category_info":"<a href=\"https:\/\/areafilm.si\/wordpress\/category\/kronika\/\" rel=\"category tag\">Kronika<\/a>","tag_info":"Kronika","comment_count":"0","_links":{"self":[{"href":"https:\/\/areafilm.si\/wordpress\/wp-json\/wp\/v2\/posts\/1558","targetHints":{"allow":["GET"]}}],"collection":[{"href":"https:\/\/areafilm.si\/wordpress\/wp-json\/wp\/v2\/posts"}],"about":[{"href":"https:\/\/areafilm.si\/wordpress\/wp-json\/wp\/v2\/types\/post"}],"author":[{"embeddable":true,"href":"https:\/\/areafilm.si\/wordpress\/wp-json\/wp\/v2\/users\/4"}],"replies":[{"embeddable":true,"href":"https:\/\/areafilm.si\/wordpress\/wp-json\/wp\/v2\/comments?post=1558"}],"version-history":[{"count":2,"href":"https:\/\/areafilm.si\/wordpress\/wp-json\/wp\/v2\/posts\/1558\/revisions"}],"predecessor-version":[{"id":1560,"href":"https:\/\/areafilm.si\/wordpress\/wp-json\/wp\/v2\/posts\/1558\/revisions\/1560"}],"wp:featuredmedia":[{"embeddable":true,"href":"https:\/\/areafilm.si\/wordpress\/wp-json\/wp\/v2\/media\/542"}],"wp:attachment":[{"href":"https:\/\/areafilm.si\/wordpress\/wp-json\/wp\/v2\/media?parent=1558"}],"wp:term":[{"taxonomy":"category","embeddable":true,"href":"https:\/\/areafilm.si\/wordpress\/wp-json\/wp\/v2\/categories?post=1558"},{"taxonomy":"post_tag","embeddable":true,"href":"https:\/\/areafilm.si\/wordpress\/wp-json\/wp\/v2\/tags?post=1558"}],"curies":[{"name":"wp","href":"https:\/\/api.w.org\/{rel}","templated":true}]}}