{"id":1614,"date":"2015-07-24T10:34:28","date_gmt":"2015-07-24T08:34:28","guid":{"rendered":"http:\/\/slo5.net\/wordpress\/?p=1614"},"modified":"2015-07-24T10:34:28","modified_gmt":"2015-07-24T08:34:28","slug":"zagorel-avto-s-skrito-drogo","status":"publish","type":"post","link":"https:\/\/areafilm.si\/wordpress\/zagorel-avto-s-skrito-drogo\/","title":{"rendered":"Zagorel avto s skrito drogo"},"content":{"rendered":"<p>KRONIKA \u2013 V \u010detrtek okrog 17. ure je pri\u0161lo do po\u017eara na osebnem avtomobilu pri predoru Kastelec. Ko so gasilci vozilo pogasili, so opazili, da se v branikih avtomobila nahajajo zvitki s prepovedano drogo, verjetno indijsko konopljo, v skupni koli\u010dini okoli 3 kilograme. Voznik avtomobila je \u017ee pred tem s kraja pe\u0161 pobegnil v neznani smeri in ga policisti \u0161e i\u0161\u010dejo. Zaradi ga\u0161enja po\u017eara in dodatnih aktivnosti po najdbi droge je bila avtocesta v smeri proti Ljubljani zaprta dobri dve uri.<\/p>\n<p>V \u010detrtek pono\u010di je neznanec s \u010dolna na Sv. Katarini ukradel nosilne loke za sen\u010dnik iz nerjave\u010dega jekla ter lastnika o\u0161kodoval za okoli 1.000 eur.<\/p>\n<p>Okoli 18.30 so ob\u010dani na pla\u017ei v Strunjanu zasa\u010dili 43-letnega doma\u010dina, ki je posku\u0161al ukrasti denarnico iz odlo\u017eenega nahrbtnika. Osumljeni v tem primeru tatvine ni izvr\u0161il in se je s pla\u017ee odmaknil do bli\u017enjega pritli\u010dnega stanovanja, ob\u010dani pa so o dogodku obvestili policijo. Kljub temu, da je lastnica spala na le\u017ealniku pred stanovanjem, je vstopil v notranjost in iz torbice ukradel tri denarnice z denarjem. Ko je stanovanje zapu\u0161\u010dal, so na kraj ravno prispeli policisti in ga aretirali.<\/p>\n<p>Koprski policisti so dopoldne odvzeli prostost 57-letnemu tujcu, ki za\u010dasno \u017eivi v Kopru. Na vozilu je imel name\u0161\u010dene pred nekaj dnevi v Kopru ukradene registrske tablice, v prtlja\u017eniku pa vlomilsko orodje in nekaj predmetov, ki izvirajo iz ve\u010d vlomov v stanovanjske hi\u0161e in druge objekte na \u0161ir\u0161em obmo\u010dju Kopra v preteklih tednih. Tujca so do privedbe k preiskovalnemu sodniku pridr\u017eali.<\/p>\n<p>Policisti na mejnem prehodu So\u010derga so v \u0161tirih primerih ob mejnih kontrolah potnikom zasegli manj\u0161e koli\u010dine prepovedanih drog, enemu slovenskemu dr\u017eavljanu in trem tujcem. \u0160e enemu tujemu dr\u017eavljanu so manj\u0161o koli\u010dino droge zasegli policisti na mejnem prehodu Jel\u0161ane, v enem primeru pa na mejnem prehodu Starod.<\/p>\n","protected":false},"excerpt":{"rendered":"<p>KRONIKA \u2013 V \u010detrtek okrog 17. ure je pri\u0161lo do po\u017eara na osebnem avtomobilu pri&#8230;<\/p>\n","protected":false},"author":4,"featured_media":674,"comment_status":"open","ping_status":"closed","sticky":false,"template":"","format":"standard","meta":{"footnotes":""},"categories":[7],"tags":[],"class_list":["post-1614","post","type-post","status-publish","format-standard","has-post-thumbnail","hentry","category-kronika"],"featured_image_urls":{"full":["https:\/\/areafilm.si\/wordpress\/wp-content\/uploads\/2014\/10\/gasilsko_vozilo.jpg",319,260,false],"thumbnail":["https:\/\/areafilm.si\/wordpress\/wp-content\/uploads\/2014\/10\/gasilsko_vozilo.jpg",319,260,false],"medium":["https:\/\/areafilm.si\/wordpress\/wp-content\/uploads\/2014\/10\/gasilsko_vozilo.jpg",319,260,false],"medium_large":["https:\/\/areafilm.si\/wordpress\/wp-content\/uploads\/2014\/10\/gasilsko_vozilo.jpg",319,260,false],"large":["https:\/\/areafilm.si\/wordpress\/wp-content\/uploads\/2014\/10\/gasilsko_vozilo.jpg",319,260,false],"1536x1536":["https:\/\/areafilm.si\/wordpress\/wp-content\/uploads\/2014\/10\/gasilsko_vozilo.jpg",319,260,false],"2048x2048":["https:\/\/areafilm.si\/wordpress\/wp-content\/uploads\/2014\/10\/gasilsko_vozilo.jpg",319,260,false],"covernews-featured":["https:\/\/areafilm.si\/wordpress\/wp-content\/uploads\/2014\/10\/gasilsko_vozilo.jpg",319,260,false],"covernews-medium":["https:\/\/areafilm.si\/wordpress\/wp-content\/uploads\/2014\/10\/gasilsko_vozilo.jpg",319,260,false],"woocommerce_thumbnail":["https:\/\/areafilm.si\/wordpress\/wp-content\/uploads\/2014\/10\/gasilsko_vozilo-300x260.jpg",300,260,true],"woocommerce_single":["https:\/\/areafilm.si\/wordpress\/wp-content\/uploads\/2014\/10\/gasilsko_vozilo.jpg",319,260,false],"woocommerce_gallery_thumbnail":["https:\/\/areafilm.si\/wordpress\/wp-content\/uploads\/2014\/10\/gasilsko_vozilo-100x100.jpg",100,100,true]},"author_info":{"info":["Uredni\u0161tvo Primorski Utrip"]},"category_info":"<a href=\"https:\/\/areafilm.si\/wordpress\/category\/kronika\/\" rel=\"category tag\">Kronika<\/a>","tag_info":"Kronika","comment_count":"0","_links":{"self":[{"href":"https:\/\/areafilm.si\/wordpress\/wp-json\/wp\/v2\/posts\/1614","targetHints":{"allow":["GET"]}}],"collection":[{"href":"https:\/\/areafilm.si\/wordpress\/wp-json\/wp\/v2\/posts"}],"about":[{"href":"https:\/\/areafilm.si\/wordpress\/wp-json\/wp\/v2\/types\/post"}],"author":[{"embeddable":true,"href":"https:\/\/areafilm.si\/wordpress\/wp-json\/wp\/v2\/users\/4"}],"replies":[{"embeddable":true,"href":"https:\/\/areafilm.si\/wordpress\/wp-json\/wp\/v2\/comments?post=1614"}],"version-history":[{"count":2,"href":"https:\/\/areafilm.si\/wordpress\/wp-json\/wp\/v2\/posts\/1614\/revisions"}],"predecessor-version":[{"id":1616,"href":"https:\/\/areafilm.si\/wordpress\/wp-json\/wp\/v2\/posts\/1614\/revisions\/1616"}],"wp:featuredmedia":[{"embeddable":true,"href":"https:\/\/areafilm.si\/wordpress\/wp-json\/wp\/v2\/media\/674"}],"wp:attachment":[{"href":"https:\/\/areafilm.si\/wordpress\/wp-json\/wp\/v2\/media?parent=1614"}],"wp:term":[{"taxonomy":"category","embeddable":true,"href":"https:\/\/areafilm.si\/wordpress\/wp-json\/wp\/v2\/categories?post=1614"},{"taxonomy":"post_tag","embeddable":true,"href":"https:\/\/areafilm.si\/wordpress\/wp-json\/wp\/v2\/tags?post=1614"}],"curies":[{"name":"wp","href":"https:\/\/api.w.org\/{rel}","templated":true}]}}