{"id":1660,"date":"2015-07-31T20:49:26","date_gmt":"2015-07-31T18:49:26","guid":{"rendered":"http:\/\/slo5.net\/wordpress\/?p=1660"},"modified":"2015-10-04T21:44:27","modified_gmt":"2015-10-04T19:44:27","slug":"dogodki-in-prireditve-v-izoli-avgust-2015","status":"publish","type":"post","link":"https:\/\/areafilm.si\/wordpress\/dogodki-in-prireditve-v-izoli-avgust-2015\/","title":{"rendered":"Dogodki in prireditve v Izoli &#8211; avgust 2015"},"content":{"rendered":"<table width=\"744\">\n<tbody>\n<tr>\n<td width=\"84\"><strong>DATUM<\/strong><\/td>\n<td width=\"168\"><strong>KRAJ, URA<\/strong><\/td>\n<td width=\"492\"><strong>PRIREDITEV<\/strong><\/td>\n<\/tr>\n<tr>\n<td width=\"84\">Vsak dan<\/td>\n<td width=\"168\">Arheolo\u0161ki park Simonov zaliv, 8:00-11:00 in 17:00-20:00<\/td>\n<td width=\"492\"><strong>Knji\u017enica med oljkami<\/strong>V primeru slabega vremena bo zaprto. Vstop je prost!<\/p>\n<p><em>Organizator: Arheolo\u0161ki park Simonov zaliv<\/em><\/td>\n<\/tr>\n<tr>\n<td width=\"84\">Vsak petek, soboto in nedeljo<\/td>\n<td width=\"168\">Plac pod Belvederjem, 7:00<\/td>\n<td width=\"492\"><strong>Pilates &amp; Joga<\/strong><em>Organizator: Plac pod Belvederjem<\/em><\/td>\n<\/tr>\n<tr>\n<td width=\"84\">Vsak petek<\/td>\n<td width=\"168\">Arheolo\u0161ki park Simonov zaliv, 10.00 in 16.00<\/td>\n<td width=\"492\"><strong>BREZPLA\u010cNI POTOPI V SIMONOVEM ZALIVU<br \/>\n<\/strong>ODKRIJTE POTOPLJENE OSTANKE RIMSKEGA PRISTANI\u0160\u010cA.Prijave so omejene.<br \/>\nPrijave in informacije po el. po\u0161ti na: <a href=\"mailto:mateja.ravnik@zrs.upr.si\">mateja.ravnik@zrs.upr.si<\/a><\/p>\n<p><em>Organizator: Arheolo\u0161ki park Simonov zaliv<\/em><\/td>\n<\/tr>\n<tr>\n<td width=\"84\">Vsako soboto<\/td>\n<td width=\"168\">Plac pod Belvederjem, 16:00<\/td>\n<td width=\"492\"><strong>AFTER BEACH PARTY<\/strong><em>Organizator: Plac pod Belvederjem<\/em><\/td>\n<\/tr>\n<tr>\n<td width=\"84\">Vsak torek<\/td>\n<td width=\"168\">Arheolo\u0161ki park Simonov zaliv, 20:00 &#8211; 21:00<\/td>\n<td width=\"492\"><strong>POLETNA VADBA JOGE<\/strong><em>Organizator: Arheolo\u0161ki park Simonov zaliv<\/em><\/td>\n<\/tr>\n<tr>\n<td width=\"84\">Vsak torek, sreda, petek in sobota<\/td>\n<td width=\"168\">Hotel Delfin, 20:00 &#8211; 23:00<\/td>\n<td width=\"492\"><strong>Glasba in ples v \u017eivo<\/strong><em>Organizator: Hotel Delfin<\/em><\/td>\n<\/tr>\n<tr>\n<td width=\"84\">Vsako soboto<\/td>\n<td width=\"168\">Drevored 1. maja, 8:00 &#8211; 12:00<\/td>\n<td width=\"492\"><strong>DOMA\u010cA TR\u017dNICA \u00bbRUBA SZ MOJE NJIVE\u00ab\u00a0<\/strong><em>Organizator: Turisti\u010dno zdru\u017eenje Izola<\/em><\/td>\n<\/tr>\n<tr>\n<td width=\"84\">1.8.<\/td>\n<td width=\"168\">Manziolijev trg, 21:00<\/td>\n<td width=\"492\"><strong>VITO MARENCEGROUP&amp; ANA PANDUR<\/strong>GLASBENO PLESNI FLAMENKO KONCERT<\/p>\n<p>Vstopnine ni!<\/p>\n<p><em>Organizator: CK\u0160P Izola<\/em><\/td>\n<\/tr>\n<tr>\n<td width=\"84\">1.8.<\/td>\n<td width=\"168\">Bar Svetilnik, 21:00<\/td>\n<td width=\"492\"><strong>STAND UP ve\u010der z Matja\u017eem Jav\u0161nikom<\/strong><em>Organizator: Bar svetilnik<\/em><\/td>\n<\/tr>\n<tr>\n<td width=\"84\">1.8.<\/td>\n<td width=\"168\">Plac Izolanov na Ljubljanski ulici, 11:00<\/td>\n<td width=\"492\"><strong>Zvezdice imajo 15 let!<\/strong><em>Organizator: Dru\u0161tvo prijateljev mladine Izola<\/em><\/td>\n<\/tr>\n<tr>\n<td width=\"84\">2.8.<\/td>\n<td width=\"168\">Park Pietro Coppo, 17:00<\/td>\n<td width=\"492\"><strong>MORSKE PUSTOLOV\u0160\u010cINE S PIKO NOGAVI\u010cKO IN GUSARJEM VALOM<\/strong>Gledali\u0161ka predstava<\/p>\n<p>Popoldnevi avgustovskih nedelj bodo tudi letos v parku Pietro Coppo namenjeni otrokom in morskim pustolov\u0161\u010dinam<strong>.<\/strong><\/p>\n<p><em>Organizator: CK\u0160P Izola<\/em><\/td>\n<\/tr>\n<tr>\n<td width=\"84\">5.8.<\/td>\n<td width=\"168\">Hangar Bar, 21:00<\/td>\n<td width=\"492\"><strong>Jazz ve\u010der: Jure pukl\/Mike bugala (NYC hang feat Marcos Valera and Vladimir Kostadinovic) <\/strong>+ predstavitev gostujo\u010dega piva iz Hoppines Beershop<em>Organizator: Hangar Bar<\/em><\/td>\n<\/tr>\n<tr>\n<td width=\"84\">6.8.<\/td>\n<td width=\"168\">Park Pietro Coppo, 19:00<\/td>\n<td width=\"492\"><strong>MEDANRODNI PUF FESTIVAL V IZOLI\u00a0<\/strong><em>\/ <\/em>Lutkovne predstaveTeater Piki (SK): Kravljica (lutka, 2+)<\/p>\n<p><strong>Vstopnine ni!<\/strong><\/p>\n<p><em>Organizator: Lutkarnica Koper, CK\u0160P Izola<\/em><\/td>\n<\/tr>\n<tr>\n<td width=\"84\">7.8.<\/td>\n<td width=\"168\">Bar Svetilnik, 22:00<\/td>\n<td width=\"492\"><strong>Ladies night out z Exo.Beltram<\/strong><em>Organizator: Bar svetilnik<\/em><\/td>\n<\/tr>\n<tr>\n<td width=\"84\">7.8.<\/td>\n<td width=\"168\">Hangar Bar, 21:30<\/td>\n<td width=\"492\"><strong>Kubanski ve\u010der<\/strong><strong>\u00a0<\/strong><\/p>\n<p><em>Organizator: Hangar Bar<\/em><\/td>\n<\/tr>\n<tr>\n<td width=\"84\">8.8.<\/td>\n<td width=\"168\">Ljubljanska ulica, 9:00<\/td>\n<td width=\"492\"><strong>\u0160AL\u0160IJADA <\/strong>Tekmovanje v kuhanju prave, doma\u010de istrske \u00bb\u0161al\u0161e\u00ab<\/p>\n<p><strong>Vstopnine ni!<\/strong><\/p>\n<p><strong>\u00a0<\/strong><\/p>\n<p><em>Organizator: Ljubljanska ulica, CK\u0160P Izola<\/em><\/td>\n<\/tr>\n<tr>\n<td width=\"84\">8.8.<\/td>\n<td width=\"168\">Hangar Bar, 21:30<\/td>\n<td width=\"492\"><strong>Adriano Trinidade (brazilski jazz)<\/strong><em>Organizator: Hangar Bar<\/em><\/td>\n<\/tr>\n<tr>\n<td width=\"84\">9.8.<\/td>\n<td width=\"168\">Park Pietro Coppo, 20:30<\/td>\n<td width=\"492\"><strong>POJEMO ZA VSE LJUDI II.<\/strong>Koncert<strong>\u00a0<\/strong><strong>MoPZ Izola<\/strong><\/p>\n<p><strong>Vstopnine ni!<\/strong><\/p>\n<p><strong>\u00a0<\/strong><\/p>\n<p><em>Organizator: MoPZ Izola<\/em><\/td>\n<\/tr>\n<tr>\n<td width=\"84\">12.8.<\/td>\n<td width=\"168\">Hangar Bar, 21:00<\/td>\n<td width=\"492\"><strong>Latino ve\u010der<\/strong> (te\u010daj Salse + RHYTHM OF PASSION &#8211; DJ Roby, salsa, bachata, reggeton)<em>Organizator: Hangar Bar<\/em><\/td>\n<\/tr>\n<tr>\n<td width=\"84\">13.8.<\/td>\n<td width=\"168\">Park Pietro Coppo, 19:00<\/td>\n<td width=\"492\"><strong>MEDANRODNI PUF FESTIVAL V IZOLI\u00a0<\/strong><em>\/ Lutkovne predstave<\/em>Sam Sebastjan (uli\u010dni \u010darodej)<\/p>\n<p><strong>Vstopnine ni!<\/strong><\/p>\n<p>&nbsp;<\/p>\n<p><em>Org.: Lutkarnica Koper, CK\u0160P Izola<\/em><\/td>\n<\/tr>\n<tr>\n<td width=\"84\">15.8.<\/td>\n<td width=\"168\">Hangar Bar, 21:30<\/td>\n<td width=\"492\"><strong>Matja\u017e Jav\u0161nik (monokomedija Striptiz) + Cocktail ve\u010der z barovcem Damjanom<\/strong><em>Organizator: Hangar Bar<\/em><\/td>\n<\/tr>\n<tr>\n<td width=\"84\">15.8.<\/td>\n<td width=\"168\">Manziolijev trg, 20:30<\/td>\n<td width=\"492\"><strong>TORY STORY &amp; MARNIT<\/strong><strong>\u00a0<\/strong><\/p>\n<p>Zasedbo sestavljajo mednarodno uveljavljeni glasbeniki raznorodnih stilnih orientacij in korenin \u2013\u00a0<strong>kubanski kitarist Ariel Cubria<\/strong>,\u00a0<strong>avstrijski kontrabasist Wolfram Derschmidt<\/strong>in slovenski harmonikar Jure Tori \u2013 vsi ustvarjalno prepleteni okrog osrednjega gibala nove zasedbe, \u017eenskega vokala italijanske pevke Marnit Calvi v vseh njegovih pojavnih oblikah, podprtega s poustvarjeno avtorsko poezijo in interpretacijo v italijanskem jeziku.<\/p>\n<p><strong>Vstopnine ni!<\/strong><\/p>\n<p><em>Organizator: CK\u0160P Izola<\/em><\/td>\n<\/tr>\n<tr>\n<td width=\"84\">16.8.<\/td>\n<td width=\"168\">Lonka in Son\u010dno nabre\u017eje, 10:00 &#8211; 23:00<\/td>\n<td width=\"492\"><strong>Anime&#8217; 2o15<\/strong> : sejem stripov in dru\u017eabnih iger&nbsp;<\/p>\n<p><em>Organizator: Dru\u0161tvo animov<\/em><\/td>\n<\/tr>\n<tr>\n<td width=\"84\">16.8. &#8211; 23.8.<\/td>\n<td width=\"168\">Kulturni dom Izola<\/td>\n<td width=\"492\"><strong>MUSICA CREATIVA<\/strong><strong>35. Tradicionalni poletni godbeni tabor Zveze slovenskih godb<\/strong><\/p>\n<p><strong>\u00a0<\/strong><\/p>\n<p>Tudi letos bomo lahko na zaklju\u010dnem koncertu u\u017eivali v vrhunski glasbi. Dirigenta\u00a0<strong>Mitja Dragoli\u010d<\/strong>\u00a0in\u00a0<strong>Matja\u017e Meden<\/strong>\u00a0bosta ob pomo\u010di vrhunskih in uveljavljenih mentorjev za posamezne sekcije z mladimi godbeniki na visoki strokovni ravni pripravila zahteven, a nedvomno privla\u010den koncertni program.<\/p>\n<p>&nbsp;<\/p>\n<p><em>Organizator: Kulturni dom Izola<\/em><\/td>\n<\/tr>\n<tr>\n<td width=\"84\">16.8.<\/td>\n<td width=\"168\">Park Pietro Coppo, 17:00<\/td>\n<td width=\"492\"><strong>MORSKE PUSTOLOV\u0160\u010cINE S PIKO NOGAVI\u010cKO IN GUSARJEM VALOM<\/strong>Gledali\u0161ka predstava<\/p>\n<p>&nbsp;<\/p>\n<p><strong>Popoldnevi avgustovskih nedelj bodo tudi letos v parku Pietro Coppo namenjeni otrokom in morskim pustolov\u0161\u010dinam.<\/strong><\/p>\n<p><em>Organizator: CK\u0160P Izola<\/em><\/td>\n<\/tr>\n<tr>\n<td width=\"84\">17.8.<\/td>\n<td width=\"168\">Manziolijeva pala\u010da<\/td>\n<td width=\"492\"><strong>BEYOND VOCALS #2: JAZZ COURSE EMILIE MARTENSON<\/strong>Delavnica<\/p>\n<p>&nbsp;<\/p>\n<p><em>Organizator: Italijanska skupnost Izola<\/em><\/td>\n<\/tr>\n<tr>\n<td width=\"84\">18.8. &#8211; 20.8.<\/td>\n<td width=\"168\">Manziolijev trg, 20:30<\/td>\n<td width=\"492\"><strong>ETNO HIST\u20acRIA<\/strong> Tridnevni glasbeni festival na Manziolijevem trgu18.8.\u00a0<strong>Tullara Connors<\/strong>\u00a0(Avstralija)<br \/>\nPrepoznavna Avstralska kantavtorica z dovr\u0161eno kitarsko tehniko.<\/p>\n<p>19.8.\u00a0<strong>Hayelala<\/strong>\u00a0(Izrael)<br \/>\n\u0160est \u010dlanska izraelska zasedba me\u0161a etno in avtorsko glasbo.<\/p>\n<p>20.8:\u00a0<strong>World Etno Hist\u20acria orchestra<\/strong><br \/>\n60 \u010dlanski orkester z glasbeniki iz 20. dr\u017eav celega sveta<\/p>\n<p><em>Organizator:<\/em> <em>MCLU Koper, CK\u0160P Izola<\/em><\/td>\n<\/tr>\n<tr>\n<td width=\"84\">19.8.<\/td>\n<td width=\"168\">Hangar Bar, 21:00<\/td>\n<td width=\"492\"><strong>Jazz ve\u010der: Marina + Emilia Martenson<\/strong> + predstavitev gostujo\u010dega piva iz Hoppines Beershop<em>Organizator: Hangar Bar<\/em><\/td>\n<\/tr>\n<tr>\n<td width=\"84\">20.8.<\/td>\n<td width=\"168\">Park Pietro Coppo, 19:00<\/td>\n<td width=\"492\"><strong>MEDANRODNI PUF FESTIVAL V IZOLI\u00a0<\/strong><em>\/ Lutkovne predstave<\/em>Teater Kvelb (\u010ce\u0161ka): Ka\u0161parek (lutke, 4+)<\/p>\n<p><strong>Vstopnine ni!<\/strong><\/p>\n<p><em>Org.: Lutkarnica Koper, CK\u0160P Izola<\/em><\/td>\n<\/tr>\n<tr>\n<td width=\"84\">20.8.<\/td>\n<td width=\"168\">Hangar Bar, 21:00<\/td>\n<td width=\"492\"><strong>Jam session<\/strong><em>Organizator: Hangar Bar<\/em><\/td>\n<\/tr>\n<tr>\n<td width=\"84\">21.8. &#8211; 22.8.<\/td>\n<td width=\"168\">Lonka, Ribi\u0161ki trg<\/td>\n<td width=\"492\"><strong>RIBI\u0160KI PRAZNIK \u2013 MALA BARKA 2015<\/strong>Med morskimi jedmi nas bo letos spremljala glasba\u00a0<strong>Brkinskih stricev<\/strong>\u00a0v petek in <strong>Primorskih fantov<\/strong>\u00a0v soboto na Lonki, na Velikem trgu pa bodo\u00a0<strong>igrali Pero Lov\u0161in &amp; \u0160panski borci<\/strong><strong>\u00a0<\/strong>v petek ter\u00a0<strong>Ana Pupedan<\/strong>\u00a0v soboto. Prizori\u0161\u010da bodo povezale \u0161tevilne stojnice s pestro ponudbo dobrot in izdelkov na Son\u010dnem nabre\u017eju.<\/p>\n<p>Sobota bo tradicionalno \u0161portna: \u017ee dopoldne bo vesla\u0161ka in jadralna regata mladih vesla\u010dev in jadralcev ter turnir v odbojki na mivki, popoldne pa krst novope\u010denih vesla\u010dev in jadralcev ter mini plavalni maraton. Zve\u010der pa znova glasba, ribe, morski sade\u017ei, sladice in obilo zabave!<\/p>\n<p>&nbsp;<\/p>\n<p><strong><u>PETEK, 21. 8. 2015<\/u><\/strong><\/p>\n<p><strong>Verdijeva ulica \u2013 delavnice od 17.00 do 20.00<\/strong><br \/>\n\u2013 Prikaz izdelave in uporabe ribi\u0161kih mre\u017e in vozlov.<br \/>\n\u2013 Kulinari\u010dni koti\u010dek Mala Barka, prikaz priprave tipi\u010dnih avtohtonih morskih jedi.<br \/>\n\u2013 Prikaz vzdr\u017eevalnih del na \u010dolnu (barvanje, kalafatanje idr.)<br \/>\n\u2013 Predstavitev ribi\u0161ke opreme Mala Barka.<\/p>\n<p><strong>Manziolijev trg \u2013 ob 19.00<\/strong><br \/>\nUradna otvoritev Ribi\u0161ki praznik \u2013 Mala barka 2015:<br \/>\nKvartet 7 plus, folklorna skupina Val Piran \u2026<br \/>\nProjekcija starih fotografij<\/p>\n<p><strong>Promenada \u2013 Son\u010dno nabre\u017eje<\/strong><br \/>\nOtvoritev razstave fotografij starih plovil<\/p>\n<p><strong>Trg pri vratih \u2013 mala Lonka \u2013 ob 21.00<\/strong><br \/>\nBrkinski strici<\/p>\n<p><strong>Veliki trg \u2013 ob 21.00<\/strong><br \/>\nRolling Stones Tribute, Pero Lov\u0161in &amp; \u0160panski borci<\/p>\n<p><strong><u>SOBOTA, 22. 8. 2015<\/u><\/strong><\/p>\n<p><strong>\u0160portni program<\/strong>\u00a0(okvirne ure):\u00a0<strong>Carinski pomol, Mandra\u010d, Akvatorij, hotel Delfin<\/strong><\/p>\n<p>08.30 \u2013 Vesla\u0161ka regata v \u0161olskih \u010dolnih imenovanih v \u017eargonu tudi \u00bbjole\u00ab.<br \/>\n10.00 \u2013 Turnir v odbojki na mivki \u2013 Beach Voley Cup (pe\u0161\u010deno igri\u0161\u010de \u2013 hotel Delfin)<br \/>\n11.00 \u2013 Jadralna regata novope\u010denih jadralcev v optimistih (akvatorij pred carinskim pomolom)<br \/>\n11.00 \u2013 Jadralna regata starih bark \u2013 Dru\u0161tvo starih bark Izola<br \/>\n17.00 \u2013 Krst mladih jadralcev in vesla\u010dev<br \/>\n18.00 \u2013 Mini plavalni maraton<br \/>\n19.00 \u2013 Podelitev medalj in priznanj<\/p>\n<p><strong>Trg pri vratih \u2013 mala Lonka<\/strong><br \/>\nob 10.00 \u2013 Musica Creativa (zaklju\u010dni koncert tabora Zveze slovenskih godb)<br \/>\nob 21.00 \u2013 Primorski fantje<\/p>\n<p><strong>Veliki trg \u2013 ob 21.00<\/strong><br \/>\nSottomayor, Ana Pupedan<\/p>\n<p><strong>Sre\u010delova \u2013 oba dneva:<\/strong><br \/>\nOdbojkarski klub Izola \u2013\u00a0<strong>Son\u010dno nabre\u017eje<\/strong><br \/>\nRokometni dru\u0161tvo Izola \u2013\u00a0<strong>Veliki trg<\/strong><\/p>\n<p><strong>\u00a0<\/strong><\/p>\n<p><strong>Vstopnine ni! <\/strong><\/p>\n<p><em>Organizator: Turisti\u010dno zdru\u017eenje Izola<\/em><\/td>\n<\/tr>\n<tr>\n<td width=\"84\">22.8.<\/td>\n<td width=\"168\">Lonka, 10:00<\/td>\n<td width=\"492\"><strong>MUSICA CREATIVA<\/strong>Zaklju\u010dni koncert\u00a035. \u00a0tradicionalnega poletnega godbenega tabora<strong>\u00a0<\/strong><strong>Zveze slovenskih godb<\/strong><\/p>\n<p>Tudi letos bomo lahko na zaklju\u010dnem koncertu u\u017eivali v vrhunski glasbi. Dirigenta\u00a0<strong>Mitja Dragoli\u010d<\/strong>\u00a0in\u00a0<strong>Matja\u017e Meden<\/strong>\u00a0bosta ob pomo\u010di vrhunskih in uveljavljenih mentorjev za posamezne sekcije z mladimi godbeniki na visoki strokovni ravni pripravila zahteven, a nedvomno privla\u010den koncertni program.<\/p>\n<p><strong>Vstopnine ni!<\/strong><\/p>\n<p><em>Organizator: CK\u0160P Izola<\/em><\/td>\n<\/tr>\n<tr>\n<td width=\"84\">23.8.<\/td>\n<td width=\"168\">Park Pietro Coppo, 17:00<\/td>\n<td width=\"492\"><strong>MORSKE PUSTOLOV\u0160\u010cINE S PIKO NOGAVI\u010cKO IN GUSARJEM VALOM<\/strong>Gledali\u0161ka predstava<\/p>\n<p>Popoldnevi avgustovskih nedelj bodo tudi letos v parku Pietro Coppo namenjeni otrokom in morskim pustolov\u0161\u010dinam<strong>.<\/strong><\/p>\n<p><em>Organizator: CK\u0160P Izola<\/em><\/td>\n<\/tr>\n<tr>\n<td width=\"84\">24. &#8211; 30.8.<\/td>\n<td width=\"168\">Kulturni dom Izola<\/td>\n<td width=\"492\"><strong>MEDNARODNA POLETNA GLEDALI\u0160KA \u0160OLA<\/strong>Poletne gledali\u0161ke delavnice predstavljajo edinstveno prilo\u017enost pridobiti in dopolniti osnovno gledali\u0161ko znanje.\u00a0<strong>Mednarodno uveljavljeni doma\u010di in tuji mentorji <\/strong>posredujejo udele\u017eencem svoje znanje in predvsem izku\u0161nje. Udele\u017eenci delavnic imajo tako prilo\u017enost ob delu in pogovorih skozi razli\u010dne perspektive mentorjev na gledali\u0161\u010de izoblikovati svojo suvereno gledali\u0161ko podobo.<\/p>\n<p>Rok prijave: 10. avgust 2015<\/p>\n<p><em>Organizator: JSKD OI Izola, CK\u0160P Izola<\/em><\/td>\n<\/tr>\n<tr>\n<td width=\"84\">26.8. &#8211; 29.8.<\/td>\n<td width=\"168\">Hangar Bar, 21:00<\/td>\n<td width=\"492\"><strong>Blues\u2019n\u2019Rock fest<\/strong>SREDA 26.08. \u2022 Moonlight sky (Slovenija) \u2022 Easywalkers (Slovenija)<\/p>\n<p>\u010cETRTEK 27.08. The Tzar Blues band (Slovenija) \u2022 Zamba Blues band (Hrva\u0161ka)<\/p>\n<p>PETEK 28.08. \u2022 The Lucky Cupids (Slovenija) \u2022 Bakala Blues Band (Slovenija) \u2022 Blues Machine (Novi Sad &#8211; Srbija)<\/p>\n<p>SOBOTA 28.08. \u2022 The Dreams Blues Band (SLovenija) \u2022 Livio Berak trio (Hrvaska) \u2022 Hangar Blues Band (Izola)<\/p>\n<p><em>Organizator: Hangar Bar<\/em><\/td>\n<\/tr>\n<tr>\n<td width=\"84\">27.8.<\/td>\n<td width=\"168\">Park Pietro Coppo, 19:00<\/td>\n<td width=\"492\"><strong>MEDANRODNI PUF FESTIVAL V IZOLI\u00a0<\/strong><em>\/ Lutkovne predstave<\/em>Lutkarnica Koper: O Grdinici, ki je \u0161la na lov (lutke, 2+)<\/p>\n<p><strong>Vstopnine ni!<\/strong><\/p>\n<p><em>Organizator: Lutkarnica Koper, CK\u0160P Izola<\/em><\/td>\n<\/tr>\n<tr>\n<td width=\"84\">28.8. &#8211; 29.8.<\/td>\n<td width=\"168\">Hangar Bar, 15:00 &#8211; 21:00<\/td>\n<td width=\"492\"><strong>Prvi Izola beer fest<\/strong> + Kulinari\u010dno popotovanje z Zlatim Jabolkom\u017e<em>Organizator: Hangar Bar<\/em><\/td>\n<\/tr>\n<\/tbody>\n<\/table>\n","protected":false},"excerpt":{"rendered":"<p>DATUM KRAJ, URA PRIREDITEV Vsak dan Arheolo\u0161ki park Simonov zaliv, 8:00-11:00 in 17:00-20:00 Knji\u017enica med&#8230;<\/p>\n","protected":false},"author":4,"featured_media":546,"comment_status":"open","ping_status":"closed","sticky":false,"template":"","format":"standard","meta":{"footnotes":""},"categories":[24,8],"tags":[],"class_list":["post-1660","post","type-post","status-publish","format-standard","has-post-thumbnail","hentry","category-obala","category-prirditve"],"featured_image_urls":{"full":["https:\/\/areafilm.si\/wordpress\/wp-content\/uploads\/2014\/09\/izola_panorama.jpg",600,298,false],"thumbnail":["https:\/\/areafilm.si\/wordpress\/wp-content\/uploads\/2014\/09\/izola_panorama-500x280.jpg",500,280,true],"medium":["https:\/\/areafilm.si\/wordpress\/wp-content\/uploads\/2014\/09\/izola_panorama-600x298.jpg",600,298,true],"medium_large":["https:\/\/areafilm.si\/wordpress\/wp-content\/uploads\/2014\/09\/izola_panorama.jpg",600,298,false],"large":["https:\/\/areafilm.si\/wordpress\/wp-content\/uploads\/2014\/09\/izola_panorama.jpg",600,298,false],"1536x1536":["https:\/\/areafilm.si\/wordpress\/wp-content\/uploads\/2014\/09\/izola_panorama.jpg",600,298,false],"2048x2048":["https:\/\/areafilm.si\/wordpress\/wp-content\/uploads\/2014\/09\/izola_panorama.jpg",600,298,false],"covernews-featured":["https:\/\/areafilm.si\/wordpress\/wp-content\/uploads\/2014\/09\/izola_panorama.jpg",600,298,false],"covernews-medium":["https:\/\/areafilm.si\/wordpress\/wp-content\/uploads\/2014\/09\/izola_panorama.jpg",540,268,false],"woocommerce_thumbnail":["https:\/\/areafilm.si\/wordpress\/wp-content\/uploads\/2014\/09\/izola_panorama-300x298.jpg",300,298,true],"woocommerce_single":["https:\/\/areafilm.si\/wordpress\/wp-content\/uploads\/2014\/09\/izola_panorama.jpg",600,298,false],"woocommerce_gallery_thumbnail":["https:\/\/areafilm.si\/wordpress\/wp-content\/uploads\/2014\/09\/izola_panorama-100x100.jpg",100,100,true]},"author_info":{"info":["Uredni\u0161tvo Primorski Utrip"]},"category_info":"<a href=\"https:\/\/areafilm.si\/wordpress\/category\/obala\/\" rel=\"category tag\">Obala<\/a> <a href=\"https:\/\/areafilm.si\/wordpress\/category\/prirditve\/\" rel=\"category tag\">Prireditve<\/a>","tag_info":"Prireditve","comment_count":"0","_links":{"self":[{"href":"https:\/\/areafilm.si\/wordpress\/wp-json\/wp\/v2\/posts\/1660","targetHints":{"allow":["GET"]}}],"collection":[{"href":"https:\/\/areafilm.si\/wordpress\/wp-json\/wp\/v2\/posts"}],"about":[{"href":"https:\/\/areafilm.si\/wordpress\/wp-json\/wp\/v2\/types\/post"}],"author":[{"embeddable":true,"href":"https:\/\/areafilm.si\/wordpress\/wp-json\/wp\/v2\/users\/4"}],"replies":[{"embeddable":true,"href":"https:\/\/areafilm.si\/wordpress\/wp-json\/wp\/v2\/comments?post=1660"}],"version-history":[{"count":3,"href":"https:\/\/areafilm.si\/wordpress\/wp-json\/wp\/v2\/posts\/1660\/revisions"}],"predecessor-version":[{"id":1662,"href":"https:\/\/areafilm.si\/wordpress\/wp-json\/wp\/v2\/posts\/1660\/revisions\/1662"}],"wp:featuredmedia":[{"embeddable":true,"href":"https:\/\/areafilm.si\/wordpress\/wp-json\/wp\/v2\/media\/546"}],"wp:attachment":[{"href":"https:\/\/areafilm.si\/wordpress\/wp-json\/wp\/v2\/media?parent=1660"}],"wp:term":[{"taxonomy":"category","embeddable":true,"href":"https:\/\/areafilm.si\/wordpress\/wp-json\/wp\/v2\/categories?post=1660"},{"taxonomy":"post_tag","embeddable":true,"href":"https:\/\/areafilm.si\/wordpress\/wp-json\/wp\/v2\/tags?post=1660"}],"curies":[{"name":"wp","href":"https:\/\/api.w.org\/{rel}","templated":true}]}}