{"id":1663,"date":"2015-08-03T12:50:04","date_gmt":"2015-08-03T10:50:04","guid":{"rendered":"http:\/\/slo5.net\/wordpress\/?p=1663"},"modified":"2015-08-03T12:50:04","modified_gmt":"2015-08-03T10:50:04","slug":"z-motorjem-oplazil-zid-in-se-huje-poskodoval","status":"publish","type":"post","link":"https:\/\/areafilm.si\/wordpress\/z-motorjem-oplazil-zid-in-se-huje-poskodoval\/","title":{"rendered":"Z motorjem oplazil zid in se huje po\u0161kodoval"},"content":{"rendered":"<p>KRONIKA \u2013 V soboto ob 12.05 uri je 24-letni Se\u017ean\u010dan vozil motorno kolo od Tomaja proti Dutovljam. V blagem desnem ovinku mu je nasproti pripeljal neznani voznik osebnega avtomobila, kateremu se je Se\u017ean\u010dan umikal desno in pri tem z desnim delom motornega kolesa oplazil kamniti zid, padel in se huje po\u0161kodoval (po\u0161kodba desnega gle\u017enja in odprti zlom stopal\u010dne kosti). Z re\u0161evalnim vozilom so ga odpeljali v bolni\u0161nico \u0160empeter. Policisti nadaljujejo z zbiranjem obvestil s ciljem izsleditve neznanega voznika.<\/p>\n<p>V petek popoldne je 33-letnik iz Zgornjih \u0160kofij vozil neregistrirano motorno kolo Aprilia 250 ccm, in sicer od Zgornjih \u0160kofij proti Spodnjim \u0160kofijam. Ko je pripeljal do odcepa za Elerje, je zaradi neprilagojene hitrosti izgubil oblast nad vozilom in padel. Takrat pa je iz Elerjev pripeljal 67-letni dr\u017eavljan Italije z osebnim avtomobilom. Po padcu motorista je motor drsel naprej po vozi\u0161\u010du in tr\u010dil v zadnji desni odbija\u010d avtomobila. Motoristu je bil odrejen strokovni pregled za mamila in alkohol, sledi mu obdol\u017eilni predlog. Ker ne poseduje veljavnega vozni\u0161kega dovoljenja, so mu motor zasegli.<\/p>\n<p>Ob 19.12 so policisti na mejnem prehodu Jel\u0161ane 23-letniku z Jesenic zasegli vozilo, saj so pri kontroli ugotovili, da ne poseduje veljavnega vozni\u0161kega dovoljenja. Sledi mu obdol\u017eilni predlog.<\/p>\n<p>V Kopru so vlomili v skladi\u0161\u010de ene od trgovin. Ukradli so motorne \u017eage, kotne brusilke, vrtalni stroj in vibracijsko iglo ter nekaj opa\u017enih in veznih kovinskih elementov. Podjetje je o\u0161kodovano pribli\u017eno za 2.700 evrov.<\/p>\n<p>V soboto ob 7.34 je v Kopru padel motorist. Prometno nesre\u010do je povzro\u010dil 29-letni voznik osebnega avtomobila iz \u0160marij, ki je zavijal levo v trenutku, ko ga je prehiteval voznik 46-letni motorist, dr\u017eavljan Italije. Motorista so po\u0161kodovanega odpeljali v bolni\u0161nico Izola, po prvih podatkih naj bi bil la\u017eje po\u0161kodovan. Povzro\u010ditelju sledi pla\u010dilni nalog. Cesta je bila zaprta v obe smeri, promet je bil ponovno spro\u0161\u010den ob 8.56.<\/p>\n<p>Dopoldne so policisti v Luciji ustavili 32-letnega Kopr\u010dana z osebnim avtomobilom, ki ne poseduje veljavnega vozni\u0161kega dovoljenja. Zasegli so mu vozilo, sledi mu obdol\u017eilni predlog.<\/p>\n<p>V mandra\u010du v Semedeli je nekdo prevrnil in potopil motorni \u010doln znamke Pasara T401. Pri tem se je po\u0161kodoval motor znamke Yamaha, lastnica pa je o\u0161kodovana za 2.000 evrov.<\/p>\n<p>Ob 12.05 so bili policisti obve\u0161\u010deni o tem, da Renault Clio sive barve obra\u010da pred predorom Markovec. V njem je starej\u0161a \u017eenska, ki je odpeljala nazaj proti Kopru, in sicer v napa\u010dno smer. Policisti so vozilo opazili na izvozu za Semedelo. 80-letna voznica iz Kopra je priznala prekr\u0161ek. Odvzeli so ji vozni\u0161ko dovoljenje, sledi ji obdol\u017eilni predlog.<\/p>\n<p>V Bertokih je nekdo pono\u010di vstopil v lokal in ukradel kuverto z nekaj ve\u010d kot 2300 evri.<\/p>\n<p>Ob 23.15 so policisti v Se\u017eani 31-letnemu Tr\u017ea\u010danu z osebnim avtomobilom izmerili hitrost 67 km\/h. Nato ni ustavil na znak policista, ki ga je ustavljal z rde\u010do lu\u010djo, temve\u010d je odpeljal naprej na avtocesto proti Italiji. Policisti so ga ustavili na bencinskem servisu Ferneti\u010di, kjer so mu odredili preizkus alkoholiziranosti, ki je pokazal 0.56 mg\/l alkohola po izdihanem zraku. Odredili so mu pridr\u017eanje in ga z obdol\u017eilnim predlogom privedli na sodi\u0161\u010de naslednji dan dopoldne.<\/p>\n<p>Ob 23.22 so policisti na mejnem prehodu pri 36-letnemu dr\u017eavljanu Poljske na\u0161li bodalo \u2013 oro\u017eje. Bodalo so mu zasegli in izvedli hitri postopek z odlo\u010dbo. Tujec je pla\u010dal na kraju globo v vi\u0161ini 250 evrov in 100 evrov sodne takse.<\/p>\n<p>V enem od lokalov v Postojni je nekdo okradel 44-letnega dr\u017eavljana Italije. Nekdo mu je, ko je bil nepazljiv, ukradel torbico s 500 evri in dokumenti ter potovalko, v kateri je imel obla\u010dila.<\/p>\n<p>V nedeljo ob 16.08 so policisti na mejnem prehodu Starod pri 40-letnemu dr\u017eavljanu \u010ce\u0161ke na\u0161li elektri\u010dni paralizator, prikrit v svetilki. Paralizator so mu zasegli in izvedli hitri postopek z izdajo odlo\u010dbe.<\/p>\n<p>V Izoli na parkiri\u0161\u010du pod Belvederjem je nekdo vlomil v osebni avto in lastnici, dr\u017eavljanki Hrva\u0161ke, odnesel nekaj osebnih predmetov, dokumentov in avtoradio. O\u0161kodovana je za 200 evrov.<\/p>\n<p>V no\u010di na ponedeljek ob 1.22 so policisti prejeli klic iz piranskega hotela. Tam zaposleni je videl nekoga, ki je bil zamaskiran in je pravkar pobegnil. Po ogledu kraja je bilo ugotovljeno, da je neznani storilec pobral denar iz sefa in zbe\u017eal. Policisti nadaljujejo z zbiranjem obvestil.<\/p>\n","protected":false},"excerpt":{"rendered":"<p>KRONIKA \u2013 V soboto ob 12.05 uri je 24-letni Se\u017ean\u010dan vozil motorno kolo od Tomaja&#8230;<\/p>\n","protected":false},"author":4,"featured_media":542,"comment_status":"open","ping_status":"closed","sticky":false,"template":"","format":"standard","meta":{"footnotes":""},"categories":[7],"tags":[],"class_list":["post-1663","post","type-post","status-publish","format-standard","has-post-thumbnail","hentry","category-kronika"],"featured_image_urls":{"full":["https:\/\/areafilm.si\/wordpress\/wp-content\/uploads\/2014\/09\/nesreca_motor0011.jpg",500,375,false],"thumbnail":["https:\/\/areafilm.si\/wordpress\/wp-content\/uploads\/2014\/09\/nesreca_motor0011-500x280.jpg",500,280,true],"medium":["https:\/\/areafilm.si\/wordpress\/wp-content\/uploads\/2014\/09\/nesreca_motor0011-500x365.jpg",500,365,true],"medium_large":["https:\/\/areafilm.si\/wordpress\/wp-content\/uploads\/2014\/09\/nesreca_motor0011.jpg",500,375,false],"large":["https:\/\/areafilm.si\/wordpress\/wp-content\/uploads\/2014\/09\/nesreca_motor0011.jpg",500,375,false],"1536x1536":["https:\/\/areafilm.si\/wordpress\/wp-content\/uploads\/2014\/09\/nesreca_motor0011.jpg",500,375,false],"2048x2048":["https:\/\/areafilm.si\/wordpress\/wp-content\/uploads\/2014\/09\/nesreca_motor0011.jpg",500,375,false],"covernews-featured":["https:\/\/areafilm.si\/wordpress\/wp-content\/uploads\/2014\/09\/nesreca_motor0011.jpg",500,375,false],"covernews-medium":["https:\/\/areafilm.si\/wordpress\/wp-content\/uploads\/2014\/09\/nesreca_motor0011.jpg",453,340,false],"woocommerce_thumbnail":["https:\/\/areafilm.si\/wordpress\/wp-content\/uploads\/2014\/09\/nesreca_motor0011-300x300.jpg",300,300,true],"woocommerce_single":["https:\/\/areafilm.si\/wordpress\/wp-content\/uploads\/2014\/09\/nesreca_motor0011.jpg",500,375,false],"woocommerce_gallery_thumbnail":["https:\/\/areafilm.si\/wordpress\/wp-content\/uploads\/2014\/09\/nesreca_motor0011-100x100.jpg",100,100,true]},"author_info":{"info":["Uredni\u0161tvo Primorski Utrip"]},"category_info":"<a href=\"https:\/\/areafilm.si\/wordpress\/category\/kronika\/\" rel=\"category tag\">Kronika<\/a>","tag_info":"Kronika","comment_count":"0","_links":{"self":[{"href":"https:\/\/areafilm.si\/wordpress\/wp-json\/wp\/v2\/posts\/1663","targetHints":{"allow":["GET"]}}],"collection":[{"href":"https:\/\/areafilm.si\/wordpress\/wp-json\/wp\/v2\/posts"}],"about":[{"href":"https:\/\/areafilm.si\/wordpress\/wp-json\/wp\/v2\/types\/post"}],"author":[{"embeddable":true,"href":"https:\/\/areafilm.si\/wordpress\/wp-json\/wp\/v2\/users\/4"}],"replies":[{"embeddable":true,"href":"https:\/\/areafilm.si\/wordpress\/wp-json\/wp\/v2\/comments?post=1663"}],"version-history":[{"count":2,"href":"https:\/\/areafilm.si\/wordpress\/wp-json\/wp\/v2\/posts\/1663\/revisions"}],"predecessor-version":[{"id":1665,"href":"https:\/\/areafilm.si\/wordpress\/wp-json\/wp\/v2\/posts\/1663\/revisions\/1665"}],"wp:featuredmedia":[{"embeddable":true,"href":"https:\/\/areafilm.si\/wordpress\/wp-json\/wp\/v2\/media\/542"}],"wp:attachment":[{"href":"https:\/\/areafilm.si\/wordpress\/wp-json\/wp\/v2\/media?parent=1663"}],"wp:term":[{"taxonomy":"category","embeddable":true,"href":"https:\/\/areafilm.si\/wordpress\/wp-json\/wp\/v2\/categories?post=1663"},{"taxonomy":"post_tag","embeddable":true,"href":"https:\/\/areafilm.si\/wordpress\/wp-json\/wp\/v2\/tags?post=1663"}],"curies":[{"name":"wp","href":"https:\/\/api.w.org\/{rel}","templated":true}]}}