{"id":1673,"date":"2015-08-06T10:15:15","date_gmt":"2015-08-06T08:15:15","guid":{"rendered":"http:\/\/slo5.net\/wordpress\/?p=1673"},"modified":"2015-08-06T10:15:15","modified_gmt":"2015-08-06T08:15:15","slug":"s-pistolo-v-zlatarno","status":"publish","type":"post","link":"https:\/\/areafilm.si\/wordpress\/s-pistolo-v-zlatarno\/","title":{"rendered":"S pi\u0161tolo v zlatarno"},"content":{"rendered":"<p>KRONIKA &#8211; V sredo ob 13.32 so bili policisti obve\u0161\u010deni o poskusu ropa v zlatarno v Portoro\u017eu. Ko je bila v prodajalni uslu\u017ebenka, sta vstopila dva mlaj\u0161a mo\u0161ka. Eden od njiju je izza hrbta potegnil pi\u0161tolo, uslu\u017ebenka pa se je ustra\u0161ila in pri\u010dela kri\u010dati. Zatem sta oba pobegnila. Uslu\u017ebenka je najprej poklicala lastnika, \u0161ele nato sta obvestila policijo. Policisti nadaljujejo z zbiranjem obvestil.<\/p>\n<p>V Luciji je nekdo vlomil v kamp hi\u0161ico, od koder je odnesel \u017ear, mikrovalovno pe\u010dico in manj\u0161i televizor, skupaj vredno 300 evrov.<\/p>\n<p>Na Ba\u010du pri Ilirska Bistrici je nekdo v \u010dasu od 1.5. do 5.8. neovirano pri\u0161el pred gospodarsko poslopje, kjer je imelo podjetje zlo\u017eenih pribli\u017eno 25 kolutov opti\u010dnega kabla razli\u010dnih debelin in kapacitet in si jih protipravno prilastil. Podjetje je o\u0161kodovano za pribli\u017eno 25.000 evrov.<\/p>\n<p>Postojnski policisti so obravnavali nasilje v dru\u017eini. Nasilnemu mo\u0161kemu so izrekli prepoved pribli\u017eevanja.<\/p>\n<p>Ob 3.55 so na policiji prejeli obvestilo, da nekdo z osebnim avtomobilom Toyota divja po Kopru in obra\u010da z ro\u010dno. V vozilu sta bila 21- in 31-letni Izolan. 31-letniku, ki je vozil, so policisti odredili preizkus alkoholiziranosti, katerega je odklonil, prav tako je odklonil vse nadaljnje postopke. V postopek se je za\u010del vme\u0161avati mlaj\u0161i sopotnik. Ukazali so mu, naj se umiri in se ne vme\u0161ava v postopek, vendar tega ni storil in je v vinjenem stanju nadaljeval s kr\u0161itvami. Odredili so mu pridr\u017eanje in zanj uporabili prisilna sredstva. Pridr\u017eanje so odredili tudi vozniku, saj si ni zagotovil prevoza, zato je bilo mogo\u010de sklepati, da bo z vo\u017enjo nadaljeval. 21-letnemu Izolanu sledi pla\u010dilni nalog, 31-letnemu vozniku pa obdol\u017eilni predlog zaradi vo\u017enje pod vplivom alkohola oz. odklona preizkusa alkoholiziranosti.<\/p>\n","protected":false},"excerpt":{"rendered":"<p>KRONIKA &#8211; V sredo ob 13.32 so bili policisti obve\u0161\u010deni o poskusu ropa v zlatarno&#8230;<\/p>\n","protected":false},"author":4,"featured_media":650,"comment_status":"open","ping_status":"closed","sticky":false,"template":"","format":"standard","meta":{"footnotes":""},"categories":[7],"tags":[],"class_list":["post-1673","post","type-post","status-publish","format-standard","has-post-thumbnail","hentry","category-kronika"],"featured_image_urls":{"full":["https:\/\/areafilm.si\/wordpress\/wp-content\/uploads\/2014\/10\/policijska_marica.jpg",512,323,false],"thumbnail":["https:\/\/areafilm.si\/wordpress\/wp-content\/uploads\/2014\/10\/policijska_marica-500x280.jpg",500,280,true],"medium":["https:\/\/areafilm.si\/wordpress\/wp-content\/uploads\/2014\/10\/policijska_marica.jpg",512,323,false],"medium_large":["https:\/\/areafilm.si\/wordpress\/wp-content\/uploads\/2014\/10\/policijska_marica.jpg",512,323,false],"large":["https:\/\/areafilm.si\/wordpress\/wp-content\/uploads\/2014\/10\/policijska_marica.jpg",512,323,false],"1536x1536":["https:\/\/areafilm.si\/wordpress\/wp-content\/uploads\/2014\/10\/policijska_marica.jpg",512,323,false],"2048x2048":["https:\/\/areafilm.si\/wordpress\/wp-content\/uploads\/2014\/10\/policijska_marica.jpg",512,323,false],"covernews-featured":["https:\/\/areafilm.si\/wordpress\/wp-content\/uploads\/2014\/10\/policijska_marica.jpg",512,323,false],"covernews-medium":["https:\/\/areafilm.si\/wordpress\/wp-content\/uploads\/2014\/10\/policijska_marica.jpg",512,323,false],"woocommerce_thumbnail":["https:\/\/areafilm.si\/wordpress\/wp-content\/uploads\/2014\/10\/policijska_marica-300x300.jpg",300,300,true],"woocommerce_single":["https:\/\/areafilm.si\/wordpress\/wp-content\/uploads\/2014\/10\/policijska_marica.jpg",512,323,false],"woocommerce_gallery_thumbnail":["https:\/\/areafilm.si\/wordpress\/wp-content\/uploads\/2014\/10\/policijska_marica-100x100.jpg",100,100,true]},"author_info":{"info":["Uredni\u0161tvo Primorski Utrip"]},"category_info":"<a href=\"https:\/\/areafilm.si\/wordpress\/category\/kronika\/\" rel=\"category tag\">Kronika<\/a>","tag_info":"Kronika","comment_count":"0","_links":{"self":[{"href":"https:\/\/areafilm.si\/wordpress\/wp-json\/wp\/v2\/posts\/1673","targetHints":{"allow":["GET"]}}],"collection":[{"href":"https:\/\/areafilm.si\/wordpress\/wp-json\/wp\/v2\/posts"}],"about":[{"href":"https:\/\/areafilm.si\/wordpress\/wp-json\/wp\/v2\/types\/post"}],"author":[{"embeddable":true,"href":"https:\/\/areafilm.si\/wordpress\/wp-json\/wp\/v2\/users\/4"}],"replies":[{"embeddable":true,"href":"https:\/\/areafilm.si\/wordpress\/wp-json\/wp\/v2\/comments?post=1673"}],"version-history":[{"count":2,"href":"https:\/\/areafilm.si\/wordpress\/wp-json\/wp\/v2\/posts\/1673\/revisions"}],"predecessor-version":[{"id":1675,"href":"https:\/\/areafilm.si\/wordpress\/wp-json\/wp\/v2\/posts\/1673\/revisions\/1675"}],"wp:featuredmedia":[{"embeddable":true,"href":"https:\/\/areafilm.si\/wordpress\/wp-json\/wp\/v2\/media\/650"}],"wp:attachment":[{"href":"https:\/\/areafilm.si\/wordpress\/wp-json\/wp\/v2\/media?parent=1673"}],"wp:term":[{"taxonomy":"category","embeddable":true,"href":"https:\/\/areafilm.si\/wordpress\/wp-json\/wp\/v2\/categories?post=1673"},{"taxonomy":"post_tag","embeddable":true,"href":"https:\/\/areafilm.si\/wordpress\/wp-json\/wp\/v2\/tags?post=1673"}],"curies":[{"name":"wp","href":"https:\/\/api.w.org\/{rel}","templated":true}]}}