{"id":1679,"date":"2015-08-10T20:27:14","date_gmt":"2015-08-10T18:27:14","guid":{"rendered":"http:\/\/slo5.net\/wordpress\/?p=1679"},"modified":"2015-08-11T07:51:28","modified_gmt":"2015-08-11T05:51:28","slug":"smrtna-zrtev-v-nesreci-na-ilirsko-bistriskem","status":"publish","type":"post","link":"https:\/\/areafilm.si\/wordpress\/smrtna-zrtev-v-nesreci-na-ilirsko-bistriskem\/","title":{"rendered":"Smrtna \u017ertev v nesre\u010di na Ilirsko-bistri\u0161kem"},"content":{"rendered":"<p>KRONIKA &#8211; V nedeljo ob 7.31 se je med Pregarjami in Tominjami zgodila huda prometna nesre\u010da. 21-letni doma\u010din je peljal z osebnim avtomobilom po lokalni cesti od Pregarij proti Harijam in prehiteval vozilo pred seboj. Po kon\u010danem prehitevanju je izgubil kontrolo nad vozilom in zapeljal izven ceste, kjer se je vozilo pri\u010delo prevra\u010dati in je tr\u010dilo v drevo. Voznik in potnik sta ostala v vozilu. Voznik je na kraju umrl, zdravnik je zanj odredil obdukcijo, njegov 22-letni sopotnik pa se je v nesre\u010di huje po\u0161kodoval.<\/p>\n<p>V petek popoldne so policisti 24-letnemu dr\u017eavljanu Italije v Se\u017eani zasegli motorno kolo Piaggio Carnaby 125 ccm, ker ne poseduje vozni\u0161kega dovoljenja A kategorije. Prav tako voznik in sopotnik nista uporabljala varnostne \u010delade. Sledil mu je obdol\u017eilni predlog na sodi\u0161\u010de Se\u017eana, in sicer zaradi kr\u0161itev 50\/8 \u010dlena ZVoz in 34\/5 Zprcp, vozilo so mu zasegli.<\/p>\n<p>Popoldne so policisti na mejnem prehodu Dragonja ob kontroli pri 30-letniku iz Hrastnika na\u0161li \u010drno platneno vre\u010dko, v kateri je bil PVC zavitek s posu\u0161enimi rastlinskimi delci rjavo zelene barve, PVC zavitek z belo pra\u0161nato snovjo, zavitek s kristalno snovjo rjave barve, PVC zavitek s kristalno snovjo rjave barve in PVC vre\u010dka s \u0161tirimi tabletami. Za vse snovi so policisti posumili, da gre za prepovedane droge, zato so bile poslane na ekspertizo. Sopotnik se je izkazal z neveljavno osebno izkaznico, zato so mu izdali pla\u010dilni nalog.<\/p>\n<p>Ob 20.38 so policisti v Kopru ustavili 48-letnega voznika iz Lo\u0161ke doline, za katerega so ugotovili, da ima ukrep prepovedi vo\u017enje z odlo\u017eitvijo. Odrejen preizkus alkoholiziranosti mu je pokazal 0,79 mg\/l. Vozilo so mu zasegli, sledi mu enoten obdol\u017eilni predlog.<\/p>\n<p>V Pov\u017eanah pri Materiji je nekdo vlomil v stanovanjsko hi\u0161o in lastnikom odnesel 150 evrov.<\/p>\n<p>V soboto ob 2.55 so koprski policisti 43-letnemu vozniku iz Sevnice zasegli osebni avto, ker so ugotovili, da ne poseduje veljavnega vozni\u0161kega dovoljenja. Zaradi kr\u0161itve dolo\u010dil ZPrCP mu sledi enotni obdol\u017eilni predlog na sodi\u0161\u010de Koper, oddelek za prekr\u0161ke.<\/p>\n<p>V soboto so policisti na mejnem prehodu Starod, na izstopu iz dr\u017eave, sedmim dr\u017eavljanom Francije zasegli prepovedano drogo marihuana in ha\u0161i\u0161, in sicer petkrat (od 0,32 g do 2.95 g) marihuano ter dvakrat (1,18 g in 2,66 g) ha\u0161i\u0161. Za vse so uvedli hitri postopek in jim prepovedano drogo zasegli. Globo in takse so pla\u010dali na kraju.<\/p>\n<p>Ob 14.11 so bili na policiji obve\u0161\u010deni, da je v Simonovem zalivu voznik osebnega avtomobila povzro\u010dil prometno nesre\u010do in odpeljal. Policisti so ugotovili, da je 60-letni voznik z osebnim avtomobilom tr\u010dil v parkirano vozilo pri hotelu in odpeljal. Odredili so mu preizkus alkoholiziranosti, ki ga je odklonil in ni podpisal zapisnika, nato mu je bil odrejen strokovni pregled, katerega je prav tako odklonil. Preko evidenc je bilo ugotovljeno, da ne posreduje veljavnega vozni\u0161kega dovoljenja, zato so mu policisti zasegli vozilo. Sledi mu obdol\u017eilni predlog.<\/p>\n<p>Ob 18.34 so policisti prejeli anonimno obvestilo, da pod nadvozom na Rudi stoji osebni avto, mo\u0161ki v njem je mo\u010dno vinjen in verjetno bo peljal naprej proti Kopru. Ustavili so ga pred Koprom. Alkotest mu je pokazal 1,7 mg\/l, nima veljavnega vozni\u0161kega dovoljenja, storil pa je \u0161e nekaj manj\u0161ih prekr\u0161kov. Vozilo so mu zasegli, odredili so mu pridr\u017eanje, sledi mu obdol\u017eilni predlog.<\/p>\n<p>Ob 17.55 je na Belvederju nad Izolo pri\u0161lo do prometne nesre\u010de. Udele\u017eena sta bila voznik neregistriranega osebnega avtomobila znamke Ford Focus z name\u0161\u010deno prete\u010deno registrsko tablico, 49-letni Kopr\u010dan, in dr\u017eavljan Italije, voznik osebnega avtomobila znamke Audi A4. Do nesre\u010de je pri\u0161lo na cesti od drevoreda Strunjan proti Belvederju. V postopku je bil odrejen alkotest zoper oba voznika, pri \u010demer je dr\u017eavljan Italije napihal 0.00 mg\/l, Kopr\u010dan pa 0.81 mg\/l. Ugotovljeno je bilo, da je nesre\u010do povzro\u010dil Kopr\u010dan zaradi prekratke varnostne razdalje. Pri sebi ni imel dokumentov in je trdil, da poseduje vozni\u0161ko dovoljenje BiH. Po evidencah ne poseduje slovenskega vozni\u0161kega dovoljenja, \u010deprav tu dejansko prijavljeno \u017eivi od leta 2011. Vozilo so mu zasegli. Izdali so mu pla\u010dilni nalog.<\/p>\n<p>Zve\u010der je dr\u017eavljanka \u010ce\u0161ke v Kopru prijavila tatvino. V parku ob tr\u017enici v Kopru je nekdo izkoristil njeno nepazljivost in ji ukradel fotoaparat Nikon D3000 skupaj s pripadajo\u010dim objektivom. O\u0161kodovana je za 600 evrov.<\/p>\n<p>Ob 21.40 so se\u017eanski policisti odredili pridr\u017eanje 52-letnemu italijanskemu dr\u017eavljanu, in sicer zaradi vo\u017enje pod vplivom alkohola (0.64 mg\/l). Za\u010dasno so mu zasegli vozni\u0161ko dovoljenje in ga peljali na sodi\u0161\u010de v Se\u017eano.<\/p>\n<p>V Ilirski Bistrici je nekdo vlomil v trgovino z ra\u010dunalni\u0161ko opremo. Odnesel je tri prenosne ra\u010dunalnike in 20 mobilnih telefonov.<\/p>\n<p>V no\u010di na nedeljo ob 4. uri so policisti v Landolu pri Postojni ustavili 20-letno doma\u010dinko z osebnim avtomobilom, kateri je alkotest pokazal 0,81 mg\/l. Poleg tega je voznica za\u010detnica. Sledi ji obdol\u017eilni predlog.<\/p>\n<p>V nedeljo ob 8. uri zjutraj sta dr\u017eavljana \u0160vice v Kopru prijavila, da sojima med spanjem ukradli dva nahrbtnika z dokumenti in tabli\u010dnim ra\u010dunalnikom. O\u0161kodovana sta bila za 700 evrov. Pozneje so v bli\u017eini na\u0161li nahrbtnika, vendar brez vsebine. Policisti so z zbiranjem obvestil ugotovili, da je 30-letni Ljubljan\u010dan\u00a0 ob 1.42 pri\u0161el do hostla v Kopru in se napotil do sob, medtem ko je 39-letna Ljubljan\u010danka ostala na terasi in opazovala okolico. Za tem je mo\u0161ki vstopil v odklenjeno sobo, v kateri sta spala o\u0161kodovanca, in iz nje ukradel dve torbi. Vsebino torb sta Ljubljan\u010dana nato pregledala v bli\u017eini in vrednej\u0161e predmete odtujila (denarnico z vsebino, potna lista, denar, digitalni fotoaparat, i-Pod znamke Apple, son\u010dna o\u010dala in druge predmete). Ob 10.15 so ju policisti po opisu izsledili v Kopru in jima odvzeli prostost. Zasegli so jima ukradene predmete in jih vrnili o\u0161kodovancema. Sledi jima kazenska ovadba.<\/p>\n<p>V Kopru je nekdo dr\u017eavljanoma \u0160vice, medtem ko sta spala, ukradel dva nahrbtnika z dokumenti, tabli\u010dnim ra\u010dunalnikom, telefonom in 200 evrov. V neposredni bli\u017eini sta bila najdena nahrbtnika, vendar brez vsebine. O\u0161kodovana sta za 700 evrov.<\/p>\n<p>Zjutraj so piranski policisti ustavili 38-letnega Dom\u017eal\u010dana, ki ima veljaven ukrep prenehanja veljavnosti vozni\u0161kega dovoljenja. Zasegli so mu vozilo, sledi mu obdol\u017eilni predlog.<\/p>\n<p>Na po\u010divali\u0161\u010du Studenec (proti Ljubljani) so neznanci pono\u010di dr\u017eavljanoma Bolgarije, medtem ko sta spala, ukradli torbo, v kateri sta bila potna lista o\u0161kodovancev, tabli\u010dni ra\u010dunalnik Asus, digitalni fotoaparat Olympus, potni list za ma\u010dko, klju\u010di stanovanja, rezervni klju\u010di vozila in 1000 evrov gotovine. O\u0161kodovana sta za 1500 evrov.<\/p>\n<p>Ob 18.17 so imeli na mejnem prehodu Dragonja v postopku dva 18-letna dr\u017eavljana Nem\u010dije, ki sta imela v vozilu manj\u0161o kartonsko \u0161katlo, v kateri so bili posu\u0161eni rastlinski delci rjavo zelene barve. Zasegli so 4,31 gramov konoplje, nato pa \u0161e PVC vre\u010dko, v kateri je bilo 6,62 gramov konoplje in 3,99 gramov ha\u0161i\u0161a. Obema izdana odlo\u010dba v hitrem postopku, in sicer zaradi kr\u0161itve 33\/1 \u010dl. ZPPPD.<\/p>\n<p>Na mejnem prehodu Starod so dvema dr\u017eavljanoma Francije zasegli 0,93 g in 3.91 g marihuane. Obema je sledil hitri postopek z odlo\u010dbo.<\/p>\n","protected":false},"excerpt":{"rendered":"<p>KRONIKA &#8211; V nedeljo ob 7.31 se je med Pregarjami in Tominjami zgodila huda prometna&#8230;<\/p>\n","protected":false},"author":4,"featured_media":876,"comment_status":"open","ping_status":"closed","sticky":false,"template":"","format":"standard","meta":{"footnotes":""},"categories":[7],"tags":[],"class_list":["post-1679","post","type-post","status-publish","format-standard","has-post-thumbnail","hentry","category-kronika"],"featured_image_urls":{"full":["https:\/\/areafilm.si\/wordpress\/wp-content\/uploads\/2014\/07\/policija1.jpg",520,245,false],"thumbnail":["https:\/\/areafilm.si\/wordpress\/wp-content\/uploads\/2014\/07\/policija1-500x245.jpg",500,245,true],"medium":["https:\/\/areafilm.si\/wordpress\/wp-content\/uploads\/2014\/07\/policija1.jpg",520,245,false],"medium_large":["https:\/\/areafilm.si\/wordpress\/wp-content\/uploads\/2014\/07\/policija1.jpg",520,245,false],"large":["https:\/\/areafilm.si\/wordpress\/wp-content\/uploads\/2014\/07\/policija1.jpg",520,245,false],"1536x1536":["https:\/\/areafilm.si\/wordpress\/wp-content\/uploads\/2014\/07\/policija1.jpg",520,245,false],"2048x2048":["https:\/\/areafilm.si\/wordpress\/wp-content\/uploads\/2014\/07\/policija1.jpg",520,245,false],"covernews-featured":["https:\/\/areafilm.si\/wordpress\/wp-content\/uploads\/2014\/07\/policija1.jpg",520,245,false],"covernews-medium":["https:\/\/areafilm.si\/wordpress\/wp-content\/uploads\/2014\/07\/policija1.jpg",520,245,false],"woocommerce_thumbnail":["https:\/\/areafilm.si\/wordpress\/wp-content\/uploads\/2014\/07\/policija1-300x245.jpg",300,245,true],"woocommerce_single":["https:\/\/areafilm.si\/wordpress\/wp-content\/uploads\/2014\/07\/policija1.jpg",520,245,false],"woocommerce_gallery_thumbnail":["https:\/\/areafilm.si\/wordpress\/wp-content\/uploads\/2014\/07\/policija1-100x100.jpg",100,100,true]},"author_info":{"info":["Uredni\u0161tvo Primorski Utrip"]},"category_info":"<a href=\"https:\/\/areafilm.si\/wordpress\/category\/kronika\/\" rel=\"category tag\">Kronika<\/a>","tag_info":"Kronika","comment_count":"0","_links":{"self":[{"href":"https:\/\/areafilm.si\/wordpress\/wp-json\/wp\/v2\/posts\/1679","targetHints":{"allow":["GET"]}}],"collection":[{"href":"https:\/\/areafilm.si\/wordpress\/wp-json\/wp\/v2\/posts"}],"about":[{"href":"https:\/\/areafilm.si\/wordpress\/wp-json\/wp\/v2\/types\/post"}],"author":[{"embeddable":true,"href":"https:\/\/areafilm.si\/wordpress\/wp-json\/wp\/v2\/users\/4"}],"replies":[{"embeddable":true,"href":"https:\/\/areafilm.si\/wordpress\/wp-json\/wp\/v2\/comments?post=1679"}],"version-history":[{"count":3,"href":"https:\/\/areafilm.si\/wordpress\/wp-json\/wp\/v2\/posts\/1679\/revisions"}],"predecessor-version":[{"id":1681,"href":"https:\/\/areafilm.si\/wordpress\/wp-json\/wp\/v2\/posts\/1679\/revisions\/1681"}],"wp:featuredmedia":[{"embeddable":true,"href":"https:\/\/areafilm.si\/wordpress\/wp-json\/wp\/v2\/media\/876"}],"wp:attachment":[{"href":"https:\/\/areafilm.si\/wordpress\/wp-json\/wp\/v2\/media?parent=1679"}],"wp:term":[{"taxonomy":"category","embeddable":true,"href":"https:\/\/areafilm.si\/wordpress\/wp-json\/wp\/v2\/categories?post=1679"},{"taxonomy":"post_tag","embeddable":true,"href":"https:\/\/areafilm.si\/wordpress\/wp-json\/wp\/v2\/tags?post=1679"}],"curies":[{"name":"wp","href":"https:\/\/api.w.org\/{rel}","templated":true}]}}