{"id":1683,"date":"2015-08-11T15:54:45","date_gmt":"2015-08-11T13:54:45","guid":{"rendered":"http:\/\/slo5.net\/wordpress\/?p=1683"},"modified":"2015-08-11T15:54:45","modified_gmt":"2015-08-11T13:54:45","slug":"ob-vlomu-v-hiso-vsiljivca-napadla-stanovalko","status":"publish","type":"post","link":"https:\/\/areafilm.si\/wordpress\/ob-vlomu-v-hiso-vsiljivca-napadla-stanovalko\/","title":{"rendered":"Ob vlomu v hi\u0161o vsiljivca napadla stanovalko"},"content":{"rendered":"<p>KRONIKA \u2013 V ponedeljek ob 19.07 so bili policisti obve\u0161\u010deni, da sta popoldne okrog 14. ure v stanovanjsko hi\u0161o v Kopru skozi stranska vrata vstopila dva zamaskirana neznanca. Ko ju je zagledala 82-letna doma\u010dinka, se je prestra\u0161ila in zakri\u010dala, eden od njiju pa jo je odrinil. Pri tem je padla, z glavo udarila v omarico in izgubila zavest. V nezavesti je bila pribli\u017eno do 18.30. Ukradli so ji 120 evrov. Gospa ima rano na zatilju, zanjo so poskrbeli bolni\u010darji. Policisti nadaljujejo z zbiranjem obvestil.<\/p>\n<p>Na gradbi\u0161\u010du v Diva\u010di je v zadnjem tednu nekdo iz odprtega skladi\u0161\u010da ukradel 20 komadov opa\u017enih plo\u0161\u010d in 200 komadov lesenih opa\u017enih plo\u0161\u010d, vrednih 4.500 evrov.<\/p>\n<p>V Kopru pred enim od trgovskih centrov je 35-letno doma\u010dinko udaril 22-letni Ljubljan\u010dan in jo pri tem po\u0161kodoval. Policisti bodo zoper njega podali kazensko ovadbo za kaznivo dejanje nasilni\u0161tva.<\/p>\n<p>Koprski policisti so dobili prijavo nasilja v dru\u017eini. Mo\u0161ki je utemeljeno osumljen storitve kaznivega dejanja nasilja v dru\u017eini in zanemarjanja mladoletne osebe ter surovega ravnanja. Ve\u010dkrat je zadnjem obdobju izvajal fizi\u010dno nasilje nad svojo partnerico v prisotnosti otrok. Pri tem ji je tudi zagrozil, da jo bo ubil, kar je podkrepil s pi\u0161tolo. Osumljenemu so odvzeli prostost, Sledi mu kazenska ovadba.<\/p>\n<p>Kaznivo dejanje nasilja v dru\u017eini so obravnavali tudi piranski policisti. Mo\u0161ki je s svojo partnerko grdo ravnal, jo pretepal in z njo ravnal bole\u010de in poni\u017eujo\u010de ter jo spravljal v podrejen polo\u017eaj pred otrokom. Sledi mu kazenska ovadba, izre\u010dena mu je bila tudi prepoved pribli\u017eevanja.<\/p>\n<p>V Se\u017eani je nekdo vlomil v barako na vrtu in lastnikom ukradel udarno kladivo in vrtalni stroj Makita ter motorno \u017eago Stihl. \u0160kode je za 2200 evrov.<\/p>\n<p>Opolno\u010di so policisti na Pre\u0161ernovi v Izoli ustavili 24-letnega dr\u017eavljana Srbije z osebnim avtomobilom. Alkotest mu je pokazal 0,63 mg\/l. Pridr\u017eali so ga do privedbe na sodi\u0161\u010de. Sledi mu obdol\u017eilni predlog.<\/p>\n<p>Ob 3.16 so izolski policisti 47-letni voznici osebnega avtomobila zasegli vozilo, ker je vozila v \u010dasu postopka za\u010dasnega odvzema vozni\u0161kega dovoljenja. Sledi ji obdol\u017eilni predlog.<\/p>\n<p>Pono\u010di je nekdo na Kozini vlomil v prostore podjetja. Storilci so iz ograjenega prostora odnesli vitel in dva cepilca ter traktorski cirkular. Odpeljali so se z belim kombijem. Podjetje je o\u0161kodovano za 4200 evrov.<\/p>\n","protected":false},"excerpt":{"rendered":"<p>KRONIKA \u2013 V ponedeljek ob 19.07 so bili policisti obve\u0161\u010deni, da sta popoldne okrog 14&#8230;.<\/p>\n","protected":false},"author":4,"featured_media":490,"comment_status":"open","ping_status":"closed","sticky":false,"template":"","format":"standard","meta":{"footnotes":""},"categories":[7],"tags":[],"class_list":["post-1683","post","type-post","status-publish","format-standard","has-post-thumbnail","hentry","category-kronika"],"featured_image_urls":{"full":["https:\/\/areafilm.si\/wordpress\/wp-content\/uploads\/2014\/09\/Resevalno_vozilo1.jpg",1600,1200,false],"thumbnail":["https:\/\/areafilm.si\/wordpress\/wp-content\/uploads\/2014\/09\/Resevalno_vozilo1-500x280.jpg",500,280,true],"medium":["https:\/\/areafilm.si\/wordpress\/wp-content\/uploads\/2014\/09\/Resevalno_vozilo1-600x365.jpg",600,365,true],"medium_large":["https:\/\/areafilm.si\/wordpress\/wp-content\/uploads\/2014\/09\/Resevalno_vozilo1-768x576.jpg",640,480,true],"large":["https:\/\/areafilm.si\/wordpress\/wp-content\/uploads\/2014\/09\/Resevalno_vozilo1-840x480.jpg",640,366,true],"1536x1536":["https:\/\/areafilm.si\/wordpress\/wp-content\/uploads\/2014\/09\/Resevalno_vozilo1.jpg",1536,1152,false],"2048x2048":["https:\/\/areafilm.si\/wordpress\/wp-content\/uploads\/2014\/09\/Resevalno_vozilo1.jpg",1600,1200,false],"covernews-featured":["https:\/\/areafilm.si\/wordpress\/wp-content\/uploads\/2014\/09\/Resevalno_vozilo1.jpg",1024,768,false],"covernews-medium":["https:\/\/areafilm.si\/wordpress\/wp-content\/uploads\/2014\/09\/Resevalno_vozilo1.jpg",453,340,false],"woocommerce_thumbnail":["https:\/\/areafilm.si\/wordpress\/wp-content\/uploads\/2014\/09\/Resevalno_vozilo1-300x300.jpg",300,300,true],"woocommerce_single":["https:\/\/areafilm.si\/wordpress\/wp-content\/uploads\/2014\/09\/Resevalno_vozilo1-600x450.jpg",600,450,true],"woocommerce_gallery_thumbnail":["https:\/\/areafilm.si\/wordpress\/wp-content\/uploads\/2014\/09\/Resevalno_vozilo1-100x100.jpg",100,100,true]},"author_info":{"info":["Uredni\u0161tvo Primorski Utrip"]},"category_info":"<a href=\"https:\/\/areafilm.si\/wordpress\/category\/kronika\/\" rel=\"category tag\">Kronika<\/a>","tag_info":"Kronika","comment_count":"0","_links":{"self":[{"href":"https:\/\/areafilm.si\/wordpress\/wp-json\/wp\/v2\/posts\/1683","targetHints":{"allow":["GET"]}}],"collection":[{"href":"https:\/\/areafilm.si\/wordpress\/wp-json\/wp\/v2\/posts"}],"about":[{"href":"https:\/\/areafilm.si\/wordpress\/wp-json\/wp\/v2\/types\/post"}],"author":[{"embeddable":true,"href":"https:\/\/areafilm.si\/wordpress\/wp-json\/wp\/v2\/users\/4"}],"replies":[{"embeddable":true,"href":"https:\/\/areafilm.si\/wordpress\/wp-json\/wp\/v2\/comments?post=1683"}],"version-history":[{"count":2,"href":"https:\/\/areafilm.si\/wordpress\/wp-json\/wp\/v2\/posts\/1683\/revisions"}],"predecessor-version":[{"id":1685,"href":"https:\/\/areafilm.si\/wordpress\/wp-json\/wp\/v2\/posts\/1683\/revisions\/1685"}],"wp:featuredmedia":[{"embeddable":true,"href":"https:\/\/areafilm.si\/wordpress\/wp-json\/wp\/v2\/media\/490"}],"wp:attachment":[{"href":"https:\/\/areafilm.si\/wordpress\/wp-json\/wp\/v2\/media?parent=1683"}],"wp:term":[{"taxonomy":"category","embeddable":true,"href":"https:\/\/areafilm.si\/wordpress\/wp-json\/wp\/v2\/categories?post=1683"},{"taxonomy":"post_tag","embeddable":true,"href":"https:\/\/areafilm.si\/wordpress\/wp-json\/wp\/v2\/tags?post=1683"}],"curies":[{"name":"wp","href":"https:\/\/api.w.org\/{rel}","templated":true}]}}