{"id":1697,"date":"2015-08-13T10:43:37","date_gmt":"2015-08-13T08:43:37","guid":{"rendered":"http:\/\/slo5.net\/wordpress\/?p=1697"},"modified":"2015-08-13T10:43:37","modified_gmt":"2015-08-13T08:43:37","slug":"v-nesreci-na-stiripasovnici-motorist-umrl","status":"publish","type":"post","link":"https:\/\/areafilm.si\/wordpress\/v-nesreci-na-stiripasovnici-motorist-umrl\/","title":{"rendered":"V nesre\u010di na \u0161tiripasovnici motorist umrl"},"content":{"rendered":"<p>KRONIKA &#8211; V sredo ob 15.34 uri se je na cesti rezervirani za motorna vozila v Kopru zgodila prometna nesre\u010da, v kateri je umrl 50-letni voznik motornega kolesa, doma iz okolice Kopra. Voznik je vozil po prehitevalnem pasu iz smeri Semedele proti Bertokom in dohitel pred seboj voze\u010do kolono vozil. Zaradi vo\u017enje z neprilagojeno hitrostjo je pri\u010del zavirati, pri \u010demer je izgubil oblast nad vozilom in padel na levi bok. Voznik je po pribli\u017eno 40 metrih drsenja zadel v stebri\u010dek varovalne ograje, motorno kolo pa je drselo \u0161e 60 metrov naprej. Voznik je imel veljavno vozni\u0161ko dovoljenje A kategorije, med vo\u017enjo je imel na glavi pravilno pripeto homologirano \u010delado.<\/p>\n<p>Na mejnem prehodu Dragonja so policisti dopoldne ob izvajanju redne kontrole pri 19-letnem nem\u0161kem dr\u017eavljanu na\u0161li pribli\u017eno 30 gramov posu\u0161ene rastlinske snovi zeleno-rjave barve, za katero so posumili, da gre za prepovedano drogo. V nadaljnjem postopku je bilo ugotovljeno, da gre za prepovedano drogo konoplja, ki je bila zase\u017eena. Zoper tujca je bil uveden prekr\u0161kovni postopek z izrekom globe.<\/p>\n<p>Zve\u010der je pri Landolu zagorelo 7 bal sena. Gasilci so ogenj pogasili, ker pa so posumili, da je bil ta podtaknjen, so obvestili tudi policijo. Policisti so opravili ogled in nadaljujejo z zbiranjem obvestil.<\/p>\n<p>Neznani storilec je vlomil v poslovne prostore podjetja v okolici Kopra in ukradel \u0161tiri motorne \u017eage znamke Husqvarna v skupni vrednosti pribli\u017eno 2.000 evrov.<\/p>\n<p>Dopoldne je neznani storilec slovenskima dr\u017eavljanoma iz okolice Ljubljane na pla\u017ei v Izoli ukradel nahrbtnik, v katerem sta imela denarnico z ban\u010dnimi karticami, dokumente, klju\u010de osebnega avtomobila in mobilni telefon.<\/p>\n<p>Ob\u010danka iz Ankarana je dopoldne prijavila, da so ji s stojala za perilo pono\u010di ukradli ve\u010d kosov obla\u010dil.<\/p>\n","protected":false},"excerpt":{"rendered":"<p>KRONIKA &#8211; V sredo ob 15.34 uri se je na cesti rezervirani za motorna vozila&#8230;<\/p>\n","protected":false},"author":4,"featured_media":652,"comment_status":"open","ping_status":"closed","sticky":false,"template":"","format":"standard","meta":{"footnotes":""},"categories":[7],"tags":[],"class_list":["post-1697","post","type-post","status-publish","format-standard","has-post-thumbnail","hentry","category-kronika"],"featured_image_urls":{"full":["https:\/\/areafilm.si\/wordpress\/wp-content\/uploads\/2014\/10\/policijski_avto.jpg",491,269,false],"thumbnail":["https:\/\/areafilm.si\/wordpress\/wp-content\/uploads\/2014\/10\/policijski_avto.jpg",491,269,false],"medium":["https:\/\/areafilm.si\/wordpress\/wp-content\/uploads\/2014\/10\/policijski_avto.jpg",491,269,false],"medium_large":["https:\/\/areafilm.si\/wordpress\/wp-content\/uploads\/2014\/10\/policijski_avto.jpg",491,269,false],"large":["https:\/\/areafilm.si\/wordpress\/wp-content\/uploads\/2014\/10\/policijski_avto.jpg",491,269,false],"1536x1536":["https:\/\/areafilm.si\/wordpress\/wp-content\/uploads\/2014\/10\/policijski_avto.jpg",491,269,false],"2048x2048":["https:\/\/areafilm.si\/wordpress\/wp-content\/uploads\/2014\/10\/policijski_avto.jpg",491,269,false],"covernews-featured":["https:\/\/areafilm.si\/wordpress\/wp-content\/uploads\/2014\/10\/policijski_avto.jpg",491,269,false],"covernews-medium":["https:\/\/areafilm.si\/wordpress\/wp-content\/uploads\/2014\/10\/policijski_avto.jpg",491,269,false],"woocommerce_thumbnail":["https:\/\/areafilm.si\/wordpress\/wp-content\/uploads\/2014\/10\/policijski_avto-300x269.jpg",300,269,true],"woocommerce_single":["https:\/\/areafilm.si\/wordpress\/wp-content\/uploads\/2014\/10\/policijski_avto.jpg",491,269,false],"woocommerce_gallery_thumbnail":["https:\/\/areafilm.si\/wordpress\/wp-content\/uploads\/2014\/10\/policijski_avto-100x100.jpg",100,100,true]},"author_info":{"info":["Uredni\u0161tvo Primorski Utrip"]},"category_info":"<a href=\"https:\/\/areafilm.si\/wordpress\/category\/kronika\/\" rel=\"category tag\">Kronika<\/a>","tag_info":"Kronika","comment_count":"0","_links":{"self":[{"href":"https:\/\/areafilm.si\/wordpress\/wp-json\/wp\/v2\/posts\/1697","targetHints":{"allow":["GET"]}}],"collection":[{"href":"https:\/\/areafilm.si\/wordpress\/wp-json\/wp\/v2\/posts"}],"about":[{"href":"https:\/\/areafilm.si\/wordpress\/wp-json\/wp\/v2\/types\/post"}],"author":[{"embeddable":true,"href":"https:\/\/areafilm.si\/wordpress\/wp-json\/wp\/v2\/users\/4"}],"replies":[{"embeddable":true,"href":"https:\/\/areafilm.si\/wordpress\/wp-json\/wp\/v2\/comments?post=1697"}],"version-history":[{"count":2,"href":"https:\/\/areafilm.si\/wordpress\/wp-json\/wp\/v2\/posts\/1697\/revisions"}],"predecessor-version":[{"id":1699,"href":"https:\/\/areafilm.si\/wordpress\/wp-json\/wp\/v2\/posts\/1697\/revisions\/1699"}],"wp:featuredmedia":[{"embeddable":true,"href":"https:\/\/areafilm.si\/wordpress\/wp-json\/wp\/v2\/media\/652"}],"wp:attachment":[{"href":"https:\/\/areafilm.si\/wordpress\/wp-json\/wp\/v2\/media?parent=1697"}],"wp:term":[{"taxonomy":"category","embeddable":true,"href":"https:\/\/areafilm.si\/wordpress\/wp-json\/wp\/v2\/categories?post=1697"},{"taxonomy":"post_tag","embeddable":true,"href":"https:\/\/areafilm.si\/wordpress\/wp-json\/wp\/v2\/tags?post=1697"}],"curies":[{"name":"wp","href":"https:\/\/api.w.org\/{rel}","templated":true}]}}