{"id":1717,"date":"2015-08-21T12:00:16","date_gmt":"2015-08-21T10:00:16","guid":{"rendered":"http:\/\/slo5.net\/wordpress\/?p=1717"},"modified":"2015-08-21T12:00:16","modified_gmt":"2015-08-21T10:00:16","slug":"z-avtom-sledila-tatu-svojega-kolesa","status":"publish","type":"post","link":"https:\/\/areafilm.si\/wordpress\/z-avtom-sledila-tatu-svojega-kolesa\/","title":{"rendered":"Z avtom sledila tatu svojega kolesa"},"content":{"rendered":"<p>KRONIKA &#8211; V \u010detrtek ob 6.45 je 50-letna \u017eenska iz Parecaga poklicala policijo in povedala, da se pelje z osebnim avtomobilom za neznanim mo\u0161kim, ki ji je pravkar izpred hi\u0161e ukradel oran\u017eno kolo. Policisti so na mejnem prehodu Se\u010dovlje dejansko ustavili 30-letnega dr\u017eavljana Nem\u010dije na ukradenem kolesu. Kolo so mu zasegli in ga vrnili o\u0161kodovanki.<\/p>\n<p>Dopoldne so policisti v Strunjanu ustavili 55-letnega voznika osebnega avtomobila, ki nima veljavnega vozni\u0161kega dovoljenja. Vozilo so mu zasegli, sledi mu obdol\u017eilni predlog.<\/p>\n<p>Na policijski postaji Izola je ob\u010dan prijavil, da imajo na stanovanjskem bloku \u017ee tri dni naslonjen skuter Piaggio, \u010drne barve, reg. \u0161t. KP A2-601. Policisti so po evidencah ugotovili, da je vozilo prijavljeno kot ukradeno 18.8.2015 na obmo\u010dju Pirana. Vrnili so ga lastniku.<\/p>\n<p>Celjanka je prijavila, da ji je neznani mo\u0161ki s pla\u017ee med Fieso in Piranom, medtem ko je bila v morju, ukradel torbo, v kateri je imela denarnico z nekaj denarja, pla\u010dilno kartico, telefon Lenovo in vozni\u0161ko dovoljenje ter klju\u010de osebnega avtomobila in apartmaja. Tekla je za njim, vendar ga ni dohitela. O\u0161kodovana je za 400 evrov.<\/p>\n<p>V Kozini so policisti ob 20.28 zasegli kombi VW Transporter. Voznik ima namre\u010d ukrep prenehanja veljavnosti vozni\u0161kega dovoljenja. Sledi mu obdol\u017eilni predlog.<\/p>\n","protected":false},"excerpt":{"rendered":"<p>KRONIKA &#8211; V \u010detrtek ob 6.45 je 50-letna \u017eenska iz Parecaga poklicala policijo in povedala,&#8230;<\/p>\n","protected":false},"author":4,"featured_media":652,"comment_status":"open","ping_status":"closed","sticky":false,"template":"","format":"standard","meta":{"footnotes":""},"categories":[7],"tags":[],"class_list":["post-1717","post","type-post","status-publish","format-standard","has-post-thumbnail","hentry","category-kronika"],"featured_image_urls":{"full":["https:\/\/areafilm.si\/wordpress\/wp-content\/uploads\/2014\/10\/policijski_avto.jpg",491,269,false],"thumbnail":["https:\/\/areafilm.si\/wordpress\/wp-content\/uploads\/2014\/10\/policijski_avto.jpg",491,269,false],"medium":["https:\/\/areafilm.si\/wordpress\/wp-content\/uploads\/2014\/10\/policijski_avto.jpg",491,269,false],"medium_large":["https:\/\/areafilm.si\/wordpress\/wp-content\/uploads\/2014\/10\/policijski_avto.jpg",491,269,false],"large":["https:\/\/areafilm.si\/wordpress\/wp-content\/uploads\/2014\/10\/policijski_avto.jpg",491,269,false],"1536x1536":["https:\/\/areafilm.si\/wordpress\/wp-content\/uploads\/2014\/10\/policijski_avto.jpg",491,269,false],"2048x2048":["https:\/\/areafilm.si\/wordpress\/wp-content\/uploads\/2014\/10\/policijski_avto.jpg",491,269,false],"covernews-featured":["https:\/\/areafilm.si\/wordpress\/wp-content\/uploads\/2014\/10\/policijski_avto.jpg",491,269,false],"covernews-medium":["https:\/\/areafilm.si\/wordpress\/wp-content\/uploads\/2014\/10\/policijski_avto.jpg",491,269,false],"woocommerce_thumbnail":["https:\/\/areafilm.si\/wordpress\/wp-content\/uploads\/2014\/10\/policijski_avto-300x269.jpg",300,269,true],"woocommerce_single":["https:\/\/areafilm.si\/wordpress\/wp-content\/uploads\/2014\/10\/policijski_avto.jpg",491,269,false],"woocommerce_gallery_thumbnail":["https:\/\/areafilm.si\/wordpress\/wp-content\/uploads\/2014\/10\/policijski_avto-100x100.jpg",100,100,true]},"author_info":{"info":["Uredni\u0161tvo Primorski Utrip"]},"category_info":"<a href=\"https:\/\/areafilm.si\/wordpress\/category\/kronika\/\" rel=\"category tag\">Kronika<\/a>","tag_info":"Kronika","comment_count":"0","_links":{"self":[{"href":"https:\/\/areafilm.si\/wordpress\/wp-json\/wp\/v2\/posts\/1717","targetHints":{"allow":["GET"]}}],"collection":[{"href":"https:\/\/areafilm.si\/wordpress\/wp-json\/wp\/v2\/posts"}],"about":[{"href":"https:\/\/areafilm.si\/wordpress\/wp-json\/wp\/v2\/types\/post"}],"author":[{"embeddable":true,"href":"https:\/\/areafilm.si\/wordpress\/wp-json\/wp\/v2\/users\/4"}],"replies":[{"embeddable":true,"href":"https:\/\/areafilm.si\/wordpress\/wp-json\/wp\/v2\/comments?post=1717"}],"version-history":[{"count":2,"href":"https:\/\/areafilm.si\/wordpress\/wp-json\/wp\/v2\/posts\/1717\/revisions"}],"predecessor-version":[{"id":1719,"href":"https:\/\/areafilm.si\/wordpress\/wp-json\/wp\/v2\/posts\/1717\/revisions\/1719"}],"wp:featuredmedia":[{"embeddable":true,"href":"https:\/\/areafilm.si\/wordpress\/wp-json\/wp\/v2\/media\/652"}],"wp:attachment":[{"href":"https:\/\/areafilm.si\/wordpress\/wp-json\/wp\/v2\/media?parent=1717"}],"wp:term":[{"taxonomy":"category","embeddable":true,"href":"https:\/\/areafilm.si\/wordpress\/wp-json\/wp\/v2\/categories?post=1717"},{"taxonomy":"post_tag","embeddable":true,"href":"https:\/\/areafilm.si\/wordpress\/wp-json\/wp\/v2\/tags?post=1717"}],"curies":[{"name":"wp","href":"https:\/\/api.w.org\/{rel}","templated":true}]}}