{"id":1752,"date":"2015-09-01T10:33:35","date_gmt":"2015-09-01T08:33:35","guid":{"rendered":"http:\/\/slo5.net\/wordpress\/?p=1752"},"modified":"2015-10-04T21:44:17","modified_gmt":"2015-10-04T19:44:17","slug":"dogodki-in-prireditve-v-izoli-september-2015","status":"publish","type":"post","link":"https:\/\/areafilm.si\/wordpress\/dogodki-in-prireditve-v-izoli-september-2015\/","title":{"rendered":"Dogodki in prireditve v Izoli &#8211; september 2015"},"content":{"rendered":"<table width=\"744\">\n<tbody>\n<tr>\n<td width=\"84\"><strong>DATUM<\/strong><\/td>\n<td width=\"168\"><strong>KRAJ, URA<\/strong><\/td>\n<td width=\"492\"><strong>PRIREDITEV<\/strong><\/td>\n<\/tr>\n<tr>\n<td width=\"84\">Vsak petek in soboto<\/td>\n<td width=\"168\">Hotel Delfin, 20:00 &#8211; 23:00<\/td>\n<td width=\"492\"><strong>Glasba in ples v \u017eivo <\/strong>(ansambel Freeway,. ansambel Amor)<\/p>\n<p><em>Organizator: Hotel Delfin<\/em><\/td>\n<\/tr>\n<tr>\n<td width=\"84\">Vsako soboto<\/td>\n<td width=\"168\">Drevored 1. maja, 8:00 &#8211; 12:00<\/td>\n<td width=\"492\"><strong>DOMA\u010cA TR\u017dNICA \u00bbRUBA SZ MOJE NJIVE\u00ab\u00a0<\/strong><\/p>\n<p><em>Organizator: Turisti\u010dno zdru\u017eenje Izola<\/em><\/td>\n<\/tr>\n<tr>\n<td width=\"84\">1.9. &#8211; 5.9.<\/td>\n<td width=\"168\">Izola, razne lokacije<\/td>\n<td width=\"492\"><strong>TEDEN PARENZANE \u2013 PARENZANA MAGIC<\/strong><\/p>\n<p><strong>\u00a0<\/strong><\/p>\n<p><strong>29.8 &#8211; 5.9. <\/strong><\/p>\n<p>11:00 Predstavitev starih jedi v izolskih lokalih in na stojnicah.<\/p>\n<p><strong>1.9. torek <\/strong><strong><em>Pri lokomotivi<\/em><\/strong><\/p>\n<p>10:00 &#8211; 12:00 in 16:00 &#8211; 18:00 Ogled lokomotive<\/p>\n<p><strong>2.9. SREDA <em>trasa Parenzane<\/em><\/strong><\/p>\n<p>9.00 &#8211; 11.00: dobrodelni tek in hoja po progi Parenzane ter otvoritev vadbenih postaj.<\/p>\n<p><strong>3.9. \u010cETRTEK <em>Muzej Parenzana in Manziolijev trg<\/em><\/strong><\/p>\n<p>18:00 Otvoritev\u00a0<strong>razstave \u017eelezni\u0161kih modelov<\/strong> v Muzeju Parenzana<\/p>\n<p>19.00 Ogled<strong>\u00a0<\/strong><strong>filmov o starih vlakih in tramvajih<\/strong>\u00a0 na Manziolijevem trgu<\/p>\n<p><strong>4.9. PETEK <em>Izola<\/em><\/strong><\/p>\n<p>18:00 Predavanje ing. Antona Galuna o\u00a0<strong>ozkotirni progi Stainz v Avstriji.<\/strong><\/p>\n<p><strong>5.9. SOBOTA <em>Muzej Parenzana in na progi mestnega vlaka<\/em><\/strong><\/p>\n<p>10:00 &#8211; 12:00 <strong>Koncert Pihalnega orkestra<\/strong>\u00a0na mestnem vlaku<\/p>\n<p>17.00. Otvoritev\u00a0<strong>Igre vlakov<\/strong>\u00a0v Muzeju Parenzana<\/p>\n<p>&nbsp;<\/p>\n<p><em>Organizator: Ob\u010dina Izola<\/em><\/td>\n<\/tr>\n<tr>\n<td width=\"84\">4.9.<\/td>\n<td width=\"168\">Volt ob Alietovi ulici, 19:00<\/td>\n<td width=\"492\"><strong>IZOLA POD VOLTI koncert<\/strong><\/p>\n<p>Marina\u00a0 M\u00e5rtensson \u2013 vokal, kitara<\/p>\n<p>Miha Koren \u2013 bas<\/p>\n<p>David Morgan \u2013 bobni<\/p>\n<p>&nbsp;<\/p>\n<p><em>Organizator:<\/em> <em>CK\u0160P Izola, Manzioli Wine Bar, Ribja kantina Bujol<\/em><\/td>\n<\/tr>\n<tr>\n<td width=\"84\">4.9.<\/td>\n<td width=\"168\">Plac pod Belvederjem, 20:00<\/td>\n<td width=\"492\"><strong>TEMPERA BAND <\/strong><\/p>\n<p><em>Organizator: Plac pod Belvederjem<\/em><\/td>\n<\/tr>\n<tr>\n<td width=\"84\">5.9.<\/td>\n<td width=\"168\">Plac pod Belvederjem, 20:00<\/td>\n<td width=\"492\"><strong>Poletni finale na Placu<\/strong><\/p>\n<p><strong>IAN F. \/ JOE MONTANA<\/strong><\/p>\n<p><em>Organizator: Plac pod Belvederjem<\/em><\/td>\n<\/tr>\n<tr>\n<td width=\"84\">6.9.<\/td>\n<td width=\"168\">Park Pietro Coppo, 19:00<\/td>\n<td width=\"492\"><strong>POJEMO ZA VSE LJUDI II. Koncert<\/strong><\/p>\n<p>Koncert\u00a0<strong>Mo\u0161kega pevskega zbora Izola<\/strong><\/p>\n<p><strong>Dirigent: prof. Anton Baloh<\/strong><\/p>\n<p><strong>\u00a0<\/strong><\/p>\n<p><em>Organizator:<\/em> <em>MoPZ Izola<\/em><\/td>\n<\/tr>\n<tr>\n<td width=\"84\">6.9.<\/td>\n<td width=\"168\">Park Pietro Coppo, 17:00<\/td>\n<td width=\"492\"><strong>MORSKE PUSTOLOV\u0160\u010cINE S PIKO NOGAVI\u010cKO IN GUSARJEM VALOM<\/strong><\/p>\n<p>Gledali\u0161ka predstava<\/p>\n<p>Popoldnevi avgustovskih nedelj bodo tudi letos v parku Pietro Coppo namenjeni otrokom in morskim pustolov\u0161\u010dinam<strong>.<\/strong><\/p>\n<p><strong>\u00a0<\/strong><\/p>\n<p><em>Organizator: CK\u0160P Izola<\/em><\/td>\n<\/tr>\n<tr>\n<td width=\"84\">11.9.<\/td>\n<td width=\"168\">Letni kino Arrgoni, 18:30<\/td>\n<td width=\"492\"><strong>BUN KER FEST 2015 koncert<\/strong><\/p>\n<p>Koncert alternativne glasbe<\/p>\n<p>Na enodnevnem festivalu bo nastopilo sedem slovenskih glasbenih skupin, dogajanje pa bo s solo nastopom otvoril znani obalni bobnar Ajk \u0160irca.<\/p>\n<p>Nastopajo\u010di: Fetus, From Ashes, Stillout, Stino, Zmelkoow, Noctiferia, Cowboys From Hell<\/p>\n<p><em>Organizator:<\/em><em> CK\u0160P Izola, KUD Bunker 1981<\/em><\/td>\n<\/tr>\n<tr>\n<td width=\"84\">11.9.<\/td>\n<td width=\"168\">Volt na Skladi\u0161\u010dni ulici ob Velikem trgu, 19:00<\/td>\n<td width=\"492\"><strong>IZOLA POD VOLTI koncert<\/strong><\/p>\n<p><strong>Vruja trio<\/strong><\/p>\n<p><strong>Marino Kranjac<\/strong><strong>\u00a0<\/strong>\u2013 violina, meh, sopela<strong>;\u00a0<\/strong><strong>Peter Kaligari\u010d<\/strong><strong>\u00a0<\/strong>\u2013 harmonika<strong>;<\/strong><strong>Gorast Radojevi\u010d<\/strong><strong>\u00a0<\/strong><strong>\u2013 <\/strong>bajs<\/p>\n<p><em>Organizator:<\/em><em> CK\u0160P Izola, Bariera, Pizzeria Napa<\/em><\/td>\n<\/tr>\n<tr>\n<td width=\"84\">11.9.<\/td>\n<td width=\"168\">Hangar Bar, 20:00<\/td>\n<td width=\"492\"><strong><a href=\"https:\/\/www.facebook.com\/events\/1798447633715360\/?ref=22&amp;action_history=null&amp;source=22\">Noreia (tradicionalna irska, \u0161kotska, bretonska glasba)\u00a0<\/a><\/strong><\/p>\n<p><em>Organizator: Hangar Bar<\/em><\/td>\n<\/tr>\n<tr>\n<td width=\"84\">12.9.<\/td>\n<td width=\"168\">Ljubljanska ulica, 9:00<\/td>\n<td width=\"492\"><strong>BAZILIKIADA kulinari\u010dni dogodek<\/strong><\/p>\n<p><strong>Vstopnine ni!<\/strong><\/p>\n<p><em>Organizator:<\/em><em> Dru\u0161tvo Izolani, CK\u0160P Izola<\/em><\/td>\n<\/tr>\n<tr>\n<td width=\"84\">12.9.<\/td>\n<td width=\"168\">Manziolijev trg, 20:00<\/td>\n<td width=\"492\"><strong>JESENSKE SERENADE &#8211; PLES JE \u017dIVLJENJE<\/strong><\/p>\n<p>Po\u010deni \u0161kafi<\/p>\n<p><em>Organizator:<\/em> <em>GML, CK\u0160P Izola<\/em><\/td>\n<\/tr>\n<tr>\n<td width=\"84\">12.9.<\/td>\n<td width=\"168\">Marina Izola, od 8:00 dalje<\/td>\n<td width=\"492\"><strong>DIPLOMATSKA REGATA<\/strong><\/p>\n<p><em>Organizator: Jadralni klub Veter<\/em><\/td>\n<\/tr>\n<tr>\n<td width=\"84\">16.9.<\/td>\n<td width=\"168\">Mestna knji\u017enica Izola, 19:00<\/td>\n<td width=\"492\"><strong>TESLA METAMORFOZA \u2013 ZA ZDRAVLJENJE IN EVOLUCIJO, SRE\u010cANJE \u0160K KAKO \u017dIVIM TA TRENUTEK<\/strong><\/p>\n<p>V sre\u010danju bo Anja Petrovi\u0107 predstavila knjigo\u00a0<strong>Tesla metamorfoza \u2013 za zdravljenje in evolucijo\u00a0<\/strong>in Tesline zdravilne tokove. \u201eTesla metamorfoza\u201c je alternativna metoda zdravljenja, za katero obstaja velik interes znanstvenikov zaradi neverjetnih ozdravitev, vpliva na razvoj \u010dlovekove zavesti kot tudi zaradi nekaterih povsem novih pojavov povezanih z njo<\/p>\n<p><em>Organizator: Mestna knji\u017enica Izola<\/em><\/td>\n<\/tr>\n<tr>\n<td width=\"84\">18.9.<\/td>\n<td width=\"168\">Volt na Krpanovi ulici, 19:00<\/td>\n<td width=\"492\"><strong>IZOLA POD VOLTI ve\u010der poezije in glasbe<\/strong><\/p>\n<p><strong>Boris Kobal<\/strong> \u00a0s spremljavo\u00a0<strong>Dua Ponte<\/strong><\/p>\n<p>Alja Petric \u2013 vokal, Damjan Stani\u0161i\u0107 \u2013 kitara<\/p>\n<p><em>Organizator: <\/em><em>CK\u0160P Izola, Vina Bo\u017ei\u010d, gostilna Sidro<\/em><\/td>\n<\/tr>\n<tr>\n<td width=\"84\">19.9.<\/td>\n<td width=\"168\">Cerkev Sv. Marije Alietske, 20:00<\/td>\n<td width=\"492\"><strong>JESENSKE SERENADE &#8211; \u010cASOPLES koncert<\/strong><\/p>\n<p><strong>Irena Kav\u010di\u010d<\/strong><strong>,\u00a0<\/strong>flavta<br \/>\n<strong>Anja Gaberc<\/strong><strong>, <\/strong>harfa<\/p>\n<p><em>Organizator:<\/em><em>\u00a0<\/em><em>GML, CK\u0160P Izola<\/em><\/td>\n<\/tr>\n<tr>\n<td width=\"84\">19.9.<\/td>\n<td width=\"168\">Marina Izola, 11:00<\/td>\n<td width=\"492\"><strong>EVROPSKA REGATA GUMENIH \u010cOLNOV<\/strong><\/p>\n<p><em>Organizator: Marina Izola<\/em><\/td>\n<\/tr>\n<tr>\n<td width=\"84\">24.9.<\/td>\n<td width=\"168\">Mestna knji\u017enica Izola, 18:00<\/td>\n<td width=\"492\"><strong>KAKO DO SLU\u017dBE?<\/strong><\/p>\n<p>Projekt Organizirano samostojno u\u010denje<\/p>\n<p><em>Organizator: Mestna knji\u017enica Izola<\/em><\/td>\n<\/tr>\n<tr>\n<td width=\"84\">26.9.<\/td>\n<td width=\"168\">Ljubljanska ulica, 9:00<\/td>\n<td width=\"492\"><strong>\u010cILI FESTIVAL kulinari\u010dni dogodek<\/strong><\/p>\n<p><em>Organizator:<\/em><em>\u00a0\u00a0<\/em><em>Dru\u0161tvo Izolani, CK\u0160P Izola<\/em><\/td>\n<\/tr>\n<\/tbody>\n<\/table>\n<p><em>\u00a0<\/em><\/p>\n<p><em>Knji\u017enica v Manziolijevi pala\u010di: pon, tor, \u010det: 10.00 \u2013 13.00, sre, pet: 16.00 \u2013 19.00, \u010ditalnica: pon \u2013 pet: 17.00 \u2013 20.00<\/em><\/p>\n<p><em>Mestna knji\u017enica Izola: ponedeljek \u2013 petek: 9.00 \u2013 18.30, sobota 8.00 \u2013 13.00, nedelja zaprto<\/em><\/p>\n<p><strong>\u00a0<\/strong><\/p>\n<p><strong>\u00a0<\/strong><\/p>\n<p><strong>Umetni\u0161ke razstave<\/strong><\/p>\n<p><strong>\u00a0<\/strong><\/p>\n<table width=\"744\">\n<tbody>\n<tr>\n<td width=\"84\"><strong>DATUM<\/strong><\/td>\n<td width=\"144\"><strong>KRAJ, URA<\/strong><\/td>\n<td width=\"516\"><strong>RAZSTAVA<\/strong><\/td>\n<\/tr>\n<tr>\n<td width=\"84\">1.9. &#8211; 30.9.<\/td>\n<td width=\"144\">Mestna knji\u017enica Izola, Otvoritev ob 9:00<\/td>\n<td width=\"516\"><strong>OD ZIBELKE DO GROBA \u2013 PRAZNIKI \u017dIVLJENJSKEGA CIKLA: ROJSTVO, KRST, OBHAJILO, BIRMA, POROKA, SMRT\u2026<\/strong><\/td>\n<\/tr>\n<tr>\n<td width=\"84\">1.9. &#8211; 30.9.<\/td>\n<td width=\"144\">Mestna knji\u017enica Izola, Otvoritev ob 9:00<\/td>\n<td width=\"516\"><strong>V ISTRI NI NIKOLI DOLG\u010cAS, FOTOGRAFSKA RAZSTAVA NATA\u0160E FAJON<\/strong><\/td>\n<\/tr>\n<tr>\n<td width=\"84\">1.9. &#8211; 30.9.<\/td>\n<td width=\"144\">Mestna knji\u017enica Izola, Otvoritev ob 9:00<\/td>\n<td width=\"516\"><strong>RAZSTAVA LEPOSLOVNIH IN STROKOVNIH DEL NA TEMO DEMENCE<\/strong><\/td>\n<\/tr>\n<tr>\n<td width=\"84\">27.8 &#8211; 16.9.<\/td>\n<td width=\"144\">Galerija Insula<\/td>\n<td width=\"516\"><strong>DUBRAVKO BAUMGARTNER<\/strong><\/td>\n<\/tr>\n<tr>\n<td width=\"84\">3.9. &#8211; 30.9.<\/td>\n<td width=\"144\">Galerija Alga, Otvoritev ob 19:00<\/td>\n<td width=\"516\"><strong>KDLU LIK IZOLA: DRUGA\u010cNI IZRAZI<\/strong><\/p>\n<p>Otvoritev slikarsko-kiparske razstave<\/td>\n<\/tr>\n<\/tbody>\n<\/table>\n","protected":false},"excerpt":{"rendered":"<p>DATUM KRAJ, URA PRIREDITEV Vsak petek in soboto Hotel Delfin, 20:00 &#8211; 23:00 Glasba in&#8230;<\/p>\n","protected":false},"author":4,"featured_media":618,"comment_status":"open","ping_status":"closed","sticky":false,"template":"","format":"standard","meta":{"footnotes":""},"categories":[24,8],"tags":[],"class_list":["post-1752","post","type-post","status-publish","format-standard","has-post-thumbnail","hentry","category-obala","category-prirditve"],"featured_image_urls":{"full":["https:\/\/areafilm.si\/wordpress\/wp-content\/uploads\/2014\/09\/prireditve_izola01.jpg",750,500,false],"thumbnail":["https:\/\/areafilm.si\/wordpress\/wp-content\/uploads\/2014\/09\/prireditve_izola01-500x280.jpg",500,280,true],"medium":["https:\/\/areafilm.si\/wordpress\/wp-content\/uploads\/2014\/09\/prireditve_izola01-600x365.jpg",600,365,true],"medium_large":["https:\/\/areafilm.si\/wordpress\/wp-content\/uploads\/2014\/09\/prireditve_izola01.jpg",640,427,false],"large":["https:\/\/areafilm.si\/wordpress\/wp-content\/uploads\/2014\/09\/prireditve_izola01-750x480.jpg",640,410,true],"1536x1536":["https:\/\/areafilm.si\/wordpress\/wp-content\/uploads\/2014\/09\/prireditve_izola01.jpg",750,500,false],"2048x2048":["https:\/\/areafilm.si\/wordpress\/wp-content\/uploads\/2014\/09\/prireditve_izola01.jpg",750,500,false],"covernews-featured":["https:\/\/areafilm.si\/wordpress\/wp-content\/uploads\/2014\/09\/prireditve_izola01.jpg",750,500,false],"covernews-medium":["https:\/\/areafilm.si\/wordpress\/wp-content\/uploads\/2014\/09\/prireditve_izola01.jpg",510,340,false],"woocommerce_thumbnail":["https:\/\/areafilm.si\/wordpress\/wp-content\/uploads\/2014\/09\/prireditve_izola01-300x300.jpg",300,300,true],"woocommerce_single":["https:\/\/areafilm.si\/wordpress\/wp-content\/uploads\/2014\/09\/prireditve_izola01-600x400.jpg",600,400,true],"woocommerce_gallery_thumbnail":["https:\/\/areafilm.si\/wordpress\/wp-content\/uploads\/2014\/09\/prireditve_izola01-100x100.jpg",100,100,true]},"author_info":{"info":["Uredni\u0161tvo Primorski Utrip"]},"category_info":"<a href=\"https:\/\/areafilm.si\/wordpress\/category\/obala\/\" rel=\"category tag\">Obala<\/a> <a href=\"https:\/\/areafilm.si\/wordpress\/category\/prirditve\/\" rel=\"category tag\">Prireditve<\/a>","tag_info":"Prireditve","comment_count":"0","_links":{"self":[{"href":"https:\/\/areafilm.si\/wordpress\/wp-json\/wp\/v2\/posts\/1752","targetHints":{"allow":["GET"]}}],"collection":[{"href":"https:\/\/areafilm.si\/wordpress\/wp-json\/wp\/v2\/posts"}],"about":[{"href":"https:\/\/areafilm.si\/wordpress\/wp-json\/wp\/v2\/types\/post"}],"author":[{"embeddable":true,"href":"https:\/\/areafilm.si\/wordpress\/wp-json\/wp\/v2\/users\/4"}],"replies":[{"embeddable":true,"href":"https:\/\/areafilm.si\/wordpress\/wp-json\/wp\/v2\/comments?post=1752"}],"version-history":[{"count":2,"href":"https:\/\/areafilm.si\/wordpress\/wp-json\/wp\/v2\/posts\/1752\/revisions"}],"predecessor-version":[{"id":1754,"href":"https:\/\/areafilm.si\/wordpress\/wp-json\/wp\/v2\/posts\/1752\/revisions\/1754"}],"wp:featuredmedia":[{"embeddable":true,"href":"https:\/\/areafilm.si\/wordpress\/wp-json\/wp\/v2\/media\/618"}],"wp:attachment":[{"href":"https:\/\/areafilm.si\/wordpress\/wp-json\/wp\/v2\/media?parent=1752"}],"wp:term":[{"taxonomy":"category","embeddable":true,"href":"https:\/\/areafilm.si\/wordpress\/wp-json\/wp\/v2\/categories?post=1752"},{"taxonomy":"post_tag","embeddable":true,"href":"https:\/\/areafilm.si\/wordpress\/wp-json\/wp\/v2\/tags?post=1752"}],"curies":[{"name":"wp","href":"https:\/\/api.w.org\/{rel}","templated":true}]}}