{"id":1759,"date":"2015-09-02T20:26:19","date_gmt":"2015-09-02T18:26:19","guid":{"rendered":"http:\/\/slo5.net\/wordpress\/?p=1759"},"modified":"2015-09-02T20:26:19","modified_gmt":"2015-09-02T18:26:19","slug":"mladenic-pri-trku-z-avtomobilom-huje-poskodovan","status":"publish","type":"post","link":"https:\/\/areafilm.si\/wordpress\/mladenic-pri-trku-z-avtomobilom-huje-poskodovan\/","title":{"rendered":"Mladeni\u010d pri trku z avtomobilom huje po\u0161kodovan"},"content":{"rendered":"<p>KRONIKA \u2013 V torek popoldne so bili policisti obve\u0161\u010deni, da je 34-letnik z osebnim avtomobilom na Ankaranski cesti v Kopru izsilil prednost 20-letniku, ki je vozil kolo s pomo\u017enim motorjem. Ta se je pri padcu huje po\u0161kodoval, njegova sopotnica pa la\u017eje. Vozniku kolesa s pomo\u017enim motorjem so odredili strokovni pregled na mamila, zdravila in alkohol.<\/p>\n<p>V Kopru so policisti zasegli osebni avto 38-letni doma\u010dinki, in sicer zaradi vo\u017enje brez vozni\u0161kega dovoljenja.<\/p>\n<p>Na mejnem prehodu So\u010derga so policisti pri 38-letnem dr\u017eavljanu Francije na\u0161li dva no\u017ea, prirejena za napad, katera so mu zasegli.<\/p>\n<p>Pri 28-letnemu dr\u017eavljanu Nizozemske so opravili preiskavo osebnega avtomobila, nato pa pri pregledu osebe na\u0161li PVC vre\u010dko, v kateri je bila smolnata snov rjave barve. Ekspertiza je pokazala, da gre za prepovedano drogo konoplja &#8211; smola (ha\u0161i\u0161), 0.75 g. Zoper Nizozemca je bil uveden prekr\u0161kovni postopek.<\/p>\n<p>Popoldne so \u0161e pri 22-letnemu dr\u017eavljanu Francije odkrili PVC vre\u010dko, v kateri je bilo 13 tablet rde\u010de barve. Na ekspertizi je bilo ugotovljeno, da gre za nedovoljeno mamilo MDMA (ecstasy). Zoper Francoza je bil uveden prekr\u0161kovni postopek in izdana odlo\u010dba.<\/p>\n<p><em>Po pla\u010dilu globe in sodne takse, so osebam vrnili dokumente in jim dovolili izstop.<\/em><\/p>\n<p>Pono\u010di je nekdo v vasi pri Pivki ukradel prikolico, nalo\u017eeno z drvi. Lastnik je o\u0161kodovan za 500 evrov.<\/p>\n","protected":false},"excerpt":{"rendered":"<p>KRONIKA \u2013 V torek popoldne so bili policisti obve\u0161\u010deni, da je 34-letnik z osebnim avtomobilom&#8230;<\/p>\n","protected":false},"author":4,"featured_media":491,"comment_status":"open","ping_status":"closed","sticky":false,"template":"","format":"standard","meta":{"footnotes":""},"categories":[7],"tags":[],"class_list":["post-1759","post","type-post","status-publish","format-standard","has-post-thumbnail","hentry","category-kronika"],"featured_image_urls":{"full":["https:\/\/areafilm.si\/wordpress\/wp-content\/uploads\/2014\/09\/Resevalno_vozilo2.jpg",1600,1200,false],"thumbnail":["https:\/\/areafilm.si\/wordpress\/wp-content\/uploads\/2014\/09\/Resevalno_vozilo2-500x280.jpg",500,280,true],"medium":["https:\/\/areafilm.si\/wordpress\/wp-content\/uploads\/2014\/09\/Resevalno_vozilo2-600x365.jpg",600,365,true],"medium_large":["https:\/\/areafilm.si\/wordpress\/wp-content\/uploads\/2014\/09\/Resevalno_vozilo2-768x576.jpg",640,480,true],"large":["https:\/\/areafilm.si\/wordpress\/wp-content\/uploads\/2014\/09\/Resevalno_vozilo2-840x480.jpg",640,366,true],"1536x1536":["https:\/\/areafilm.si\/wordpress\/wp-content\/uploads\/2014\/09\/Resevalno_vozilo2.jpg",1536,1152,false],"2048x2048":["https:\/\/areafilm.si\/wordpress\/wp-content\/uploads\/2014\/09\/Resevalno_vozilo2.jpg",1600,1200,false],"covernews-featured":["https:\/\/areafilm.si\/wordpress\/wp-content\/uploads\/2014\/09\/Resevalno_vozilo2.jpg",1024,768,false],"covernews-medium":["https:\/\/areafilm.si\/wordpress\/wp-content\/uploads\/2014\/09\/Resevalno_vozilo2.jpg",453,340,false],"woocommerce_thumbnail":["https:\/\/areafilm.si\/wordpress\/wp-content\/uploads\/2014\/09\/Resevalno_vozilo2-300x300.jpg",300,300,true],"woocommerce_single":["https:\/\/areafilm.si\/wordpress\/wp-content\/uploads\/2014\/09\/Resevalno_vozilo2-600x450.jpg",600,450,true],"woocommerce_gallery_thumbnail":["https:\/\/areafilm.si\/wordpress\/wp-content\/uploads\/2014\/09\/Resevalno_vozilo2-100x100.jpg",100,100,true]},"author_info":{"info":["Uredni\u0161tvo Primorski Utrip"]},"category_info":"<a href=\"https:\/\/areafilm.si\/wordpress\/category\/kronika\/\" rel=\"category tag\">Kronika<\/a>","tag_info":"Kronika","comment_count":"0","_links":{"self":[{"href":"https:\/\/areafilm.si\/wordpress\/wp-json\/wp\/v2\/posts\/1759","targetHints":{"allow":["GET"]}}],"collection":[{"href":"https:\/\/areafilm.si\/wordpress\/wp-json\/wp\/v2\/posts"}],"about":[{"href":"https:\/\/areafilm.si\/wordpress\/wp-json\/wp\/v2\/types\/post"}],"author":[{"embeddable":true,"href":"https:\/\/areafilm.si\/wordpress\/wp-json\/wp\/v2\/users\/4"}],"replies":[{"embeddable":true,"href":"https:\/\/areafilm.si\/wordpress\/wp-json\/wp\/v2\/comments?post=1759"}],"version-history":[{"count":2,"href":"https:\/\/areafilm.si\/wordpress\/wp-json\/wp\/v2\/posts\/1759\/revisions"}],"predecessor-version":[{"id":1761,"href":"https:\/\/areafilm.si\/wordpress\/wp-json\/wp\/v2\/posts\/1759\/revisions\/1761"}],"wp:featuredmedia":[{"embeddable":true,"href":"https:\/\/areafilm.si\/wordpress\/wp-json\/wp\/v2\/media\/491"}],"wp:attachment":[{"href":"https:\/\/areafilm.si\/wordpress\/wp-json\/wp\/v2\/media?parent=1759"}],"wp:term":[{"taxonomy":"category","embeddable":true,"href":"https:\/\/areafilm.si\/wordpress\/wp-json\/wp\/v2\/categories?post=1759"},{"taxonomy":"post_tag","embeddable":true,"href":"https:\/\/areafilm.si\/wordpress\/wp-json\/wp\/v2\/tags?post=1759"}],"curies":[{"name":"wp","href":"https:\/\/api.w.org\/{rel}","templated":true}]}}