{"id":1769,"date":"2015-09-07T18:01:57","date_gmt":"2015-09-07T16:01:57","guid":{"rendered":"http:\/\/slo5.net\/wordpress\/?p=1769"},"modified":"2015-09-07T18:01:57","modified_gmt":"2015-09-07T16:01:57","slug":"zaradi-nepravilnega-preckanja-ceste-padel-motorist","status":"publish","type":"post","link":"https:\/\/areafilm.si\/wordpress\/zaradi-nepravilnega-preckanja-ceste-padel-motorist\/","title":{"rendered":"Zaradi nepravilnega pre\u010dkanja ceste padel motorist"},"content":{"rendered":"<p>KRONIKA &#8211; V petek popoldne se je v Piranu zgodila prometna nesre\u010da. 21-letna pe\u0161ka, dr\u017eavljanka Mad\u017earske, je nepravilno pre\u010dkala cesto. Takrat se ji je z motornim kolesom umikal 30-letni voznik iz \u0160entilja, pri tem pa je padel in se po\u0161kodoval. Pe\u0161ki sledi ukrep glede na stopnjo po\u0161kodb motorista, motoristu pa pla\u010dilni nalog (po \u010dl. 50\/8 ZVoz), ker je upravljal vozilo, za katero nima ustreznega izpita A kategorije.<\/p>\n<p>Okoli 18. ure je 26-letni Lucijan v Luciji na ulici spregledal 69-letno pe\u0161ko iz Pirana, katero je z zadnjim delom vozila zbil, da je padla po vozi\u0161\u010du. Odpeljali so jo v bolni\u0161nico Izola. Sledi ukrep po pridobljeni zdravstveni dokumentaciji o te\u017ei po\u0161kodb.<\/p>\n<p>V Luciji je nekdo iz trgovine odnesel dve jakni vi\u0161jega cenovnega razreda in s tem podjetje o\u0161kodoval za 250 evrov.<\/p>\n<p>Ob 22.27 so na policiji dobili obvestilo, da vinjen mo\u0161ki le\u017ei na cesti. Policisti so na kraju na\u0161li 34-letnika, dr\u017eavljana Nem\u010dije, ki je mo\u010dno vinjen le\u017eal na tleh na uvozu proti cesti, rezervirani za motorna vozila. Ob ukazu policista, naj vstane in se odstrani z avtoceste, je ta sicer vstal, nakazal, da bo od\u0161el, nakar se je ponovno ulegel. Ves \u010das je preklinjal in se nedostojno vedel do policista. Na ponovni ukaz, naj se odstrani z avtoceste, je vstal in sko\u010dil proti policistu z namenom, da ga odrine. Policist je takrat uporabil strokovni prijem in prisilna sredstva. Odredili so mu pridr\u017eanje in mu izdali pla\u010dilni nalog.<\/p>\n<p>V Kopru je nekdo vlomil v poslovne prostore, preiskal je predale in odnesel kovinsko blagajno, v kateri je bilo 50 evrov.<\/p>\n<p>V vasi pri Postojni je nekdo vlomil v stanovanjsko hi\u0161o, od koder je lastnikom ukradel 1300 evrov.<\/p>\n<p>V soboto ob 20.41 so bili policisti obve\u0161\u010deni, da je nekdo iz blagajne v eni od koprskih trgovin izkoristil nepazljivost prodajalke in ukradel 1190 evrov.<\/p>\n<p>V \u0160kocjanu (Koper) je nekdo vlomil v stanovanjsko hi\u0161o, od koder je odnesel zlato veri\u017eico in 200 evrov gotovine. Lastniki so skupaj o\u0161kodovani za 2000 evrov. Vlomili so tudi v sosednjo hi\u0161o, zaenkrat \u0161e ni znano, \u010de so tudi od tam kaj odnesli. Policisti nadaljujejo z zbiranjem obvestil.<\/p>\n<p>Ob 21.28 je v Vrbici pri Ilirski Bistrici padel motorist na travnati povr\u0161ini na prireditvenem prostoru moto zbora. 59-letni motorist se je la\u017eje po\u0161kodoval, alkotest pa mu je pokazal 0.55 mg\/l izdihanega zraka.<\/p>\n<p>V Kopru je nekdo vlomil v stanovanjsko hi\u0161o in od tam odnesel ve\u010d kosov zlatnine. Lastnica je o\u0161kodovana za 4.000 evrov.<\/p>\n<p>V Mer\u010dah pri ilirski Bistrici je nekdo iz odklenjene in odprte lesene lope na zemlji\u0161\u010du ukradel dizelski agregat, 6,5 kW, star pribli\u017eno \u0161est mesecev, vreden 1000 evrov.<\/p>\n<p>V Kopru je nekdo v trgovskem centru 33-letnemu Ljubljan\u010danu ukradel denarnico, v kateri je imel dokumente, okoli 150 evrov in spominsko kartico 2 GB. Pozneje je ob\u010dan denarnico na\u0161el, vendar brez gotovine. Policisti so dokumente vrnili lastniku.<\/p>\n<p>V nedeljo ob 16.45 je v Vrbovem pri Ilirski Bistrici 28-letnik z osebnim avtomobilom pri vzvratni vo\u017enji tr\u010dil v motorno kolo. Alkotest mu je pokazal rezultat 1,19 mg\/l. Sledi mu obdol\u017eilni predlog.<\/p>\n<p>Ob 22.57 so policisti v Izoli ustavili 25-letnega doma\u010dina, ki ima veljaven ukrep za\u010dasni odvzem vozni\u0161kega dovoljenja. Zasegli so mu vozilo, sledi mu obdol\u017eilni predlog.<\/p>\n<p>V Izoli je nekdo pono\u010di izpred bloka ukradel kolo s pomo\u017enim motorjem Tomos Flexer, vredno 300 evrov.<\/p>\n<p>V eni do zlatarn v Kopru so neznanci v soboto zamotili prodajalko in ji tako ukradli mo\u0161nji\u010dek z zlatim nakitom, v vrednosti 3505 evrov.<\/p>\n","protected":false},"excerpt":{"rendered":"<p>KRONIKA &#8211; V petek popoldne se je v Piranu zgodila prometna nesre\u010da. 21-letna pe\u0161ka, dr\u017eavljanka&#8230;<\/p>\n","protected":false},"author":4,"featured_media":217,"comment_status":"open","ping_status":"closed","sticky":false,"template":"","format":"standard","meta":{"footnotes":""},"categories":[7],"tags":[],"class_list":["post-1769","post","type-post","status-publish","format-standard","has-post-thumbnail","hentry","category-kronika"],"featured_image_urls":{"full":["https:\/\/areafilm.si\/wordpress\/wp-content\/uploads\/2014\/08\/Resevalno_vozilo1.png",95,71,false],"thumbnail":["https:\/\/areafilm.si\/wordpress\/wp-content\/uploads\/2014\/08\/Resevalno_vozilo1.png",95,71,false],"medium":["https:\/\/areafilm.si\/wordpress\/wp-content\/uploads\/2014\/08\/Resevalno_vozilo1.png",95,71,false],"medium_large":["https:\/\/areafilm.si\/wordpress\/wp-content\/uploads\/2014\/08\/Resevalno_vozilo1.png",95,71,false],"large":["https:\/\/areafilm.si\/wordpress\/wp-content\/uploads\/2014\/08\/Resevalno_vozilo1.png",95,71,false],"1536x1536":["https:\/\/areafilm.si\/wordpress\/wp-content\/uploads\/2014\/08\/Resevalno_vozilo1.png",95,71,false],"2048x2048":["https:\/\/areafilm.si\/wordpress\/wp-content\/uploads\/2014\/08\/Resevalno_vozilo1.png",95,71,false],"covernews-featured":["https:\/\/areafilm.si\/wordpress\/wp-content\/uploads\/2014\/08\/Resevalno_vozilo1.png",95,71,false],"covernews-medium":["https:\/\/areafilm.si\/wordpress\/wp-content\/uploads\/2014\/08\/Resevalno_vozilo1.png",95,71,false],"woocommerce_thumbnail":["https:\/\/areafilm.si\/wordpress\/wp-content\/uploads\/2014\/08\/Resevalno_vozilo1.png",95,71,false],"woocommerce_single":["https:\/\/areafilm.si\/wordpress\/wp-content\/uploads\/2014\/08\/Resevalno_vozilo1.png",95,71,false],"woocommerce_gallery_thumbnail":["https:\/\/areafilm.si\/wordpress\/wp-content\/uploads\/2014\/08\/Resevalno_vozilo1.png",95,71,false]},"author_info":{"info":["Uredni\u0161tvo Primorski Utrip"]},"category_info":"<a href=\"https:\/\/areafilm.si\/wordpress\/category\/kronika\/\" rel=\"category tag\">Kronika<\/a>","tag_info":"Kronika","comment_count":"0","_links":{"self":[{"href":"https:\/\/areafilm.si\/wordpress\/wp-json\/wp\/v2\/posts\/1769","targetHints":{"allow":["GET"]}}],"collection":[{"href":"https:\/\/areafilm.si\/wordpress\/wp-json\/wp\/v2\/posts"}],"about":[{"href":"https:\/\/areafilm.si\/wordpress\/wp-json\/wp\/v2\/types\/post"}],"author":[{"embeddable":true,"href":"https:\/\/areafilm.si\/wordpress\/wp-json\/wp\/v2\/users\/4"}],"replies":[{"embeddable":true,"href":"https:\/\/areafilm.si\/wordpress\/wp-json\/wp\/v2\/comments?post=1769"}],"version-history":[{"count":2,"href":"https:\/\/areafilm.si\/wordpress\/wp-json\/wp\/v2\/posts\/1769\/revisions"}],"predecessor-version":[{"id":1771,"href":"https:\/\/areafilm.si\/wordpress\/wp-json\/wp\/v2\/posts\/1769\/revisions\/1771"}],"wp:featuredmedia":[{"embeddable":true,"href":"https:\/\/areafilm.si\/wordpress\/wp-json\/wp\/v2\/media\/217"}],"wp:attachment":[{"href":"https:\/\/areafilm.si\/wordpress\/wp-json\/wp\/v2\/media?parent=1769"}],"wp:term":[{"taxonomy":"category","embeddable":true,"href":"https:\/\/areafilm.si\/wordpress\/wp-json\/wp\/v2\/categories?post=1769"},{"taxonomy":"post_tag","embeddable":true,"href":"https:\/\/areafilm.si\/wordpress\/wp-json\/wp\/v2\/tags?post=1769"}],"curies":[{"name":"wp","href":"https:\/\/api.w.org\/{rel}","templated":true}]}}