{"id":1783,"date":"2015-09-11T18:05:05","date_gmt":"2015-09-11T16:05:05","guid":{"rendered":"http:\/\/slo5.net\/wordpress\/?p=1783"},"modified":"2015-09-11T18:05:05","modified_gmt":"2015-09-11T16:05:05","slug":"na-begu-pred-policisti-z-avtom-trcil-v-kolesarko","status":"publish","type":"post","link":"https:\/\/areafilm.si\/wordpress\/na-begu-pred-policisti-z-avtom-trcil-v-kolesarko\/","title":{"rendered":"Na begu pred policisti z avtom tr\u010dil v kolesarko"},"content":{"rendered":"<p>KRONIKA \u2013 V \u010detrtek ob 17.52 se je na Sen\u010dni poti v Portoro\u017eu zgodila prometna nesre\u010da. 42-letni voznik iz Dragonje je z osebnim avtom be\u017eal policistom, ki so ga pred tem sku\u0161ali zaustaviti, pri tem pa tr\u010dil v 29-letno kolesarko, ki se je pri padcu la\u017eje po\u0161kodovala. Vozniku alkotest sicer ni pokazal prisotnosti alkohola, hitri test na mamila pa je bil pozitiven. Odrejen mu je bil strokovni pregled na zdravila in mamila. Pri preverjanju so policisti ugotovili, da voznik nima vozni\u0161kega dovoljenja, vozilo so mu zasegli. Zoper njega bo podana kazenska ovadba za kaznivo dejanje nevarne vo\u017enje.<\/p>\n<p>V \u010detrtek ob 12.11 so policisti v Kopru ustavili osebni avto, katerega je vozil 46-letni Ankaran\u010dan. V postopku so v vozilu odkrili prirejen prostor, v katerem je preva\u017eal 7,5 kg \u0161koljk, morskih dateljnov (ki so zavarovane z uredbo o zavarovanih prosto \u017eive\u010dih \u017eivalskih vrstah in konvencijo o mednarodni trgovini z ogro\u017eenimi prosto \u017eive\u010dimi \u017eivalskimi in rastlinskimi vrstami). Odvzeli so mu prostost zaradi suma storitve kaznivega dejanja nezakonitega ravnanja z za\u0161\u010ditenimi \u017eivalmi in rastlinami in o tem obvestili ribi\u0161kega in\u0161pektorja. \u0160koljke so mu zasegli, sledi mu kazenska ovadba.<\/p>\n<p>Na policijski postaji Koper je doma\u010din prijavil, da mu je nekdo izpred bloka na Pahorjevi ukradel osebni avto VW Golf 1.9 GLTD, kovinske bordo barve, letnik 1993 (ser. III), z name\u0161\u010denima registrskima tablicama KP MC-409. Vozilo je vredno pribli\u017eno 400 evrov.<\/p>\n<p>V \u0160kocjanu pri Kopru je nekdo po\u0161kodoval starej\u0161o prikolico, dve ceradi in steklo na nedokon\u010dani gradnji. Lastnik je o\u0161kodovan za 2000 evrov.<\/p>\n<p>Ob 21.03 je na policijo klical doma\u010din in prijavil, da je nekdo v izolskem mandra\u010du tr\u010dil z osebnim vozilom v njegovo motorno kolo, nato pa odpeljal proti centru Izole. Policisti so 58-letnega povzro\u010ditelja iz Ljubljane izsledili na Ulici proletarskih brigad. Odklonil je preizkus alkoholiziranosti in strokovni pregled. Odvzeli so mu vozni\u0161ko dovoljenje, sledi mu obdol\u017eilni predlog zaradi nepravilnega premika vzvratno, nenudenja podatkov in odklona strokovnega pregleda.<\/p>\n<p>V Kopru je nekdo vlomil v stanovanje na Muzejskem trgu. Preiskal je stanovanje in ukradel srebrno veri\u017eico, vredno 900 evrov.<\/p>\n","protected":false},"excerpt":{"rendered":"<p>KRONIKA \u2013 V \u010detrtek ob 17.52 se je na Sen\u010dni poti v Portoro\u017eu zgodila prometna&#8230;<\/p>\n","protected":false},"author":4,"featured_media":969,"comment_status":"open","ping_status":"closed","sticky":false,"template":"","format":"standard","meta":{"footnotes":""},"categories":[7],"tags":[],"class_list":["post-1783","post","type-post","status-publish","format-standard","has-post-thumbnail","hentry","category-kronika"],"featured_image_urls":{"full":["https:\/\/areafilm.si\/wordpress\/wp-content\/uploads\/2015\/01\/policija_logotip.jpg",444,513,false],"thumbnail":["https:\/\/areafilm.si\/wordpress\/wp-content\/uploads\/2015\/01\/policija_logotip-444x280.jpg",444,280,true],"medium":["https:\/\/areafilm.si\/wordpress\/wp-content\/uploads\/2015\/01\/policija_logotip-444x365.jpg",444,365,true],"medium_large":["https:\/\/areafilm.si\/wordpress\/wp-content\/uploads\/2015\/01\/policija_logotip.jpg",444,513,false],"large":["https:\/\/areafilm.si\/wordpress\/wp-content\/uploads\/2015\/01\/policija_logotip-444x480.jpg",444,480,true],"1536x1536":["https:\/\/areafilm.si\/wordpress\/wp-content\/uploads\/2015\/01\/policija_logotip.jpg",444,513,false],"2048x2048":["https:\/\/areafilm.si\/wordpress\/wp-content\/uploads\/2015\/01\/policija_logotip.jpg",444,513,false],"covernews-featured":["https:\/\/areafilm.si\/wordpress\/wp-content\/uploads\/2015\/01\/policija_logotip.jpg",444,513,false],"covernews-medium":["https:\/\/areafilm.si\/wordpress\/wp-content\/uploads\/2015\/01\/policija_logotip.jpg",294,340,false],"woocommerce_thumbnail":["https:\/\/areafilm.si\/wordpress\/wp-content\/uploads\/2015\/01\/policija_logotip-300x300.jpg",300,300,true],"woocommerce_single":["https:\/\/areafilm.si\/wordpress\/wp-content\/uploads\/2015\/01\/policija_logotip.jpg",444,513,false],"woocommerce_gallery_thumbnail":["https:\/\/areafilm.si\/wordpress\/wp-content\/uploads\/2015\/01\/policija_logotip-100x100.jpg",100,100,true]},"author_info":{"info":["Uredni\u0161tvo Primorski Utrip"]},"category_info":"<a href=\"https:\/\/areafilm.si\/wordpress\/category\/kronika\/\" rel=\"category tag\">Kronika<\/a>","tag_info":"Kronika","comment_count":"0","_links":{"self":[{"href":"https:\/\/areafilm.si\/wordpress\/wp-json\/wp\/v2\/posts\/1783","targetHints":{"allow":["GET"]}}],"collection":[{"href":"https:\/\/areafilm.si\/wordpress\/wp-json\/wp\/v2\/posts"}],"about":[{"href":"https:\/\/areafilm.si\/wordpress\/wp-json\/wp\/v2\/types\/post"}],"author":[{"embeddable":true,"href":"https:\/\/areafilm.si\/wordpress\/wp-json\/wp\/v2\/users\/4"}],"replies":[{"embeddable":true,"href":"https:\/\/areafilm.si\/wordpress\/wp-json\/wp\/v2\/comments?post=1783"}],"version-history":[{"count":2,"href":"https:\/\/areafilm.si\/wordpress\/wp-json\/wp\/v2\/posts\/1783\/revisions"}],"predecessor-version":[{"id":1785,"href":"https:\/\/areafilm.si\/wordpress\/wp-json\/wp\/v2\/posts\/1783\/revisions\/1785"}],"wp:featuredmedia":[{"embeddable":true,"href":"https:\/\/areafilm.si\/wordpress\/wp-json\/wp\/v2\/media\/969"}],"wp:attachment":[{"href":"https:\/\/areafilm.si\/wordpress\/wp-json\/wp\/v2\/media?parent=1783"}],"wp:term":[{"taxonomy":"category","embeddable":true,"href":"https:\/\/areafilm.si\/wordpress\/wp-json\/wp\/v2\/categories?post=1783"},{"taxonomy":"post_tag","embeddable":true,"href":"https:\/\/areafilm.si\/wordpress\/wp-json\/wp\/v2\/tags?post=1783"}],"curies":[{"name":"wp","href":"https:\/\/api.w.org\/{rel}","templated":true}]}}