{"id":1786,"date":"2015-09-14T11:31:16","date_gmt":"2015-09-14T09:31:16","guid":{"rendered":"http:\/\/slo5.net\/wordpress\/?p=1786"},"modified":"2015-09-14T11:31:16","modified_gmt":"2015-09-14T09:31:16","slug":"pri-senozecah-huda-poskodba-motorista","status":"publish","type":"post","link":"https:\/\/areafilm.si\/wordpress\/pri-senozecah-huda-poskodba-motorista\/","title":{"rendered":"Pri Seno\u017ee\u010dah huda po\u0161kodba motorista"},"content":{"rendered":"<p>KRONIKA \u2013 V nedeljo ob 17. 20 je 49-letni Ljubljan\u010dan z motornim kolesom peljal od Seno\u017ee\u010d proti La\u017eam. Zaradi vo\u017enje z neprilagojeno hitrostjo je malo pred odcepom za La\u017ee v ovinku izgubil oblast nad vozilom in padel. Huje po\u0161kodovanega so odpeljali v izolsko bolni\u0161nico (zlom obeh gle\u017enjev in po\u0161kodba ramena). Odrejen je bil tudi strokovni pregled na alkohol. Izdan mu je pla\u010dilni nalog zaradi vo\u017enje z neprilagojeno hitrostjo.<\/p>\n<p>V Se\u017eani so v petek policisti zasegli motorno kolo Yamaha 52-letnemu dr\u017eavljanu Italije, ker ne poseduje vozni\u0161kega dovoljenja za motorno kolo. Sledi mu obdol\u017eilni predlog.<\/p>\n<p>V soboto ob 4.29 so bili policisti obve\u0161\u010deni, da je nekdo v Kopru za\u017egal osem zabojnikov za smeti. Na Kosovelovem trgu je zgorel celoten ekolo\u0161ki otok. \u0160kode je za 3000 evrov. Policisti zbirajo obvestila o storilcu.<\/p>\n<p>Malo pred 16. uro pa je zagorel zapu\u0161\u010den objekt pri Orehku. V gospodarskem objektu je zgorelo pribli\u017eno 50 okroglih bal (vsaka tehta 300 kg) in 20 m3 drv. \u0160kodo so ocenili na pribli\u017eno 10.000 evrov. Vzrok po\u017eara \u0161e ni znan.<\/p>\n<p>Ob 22.42 so policisti v Portoro\u017eu opravili kontrolo pri 36-letnem vozniku kombiniranega vozila znamke Renault, ki je zapeljal na promenado in pred odbojkarskim igri\u0161\u010dem vozilo ustavil. Pri kontroli listin so ugotovili, da ne poseduje veljavnega vozni\u0161kega dovoljenja, v postopku pa je kazal o\u010ditne znake alkoholiziranosti. Odredili so mu preizkus alkoholiziranosti, katerega je odlo\u010dno odklonil. Zasegli so mu vozilo (po 23. \u010dlenu ZPrCP) in odvzeli registrske tablice. Sledi mu obdol\u017eilni predlog (po 37\/5 ZprCP, 107\/12 ZPrCP, 50\/8 ZVoz in 58\/6 ZVoz).<\/p>\n<p>V nedeljo ob 6.40 je pri\u0161lo do prometne nesre\u010de v Neverkah pri Pivki. Policisti so na kraju ugotovili, da sta bila v nesre\u010di udele\u017eena 22- in 24-letna Piv\u010dana. 24-letnik je vozil osebni avto od Vol\u010d proti Neverkam. Ko je pripeljal do levega nepreglednega ovinka, je zaradi neprilagojene hitrosti z vozilom zapeljal desno izven vozi\u0161\u010da, nato pa drsel \u0161e 15 metrov. Voznik se pri tem ni po\u0161kodoval, njegov sopotnik pa je imel praske po roki. Isto\u010dasno je vzporedno z njim (prehitevala sta se) vozil 21-letnik z osebnim avtomobilom. Tudi njega je zaradi neprilagojene hitrosti zaneslo v levo, kjer je po obra\u010danju okoli svoje osi obstal na cesti. V nesre\u010di se je la\u017eje po\u0161kodoval (ureznine po telesu). Odpeljali so ga v zdravstveni dom Postojna, nato pa v bolni\u0161nico v Izolo na \u0161ivanje. 24-letniku je preizkus z alkotestom pokazal 0.55 mg\/l \u2013 prepovedana mu je bila nadaljnja vo\u017enja in za 24 ur odvzeto vozni\u0161ko dovoljenje. 22-letniku pa je preliminarni test za alkohol pokazal 0.44 mg\/l, odredili so mu \u0161e strokovni pregled.<\/p>\n","protected":false},"excerpt":{"rendered":"<p>KRONIKA \u2013 V nedeljo ob 17. 20 je 49-letni Ljubljan\u010dan z motornim kolesom peljal od&#8230;<\/p>\n","protected":false},"author":4,"featured_media":400,"comment_status":"open","ping_status":"closed","sticky":false,"template":"","format":"standard","meta":{"footnotes":""},"categories":[7],"tags":[],"class_list":["post-1786","post","type-post","status-publish","format-standard","has-post-thumbnail","hentry","category-kronika"],"featured_image_urls":{"full":["https:\/\/areafilm.si\/wordpress\/wp-content\/uploads\/2014\/09\/nesreca_motor001.jpg",500,375,false],"thumbnail":["https:\/\/areafilm.si\/wordpress\/wp-content\/uploads\/2014\/09\/nesreca_motor001-500x280.jpg",500,280,true],"medium":["https:\/\/areafilm.si\/wordpress\/wp-content\/uploads\/2014\/09\/nesreca_motor001-500x365.jpg",500,365,true],"medium_large":["https:\/\/areafilm.si\/wordpress\/wp-content\/uploads\/2014\/09\/nesreca_motor001.jpg",500,375,false],"large":["https:\/\/areafilm.si\/wordpress\/wp-content\/uploads\/2014\/09\/nesreca_motor001.jpg",500,375,false],"1536x1536":["https:\/\/areafilm.si\/wordpress\/wp-content\/uploads\/2014\/09\/nesreca_motor001.jpg",500,375,false],"2048x2048":["https:\/\/areafilm.si\/wordpress\/wp-content\/uploads\/2014\/09\/nesreca_motor001.jpg",500,375,false],"covernews-featured":["https:\/\/areafilm.si\/wordpress\/wp-content\/uploads\/2014\/09\/nesreca_motor001.jpg",500,375,false],"covernews-medium":["https:\/\/areafilm.si\/wordpress\/wp-content\/uploads\/2014\/09\/nesreca_motor001.jpg",453,340,false],"woocommerce_thumbnail":["https:\/\/areafilm.si\/wordpress\/wp-content\/uploads\/2014\/09\/nesreca_motor001-300x300.jpg",300,300,true],"woocommerce_single":["https:\/\/areafilm.si\/wordpress\/wp-content\/uploads\/2014\/09\/nesreca_motor001.jpg",500,375,false],"woocommerce_gallery_thumbnail":["https:\/\/areafilm.si\/wordpress\/wp-content\/uploads\/2014\/09\/nesreca_motor001-100x100.jpg",100,100,true]},"author_info":{"info":["Uredni\u0161tvo Primorski Utrip"]},"category_info":"<a href=\"https:\/\/areafilm.si\/wordpress\/category\/kronika\/\" rel=\"category tag\">Kronika<\/a>","tag_info":"Kronika","comment_count":"0","_links":{"self":[{"href":"https:\/\/areafilm.si\/wordpress\/wp-json\/wp\/v2\/posts\/1786","targetHints":{"allow":["GET"]}}],"collection":[{"href":"https:\/\/areafilm.si\/wordpress\/wp-json\/wp\/v2\/posts"}],"about":[{"href":"https:\/\/areafilm.si\/wordpress\/wp-json\/wp\/v2\/types\/post"}],"author":[{"embeddable":true,"href":"https:\/\/areafilm.si\/wordpress\/wp-json\/wp\/v2\/users\/4"}],"replies":[{"embeddable":true,"href":"https:\/\/areafilm.si\/wordpress\/wp-json\/wp\/v2\/comments?post=1786"}],"version-history":[{"count":2,"href":"https:\/\/areafilm.si\/wordpress\/wp-json\/wp\/v2\/posts\/1786\/revisions"}],"predecessor-version":[{"id":1788,"href":"https:\/\/areafilm.si\/wordpress\/wp-json\/wp\/v2\/posts\/1786\/revisions\/1788"}],"wp:featuredmedia":[{"embeddable":true,"href":"https:\/\/areafilm.si\/wordpress\/wp-json\/wp\/v2\/media\/400"}],"wp:attachment":[{"href":"https:\/\/areafilm.si\/wordpress\/wp-json\/wp\/v2\/media?parent=1786"}],"wp:term":[{"taxonomy":"category","embeddable":true,"href":"https:\/\/areafilm.si\/wordpress\/wp-json\/wp\/v2\/categories?post=1786"},{"taxonomy":"post_tag","embeddable":true,"href":"https:\/\/areafilm.si\/wordpress\/wp-json\/wp\/v2\/tags?post=1786"}],"curies":[{"name":"wp","href":"https:\/\/api.w.org\/{rel}","templated":true}]}}