{"id":1805,"date":"2015-09-18T13:02:02","date_gmt":"2015-09-18T11:02:02","guid":{"rendered":"http:\/\/slo5.net\/wordpress\/?p=1805"},"modified":"2015-09-18T13:02:02","modified_gmt":"2015-09-18T11:02:02","slug":"smrtna-zrtev-pri-trku-skuterja-z-osebnim-avtomobilom","status":"publish","type":"post","link":"https:\/\/areafilm.si\/wordpress\/smrtna-zrtev-pri-trku-skuterja-z-osebnim-avtomobilom\/","title":{"rendered":"Smrtna \u017ertev pri trku skuterja z osebnim avtomobilom"},"content":{"rendered":"<p>KRONIKA &#8211; V \u010detrtek okrog 20. ure je pri\u0161lo do huj\u0161e prometne nesre\u010de pri \u0160marjah (pri Kopru). 18-letni voznik kolesa s pomo\u017enim motorjem Piaggio Zip 25 iz \u0160alare se je vklju\u010deval z bencinskega servisa pred Srga\u0161i levo v smeri proti Dragonji. Pri tem je zapeljal na smerni otok med vozi\u0161\u010dema, ki ni namenjen vo\u017enji vozil, in vozil po tem otoku. Iz nasprotne smeri iz Dragonje proti Kopru je pripeljal 46-letni voznik osebnega avtomobila iz Trsta, ki je nameraval zapeljati desno na bencinski servis. Pri tem je prav tako z levimi kolesi zapeljal na otok, po katerem je vozil 18-letnik. Z vozili sta \u010delno tr\u010dila na sredinskem otoku. 18-letnik, ki ni imel varnostne \u010delade, se je pri padcu hudo po\u0161kodoval. Odpeljali so ga v izolsko bolni\u0161nico, kjer je pono\u010di umrl. Promet je bil zaprt vse do 23.06 ure.<\/p>\n<p>V Hrvatinih je nekdo vlomil v stanovanjsko hi\u0161o, od koder je posku\u0161al odnesti sef, kar pa mu ni uspelo.<\/p>\n<p>V Kne\u017eaku je nekdo vlomil v stanovanjsko hi\u0161o. Lastniku so odnesli dve salamoreznici znamke Berkel. Te\u017eki sta ena 60 kg in druga 100 kg. Lastnik je o\u0161kodovan za 10.000 evrov.<\/p>\n<p>Piranski policisti so obravnavali nasilje v dru\u017eini. \u017denska je fizi\u010dno napadla svojo mater. Policisti so ji izrekli prepoved pribli\u017eevanja, sledi ji kazenska ovadba.<\/p>\n","protected":false},"excerpt":{"rendered":"<p>KRONIKA &#8211; V \u010detrtek okrog 20. ure je pri\u0161lo do huj\u0161e prometne nesre\u010de pri \u0160marjah&#8230;<\/p>\n","protected":false},"author":4,"featured_media":491,"comment_status":"open","ping_status":"closed","sticky":false,"template":"","format":"standard","meta":{"footnotes":""},"categories":[7],"tags":[],"class_list":["post-1805","post","type-post","status-publish","format-standard","has-post-thumbnail","hentry","category-kronika"],"featured_image_urls":{"full":["https:\/\/areafilm.si\/wordpress\/wp-content\/uploads\/2014\/09\/Resevalno_vozilo2.jpg",1600,1200,false],"thumbnail":["https:\/\/areafilm.si\/wordpress\/wp-content\/uploads\/2014\/09\/Resevalno_vozilo2-500x280.jpg",500,280,true],"medium":["https:\/\/areafilm.si\/wordpress\/wp-content\/uploads\/2014\/09\/Resevalno_vozilo2-600x365.jpg",600,365,true],"medium_large":["https:\/\/areafilm.si\/wordpress\/wp-content\/uploads\/2014\/09\/Resevalno_vozilo2-768x576.jpg",640,480,true],"large":["https:\/\/areafilm.si\/wordpress\/wp-content\/uploads\/2014\/09\/Resevalno_vozilo2-840x480.jpg",640,366,true],"1536x1536":["https:\/\/areafilm.si\/wordpress\/wp-content\/uploads\/2014\/09\/Resevalno_vozilo2.jpg",1536,1152,false],"2048x2048":["https:\/\/areafilm.si\/wordpress\/wp-content\/uploads\/2014\/09\/Resevalno_vozilo2.jpg",1600,1200,false],"covernews-featured":["https:\/\/areafilm.si\/wordpress\/wp-content\/uploads\/2014\/09\/Resevalno_vozilo2.jpg",1024,768,false],"covernews-medium":["https:\/\/areafilm.si\/wordpress\/wp-content\/uploads\/2014\/09\/Resevalno_vozilo2.jpg",453,340,false],"woocommerce_thumbnail":["https:\/\/areafilm.si\/wordpress\/wp-content\/uploads\/2014\/09\/Resevalno_vozilo2-300x300.jpg",300,300,true],"woocommerce_single":["https:\/\/areafilm.si\/wordpress\/wp-content\/uploads\/2014\/09\/Resevalno_vozilo2-600x450.jpg",600,450,true],"woocommerce_gallery_thumbnail":["https:\/\/areafilm.si\/wordpress\/wp-content\/uploads\/2014\/09\/Resevalno_vozilo2-100x100.jpg",100,100,true]},"author_info":{"info":["Uredni\u0161tvo Primorski Utrip"]},"category_info":"<a href=\"https:\/\/areafilm.si\/wordpress\/category\/kronika\/\" rel=\"category tag\">Kronika<\/a>","tag_info":"Kronika","comment_count":"0","_links":{"self":[{"href":"https:\/\/areafilm.si\/wordpress\/wp-json\/wp\/v2\/posts\/1805","targetHints":{"allow":["GET"]}}],"collection":[{"href":"https:\/\/areafilm.si\/wordpress\/wp-json\/wp\/v2\/posts"}],"about":[{"href":"https:\/\/areafilm.si\/wordpress\/wp-json\/wp\/v2\/types\/post"}],"author":[{"embeddable":true,"href":"https:\/\/areafilm.si\/wordpress\/wp-json\/wp\/v2\/users\/4"}],"replies":[{"embeddable":true,"href":"https:\/\/areafilm.si\/wordpress\/wp-json\/wp\/v2\/comments?post=1805"}],"version-history":[{"count":2,"href":"https:\/\/areafilm.si\/wordpress\/wp-json\/wp\/v2\/posts\/1805\/revisions"}],"predecessor-version":[{"id":1807,"href":"https:\/\/areafilm.si\/wordpress\/wp-json\/wp\/v2\/posts\/1805\/revisions\/1807"}],"wp:featuredmedia":[{"embeddable":true,"href":"https:\/\/areafilm.si\/wordpress\/wp-json\/wp\/v2\/media\/491"}],"wp:attachment":[{"href":"https:\/\/areafilm.si\/wordpress\/wp-json\/wp\/v2\/media?parent=1805"}],"wp:term":[{"taxonomy":"category","embeddable":true,"href":"https:\/\/areafilm.si\/wordpress\/wp-json\/wp\/v2\/categories?post=1805"},{"taxonomy":"post_tag","embeddable":true,"href":"https:\/\/areafilm.si\/wordpress\/wp-json\/wp\/v2\/tags?post=1805"}],"curies":[{"name":"wp","href":"https:\/\/api.w.org\/{rel}","templated":true}]}}