{"id":1941,"date":"2015-09-28T14:41:09","date_gmt":"2015-09-28T12:41:09","guid":{"rendered":"http:\/\/slo5.net\/wordpress\/?p=1941"},"modified":"2015-10-02T09:18:01","modified_gmt":"2015-10-02T07:18:01","slug":"dogodki-in-prireditve-v-sezani-oktober-2015","status":"publish","type":"post","link":"https:\/\/areafilm.si\/wordpress\/dogodki-in-prireditve-v-sezani-oktober-2015\/","title":{"rendered":"Dogodki in prireditve v Se\u017eani &#8211; oktober 2015"},"content":{"rendered":"<table>\n<tbody>\n<tr>\n<td width=\"95\"><strong>DAN<\/strong><\/td>\n<td width=\"75\"><strong>URA<\/strong><\/td>\n<td width=\"568\"><strong>KAJ<\/strong><\/td>\n<td width=\"141\"><strong>KJE<\/strong><\/td>\n<td width=\"84\"><strong>INFO<\/strong><\/td>\n<\/tr>\n<\/tbody>\n<\/table>\n<p>&nbsp;<\/p>\n<table>\n<tbody>\n<tr>\n<td rowspan=\"2\" width=\"73\"><strong>1. oktober<\/strong><\/td>\n<td width=\"76\">11.00-17.00<\/td>\n<td width=\"573\"><strong>-Dnevi evropske kulturne dedi\u0161\u010dine: <\/strong>Zbiranje pri\u010devanj o \u017eivljenju in delu Maksa Fabianija.<\/td>\n<td width=\"133\">Grad \u0160tanjel<\/td>\n<td width=\"81\">05\/7690197<\/td>\n<td width=\"0\"><\/td>\n<\/tr>\n<tr>\n<td rowspan=\"2\" width=\"76\">18.00<\/td>\n<td rowspan=\"2\" width=\"573\"><strong>&#8211; <\/strong>Predstavitev programa 2015\u20132016 Univerze za tretje \u017eivljenjsko obdobje Kras. Od 16. ure dalje bo<\/td>\n<td rowspan=\"2\" width=\"133\">Knji\u017enica Se\u017eana<\/td>\n<td rowspan=\"2\" width=\"81\">05\/7310030<\/td>\n<td width=\"0\"><\/td>\n<\/tr>\n<tr>\n<td rowspan=\"2\" width=\"73\"><strong>\u010cETRTEK<\/strong><\/td>\n<td width=\"0\"><\/td>\n<\/tr>\n<tr>\n<td width=\"76\"><\/td>\n<td rowspan=\"2\" width=\"573\">mogo\u010de podalj\u0161anje \u010dlanstva in tudi vpis.<\/td>\n<td width=\"133\"><\/td>\n<td width=\"81\"><\/td>\n<td width=\"0\"><\/td>\n<\/tr>\n<tr>\n<td width=\"73\"><\/td>\n<td width=\"76\"><\/td>\n<td width=\"133\"><\/td>\n<td width=\"81\"><\/td>\n<td width=\"0\"><\/td>\n<\/tr>\n<\/tbody>\n<\/table>\n<p>&nbsp;<\/p>\n<table>\n<tbody>\n<tr>\n<td width=\"1\"><\/td>\n<td width=\"93\"><\/td>\n<td colspan=\"2\" width=\"76\">9.00<\/td>\n<td width=\"1\"><\/td>\n<td width=\"565\"><em>&#8211; <\/em><strong>Do\u017eivite edinstveno posestvo Kobilarne Lipica in njeno 435-letno dedi\u0161\u010dino ob 25.<\/strong><em> <a href=\"http:\/\/www.europeanheritagedays.com\/Country\/Slovenia.html\"><strong>Dnevih evropske<\/strong><\/a><\/em><\/td>\n<td width=\"1\"><\/td>\n<td width=\"141\">Kobilarna Lipica<\/td>\n<td width=\"85\">05\/7391580<\/td>\n<td width=\"0\"><\/td>\n<\/tr>\n<tr>\n<td width=\"1\"><\/td>\n<td width=\"93\"><\/td>\n<td width=\"1\"><\/td>\n<td width=\"75\"><\/td>\n<td width=\"1\"><\/td>\n<td width=\"565\"><strong><a href=\"http:\/\/www.europeanheritagedays.com\/Country\/Slovenia.html\">kulturne dedi\u0161\u010dine! <\/a><\/strong>Vabimo vas na do\u017eivetje elementov tehni\u0161ke dedi\u0161\u010dine v lipi\u0161ki kulturni krajini. In<\/td>\n<td width=\"1\"><\/td>\n<td width=\"141\"><\/td>\n<td width=\"85\"><\/td>\n<td width=\"0\"><\/td>\n<\/tr>\n<tr>\n<td width=\"1\"><\/td>\n<td width=\"93\"><\/td>\n<td width=\"1\"><\/td>\n<td width=\"75\"><\/td>\n<td width=\"1\"><\/td>\n<td width=\"565\">situ vam bomo predstavili ledenice, kale, fontane, vodni zbiralnik in kra\u0161ki suhozid ter vas popeljali na<\/td>\n<td width=\"1\"><\/td>\n<td width=\"141\"><\/td>\n<td width=\"85\"><\/td>\n<td width=\"0\"><\/td>\n<\/tr>\n<tr>\n<td width=\"1\"><\/td>\n<td width=\"93\"><\/td>\n<td width=\"1\"><\/td>\n<td width=\"75\"><\/td>\n<td width=\"1\"><\/td>\n<td width=\"565\">sprehod po omre\u017eju u\u010dnih pe\u0161poti na posestvu Kobilarne Lipica.<\/td>\n<td width=\"1\"><\/td>\n<td width=\"141\"><\/td>\n<td width=\"85\"><\/td>\n<td width=\"0\"><\/td>\n<\/tr>\n<tr>\n<td width=\"1\"><\/td>\n<td width=\"93\"><\/td>\n<td colspan=\"2\" width=\"76\">11.00-17.00<\/td>\n<td width=\"1\"><\/td>\n<td width=\"565\"><strong>-Dnevi evropske kulturne dedi\u0161\u010dine: <\/strong>Zbiranje pri\u010devanj o \u017eivljenju in delu Maksa Fabianija.<\/td>\n<td width=\"1\"><\/td>\n<td width=\"141\">Grad \u0160tanjel<\/td>\n<td width=\"85\">05\/7690197<\/td>\n<td width=\"0\"><\/td>\n<\/tr>\n<tr>\n<td width=\"1\"><\/td>\n<td width=\"93\"><strong>2. oktober<\/strong><\/td>\n<td colspan=\"2\" width=\"76\">18.30<\/td>\n<td width=\"1\"><\/td>\n<td width=\"565\">&#8211; <strong>S knji\u017enim nahrbtnikom na potep v novo sezono<\/strong>. Prvo sre\u010danje \u0161tudijskega kro\u017eka s Tamaro Fakin:<\/td>\n<td width=\"1\"><\/td>\n<td width=\"141\">Knji\u017enica Komen<\/td>\n<td width=\"85\">05\/7668580<\/td>\n<td width=\"0\"><\/td>\n<\/tr>\n<tr>\n<td width=\"1\"><\/td>\n<td width=\"93\"><strong>PETEK<\/strong><\/td>\n<td width=\"1\"><\/td>\n<td width=\"75\"><\/td>\n<td width=\"1\"><\/td>\n<td width=\"565\">po Maderi v knji\u017enici Komen.<\/td>\n<td width=\"1\"><\/td>\n<td width=\"141\"><\/td>\n<td width=\"85\"><\/td>\n<td width=\"0\"><\/td>\n<\/tr>\n<tr>\n<td width=\"1\"><\/td>\n<td width=\"93\"><\/td>\n<td colspan=\"2\" width=\"76\">19.00<\/td>\n<td width=\"1\"><\/td>\n<td width=\"565\">&#8211; <strong>Predavanje Toma Kri\u017enarja &#8220;Droni nad koreninami \u010dlove\u0161tva&#8221;.<\/strong>Tomo bo spregovoril o staroselcih v<\/td>\n<td width=\"1\"><\/td>\n<td width=\"141\">Bun\u010detova doma\u010dija<\/td>\n<td width=\"85\">041\/475805<\/td>\n<td width=\"0\"><\/td>\n<\/tr>\n<tr>\n<td width=\"1\"><\/td>\n<td width=\"93\"><\/td>\n<td width=\"1\"><\/td>\n<td width=\"75\"><\/td>\n<td width=\"1\"><\/td>\n<td width=\"565\">Afriki in vojnah, trpljenju in izkori\u0161\u010danju. Skratka vse tisto s \u010dimer se je Tomo seznanil v svojih<\/td>\n<td width=\"1\"><\/td>\n<td width=\"141\">Dutovlje<\/td>\n<td width=\"85\"><\/td>\n<td width=\"0\"><\/td>\n<\/tr>\n<tr>\n<td width=\"1\"><\/td>\n<td width=\"93\"><\/td>\n<td width=\"1\"><\/td>\n<td width=\"75\"><\/td>\n<td width=\"1\"><\/td>\n<td width=\"565\">dobrodelnih aktivnostih na tej celini in za katere bo v oktobru prejel v Bruslju nagrado Dr\u017eavljan<\/td>\n<td width=\"1\"><\/td>\n<td width=\"141\"><\/td>\n<td width=\"85\"><\/td>\n<td width=\"0\"><\/td>\n<\/tr>\n<tr>\n<td width=\"1\"><\/td>\n<td width=\"93\"><\/td>\n<td width=\"1\"><\/td>\n<td width=\"75\"><\/td>\n<td width=\"1\"><\/td>\n<td width=\"565\">Evrope. Ob tej prilo\u017enosti bomo zbirali prispevke za nakup dronov, ki jih bo Tomo nabavil in uporabil<\/td>\n<td width=\"1\"><\/td>\n<td width=\"141\"><\/td>\n<td width=\"85\"><\/td>\n<td width=\"0\"><\/td>\n<\/tr>\n<tr>\n<td width=\"1\"><\/td>\n<td width=\"93\"><\/td>\n<td width=\"1\"><\/td>\n<td width=\"75\"><\/td>\n<td width=\"1\"><\/td>\n<td width=\"565\">v humanitarne namene v Afriki, kamor bo kmalu od\u0161el.<\/td>\n<td width=\"1\"><\/td>\n<td width=\"141\"><\/td>\n<td width=\"85\"><\/td>\n<td width=\"0\"><\/td>\n<\/tr>\n<tr>\n<td width=\"1\"><\/td>\n<td width=\"93\"><\/td>\n<td rowspan=\"2\" width=\"1\"><\/td>\n<td rowspan=\"2\" width=\"75\">9.30<\/td>\n<td rowspan=\"2\" width=\"1\"><\/td>\n<td rowspan=\"2\" width=\"565\">&#8211; <strong>MEDNARODNA RAZSTAVA PSOV:<\/strong><\/td>\n<td rowspan=\"2\" width=\"1\"><\/td>\n<td rowspan=\"2\" width=\"141\">Kobilarna Lipica<\/td>\n<td rowspan=\"2\" width=\"85\">05\/7391580<\/td>\n<td width=\"0\"><\/td>\n<\/tr>\n<tr>\n<td width=\"1\"><\/td>\n<td width=\"93\"><\/td>\n<td width=\"0\"><\/td>\n<\/tr>\n<tr>\n<td width=\"1\"><\/td>\n<td width=\"93\"><\/td>\n<td width=\"1\"><\/td>\n<td width=\"75\"><\/td>\n<td width=\"1\"><\/td>\n<td width=\"565\">&#8211;\u00a0\u00a0 9.30: odprtje razstave<\/td>\n<td width=\"1\"><\/td>\n<td width=\"141\"><\/td>\n<td width=\"85\"><\/td>\n<td width=\"0\"><\/td>\n<\/tr>\n<tr>\n<td width=\"1\"><\/td>\n<td rowspan=\"2\" width=\"93\"><strong>3. oktober<\/strong><\/td>\n<td width=\"1\"><\/td>\n<td width=\"75\"><\/td>\n<td width=\"1\"><\/td>\n<td width=\"565\">&#8211;\u00a0\u00a0 10.00-14.00: ocenjevanje psov v razstavnih krogih<\/td>\n<td width=\"1\"><\/td>\n<td width=\"141\"><\/td>\n<td width=\"85\"><\/td>\n<td width=\"0\"><\/td>\n<\/tr>\n<tr>\n<td width=\"1\"><\/td>\n<td width=\"1\"><\/td>\n<td width=\"75\"><\/td>\n<td width=\"1\"><\/td>\n<td rowspan=\"2\" width=\"565\">&#8211;\u00a0\u00a0 14.30-17.00: izbor najlep\u0161ih psov razstave<\/td>\n<td width=\"1\"><\/td>\n<td width=\"141\"><\/td>\n<td width=\"85\"><\/td>\n<td width=\"0\"><\/td>\n<\/tr>\n<tr>\n<td width=\"1\"><\/td>\n<td rowspan=\"2\" width=\"93\"><strong>SOBOTA<\/strong><\/td>\n<td width=\"1\"><\/td>\n<td width=\"75\"><\/td>\n<td width=\"1\"><\/td>\n<td width=\"1\"><\/td>\n<td width=\"141\"><\/td>\n<td width=\"85\"><\/td>\n<td width=\"0\"><\/td>\n<\/tr>\n<tr>\n<td width=\"1\"><\/td>\n<td width=\"1\"><\/td>\n<td width=\"75\"><\/td>\n<td width=\"1\"><\/td>\n<td rowspan=\"2\" width=\"565\">&#8211;\u00a0\u00a0 15.00-18.00: specialna razstava za velike pasme in molose<\/td>\n<td width=\"1\"><\/td>\n<td width=\"141\"><\/td>\n<td width=\"85\"><\/td>\n<td width=\"0\"><\/td>\n<\/tr>\n<tr>\n<td width=\"1\"><\/td>\n<td width=\"93\"><\/td>\n<td width=\"1\"><\/td>\n<td width=\"75\"><\/td>\n<td width=\"1\"><\/td>\n<td width=\"1\"><\/td>\n<td width=\"141\"><\/td>\n<td width=\"85\"><\/td>\n<td width=\"0\"><\/td>\n<\/tr>\n<tr>\n<td width=\"1\"><\/td>\n<td width=\"93\"><\/td>\n<td rowspan=\"2\" width=\"1\"><\/td>\n<td rowspan=\"2\" width=\"75\">10.30<\/td>\n<td rowspan=\"2\" width=\"1\"><\/td>\n<td rowspan=\"2\" width=\"565\"><strong>&#8211; Dnevi evropske kulturne dedi\u0161\u010dine: <\/strong>predavanje<strong> secesija v arhitekturi Maksa Fabianija<\/strong>, sledilo bo<\/td>\n<td rowspan=\"2\" width=\"1\"><\/td>\n<td rowspan=\"2\" width=\"141\">Grad \u0160tanjel<\/td>\n<td rowspan=\"2\" width=\"85\">05\/7310090<\/td>\n<td width=\"0\"><\/td>\n<\/tr>\n<tr>\n<td width=\"1\"><\/td>\n<td width=\"93\"><\/td>\n<td width=\"0\"><\/td>\n<\/tr>\n<\/tbody>\n<\/table>\n<p>&nbsp;<\/p>\n<table>\n<tbody>\n<tr>\n<td width=\"96\"><\/td>\n<td width=\"76\"><\/td>\n<td colspan=\"2\" width=\"567\">Likovno romanje po Fabianijevih poteh od \u0160tanjela do Kobdilja in ogled Fabianijeve doma\u010dije z<\/td>\n<td width=\"143\"><\/td>\n<td width=\"85\"><\/td>\n<td width=\"0\"><\/td>\n<\/tr>\n<tr>\n<td width=\"96\"><\/td>\n<td width=\"76\"><\/td>\n<td colspan=\"2\" width=\"567\">zaklju\u010dkom projekta s predstavitvijo spleta otro\u0161ke folklorne skupine Kamen\u010dki, Oreh in orehi.<\/td>\n<td width=\"143\"><\/td>\n<td width=\"85\"><\/td>\n<td width=\"0\"><\/td>\n<\/tr>\n<tr>\n<td width=\"96\"><\/td>\n<td width=\"76\">11.00-17.00<\/td>\n<td colspan=\"2\" width=\"567\"><strong>-Dnevi evropske kulturne dedi\u0161\u010dine: <\/strong>Zbiranje pri\u010devanj o \u017eivljenju in delu Maksa Fabianija.<\/td>\n<td width=\"143\">Grad \u0160tanjel<\/td>\n<td width=\"85\">05\/7690197<\/td>\n<td width=\"0\"><\/td>\n<\/tr>\n<tr>\n<td width=\"96\"><\/td>\n<td width=\"76\">11.00<\/td>\n<td colspan=\"2\" width=\"567\">&#8211;<strong>KRA\u0160KE ZAPELJIVKE<\/strong> vabijo v Tomaj \u2013 poku\u0161ina, ogled ter nakup buti\u010dnih kra\u0161kih izdelkov:<\/td>\n<td width=\"143\">Tomaj 105<\/td>\n<td width=\"85\"><u><a href=\"mailto:info@ikz.si\">info@ikz.si<\/a><\/u><\/td>\n<td width=\"0\"><\/td>\n<\/tr>\n<tr>\n<td rowspan=\"2\" width=\"96\"><strong>3. oktober<\/strong><\/td>\n<td width=\"76\"><\/td>\n<td width=\"43\"><\/td>\n<td width=\"524\"><sup>\u00fc<\/sup> Mmm Beatrice &#8211; mmmarmelade, paradi\u017enikova \u0161al\u0161a in \u010datniji<\/td>\n<td width=\"143\"><\/td>\n<td width=\"85\"><\/td>\n<td width=\"0\"><\/td>\n<\/tr>\n<tr>\n<td width=\"76\"><\/td>\n<td width=\"43\"><\/td>\n<td rowspan=\"2\" width=\"524\"><sup>\u00fc<\/sup> Marmeu &#8211; unikatne, ro\u010dno izdelane torbice, baretke koketke, bro\u0161ke, eskulture<\/td>\n<td width=\"143\"><\/td>\n<td width=\"85\"><\/td>\n<td width=\"0\"><\/td>\n<\/tr>\n<tr>\n<td rowspan=\"2\" width=\"96\"><strong>SOBOTA<\/strong><\/td>\n<td width=\"76\"><\/td>\n<td width=\"43\"><\/td>\n<td width=\"143\"><\/td>\n<td width=\"85\"><\/td>\n<td width=\"0\"><\/td>\n<\/tr>\n<tr>\n<td width=\"76\"><\/td>\n<td width=\"43\"><\/td>\n<td rowspan=\"2\" width=\"524\"><sup>\u00fc<\/sup> Kmetija \u017derjal &#8211; izdelki iz kozjega mleka<\/td>\n<td width=\"143\"><\/td>\n<td width=\"85\"><\/td>\n<td width=\"0\"><\/td>\n<\/tr>\n<tr>\n<td width=\"96\"><\/td>\n<td width=\"76\"><\/td>\n<td width=\"43\"><\/td>\n<td width=\"143\"><\/td>\n<td width=\"85\"><\/td>\n<td width=\"0\"><\/td>\n<\/tr>\n<tr>\n<td width=\"96\"><\/td>\n<td width=\"76\"><\/td>\n<td width=\"43\"><\/td>\n<td width=\"524\"><sup>\u00fc<\/sup> KRAS Kanabis &#8211; konopljino seme, listi in vr\u0161i\u010dki<\/td>\n<td width=\"143\"><\/td>\n<td width=\"85\"><\/td>\n<td width=\"0\"><\/td>\n<\/tr>\n<tr>\n<td width=\"96\"><\/td>\n<td width=\"76\"><\/td>\n<td width=\"43\"><\/td>\n<td width=\"524\"><sup>\u00fc<\/sup> EKOTERA &#8211; izdelki iz kra\u0161ke sivke in terana<\/td>\n<td width=\"143\"><\/td>\n<td width=\"85\"><\/td>\n<td width=\"0\"><\/td>\n<\/tr>\n<tr>\n<td width=\"96\"><\/td>\n<td rowspan=\"2\" width=\"76\">18.00<\/td>\n<td width=\"43\"><\/td>\n<td width=\"524\"><sup>\u00fc<\/sup> Pun\u010dke z lavando &#8211; pupe s Krasa.<\/td>\n<td width=\"143\"><\/td>\n<td width=\"85\"><\/td>\n<td width=\"0\"><\/td>\n<\/tr>\n<tr>\n<td width=\"96\"><\/td>\n<td colspan=\"2\" rowspan=\"2\" width=\"567\">&#8211; Otvoritev razstave Plesna do\u017eivetja, avtor \u010dastni \u010dlan Foto kluba \u017darek Se\u017eana, Du\u0161an Gorast<\/td>\n<td rowspan=\"3\" width=\"143\">Bun\u010detova doma\u010dija<\/td>\n<td rowspan=\"3\" width=\"85\">041\/475805<\/td>\n<td width=\"0\"><\/td>\n<\/tr>\n<tr>\n<td width=\"96\"><\/td>\n<td width=\"76\"><\/td>\n<td width=\"0\"><\/td>\n<\/tr>\n<tr>\n<td width=\"96\"><\/td>\n<td width=\"76\"><\/td>\n<td rowspan=\"2\" width=\"43\">Mi\u0161ka.<\/td>\n<td width=\"524\"><\/td>\n<td width=\"0\"><\/td>\n<\/tr>\n<tr>\n<td width=\"96\"><\/td>\n<td width=\"76\"><\/td>\n<td width=\"524\"><\/td>\n<td width=\"143\"><\/td>\n<td width=\"85\"><\/td>\n<td width=\"0\"><\/td>\n<\/tr>\n<tr>\n<td width=\"96\"><\/td>\n<td width=\"76\">zjutraj<\/td>\n<td colspan=\"2\" width=\"567\"><em>&#8211; PD Se\u017eana organizira <strong>37. SPOMINSKI POHOD NA SLAVNIK<\/strong><\/em>. Pohod je lahek, vodnik: OPD Koper.<\/td>\n<td width=\"143\">Se\u017eana<\/td>\n<td width=\"85\">051\/371896<\/td>\n<td width=\"0\"><\/td>\n<\/tr>\n<tr>\n<td width=\"96\"><\/td>\n<td width=\"76\">9.30<\/td>\n<td colspan=\"2\" width=\"567\"><strong>&#8211; MEDNARODNA RAZSTAVA PSOV:<\/strong><\/td>\n<td width=\"143\">Kobilarna Lipica<\/td>\n<td width=\"85\">05\/7391580<\/td>\n<td width=\"0\"><\/td>\n<\/tr>\n<tr>\n<td width=\"96\"><\/td>\n<td width=\"76\"><\/td>\n<td width=\"43\">&#8211;<\/td>\n<td width=\"524\">9.30: odprtje razstave<\/td>\n<td width=\"143\"><\/td>\n<td width=\"85\"><\/td>\n<td width=\"0\"><\/td>\n<\/tr>\n<tr>\n<td width=\"96\"><\/td>\n<td width=\"76\"><\/td>\n<td colspan=\"2\" width=\"567\">&#8211;\u00a0\u00a0 10.00-14.00: ocenjevanje psov v razstavnih krogih<\/td>\n<td width=\"143\"><\/td>\n<td width=\"85\"><\/td>\n<td width=\"0\"><\/td>\n<\/tr>\n<tr>\n<td rowspan=\"2\" width=\"96\"><strong>4. oktober<\/strong><\/td>\n<td width=\"76\"><\/td>\n<td width=\"43\">&#8211;<\/td>\n<td width=\"524\">14.30-17.00: izbor najlep\u0161ih psov razstave<\/td>\n<td width=\"143\"><\/td>\n<td width=\"85\"><\/td>\n<td width=\"0\"><\/td>\n<\/tr>\n<tr>\n<td width=\"76\"><\/td>\n<td rowspan=\"2\" width=\"43\">&#8211;<\/td>\n<td rowspan=\"2\" width=\"524\">15.00 \u2013 15.00 specialna razstava za velike pasme melose<\/td>\n<td width=\"143\"><\/td>\n<td width=\"85\"><\/td>\n<td width=\"0\"><\/td>\n<\/tr>\n<tr>\n<td rowspan=\"2\" width=\"96\"><strong>NEDELJA<\/strong><\/td>\n<td width=\"76\"><\/td>\n<td width=\"143\"><\/td>\n<td width=\"85\"><\/td>\n<td width=\"0\"><\/td>\n<\/tr>\n<tr>\n<td rowspan=\"2\" width=\"76\">&#8211;<\/td>\n<td colspan=\"2\" rowspan=\"2\" width=\"567\"><strong>-PRAZNIK BRKINSKEGA JABOLKA &#8211; <\/strong>Med pomembnej\u0161e praznike na Brkinski sadni cesti sodi Praznik<\/td>\n<td rowspan=\"2\" width=\"143\">Tatre<\/td>\n<td rowspan=\"2\" width=\"85\">&#8211;<\/td>\n<td width=\"0\"><\/td>\n<\/tr>\n<tr>\n<td width=\"96\"><\/td>\n<td width=\"0\"><\/td>\n<\/tr>\n<tr>\n<td width=\"96\"><\/td>\n<td width=\"76\"><\/td>\n<td colspan=\"2\" width=\"567\">brkinskega jabolka na katerem boste lahko poskusili razli\u010dne dobrote iz jabolk, se kaj novega nau\u010dili<\/td>\n<td width=\"143\"><\/td>\n<td width=\"85\"><\/td>\n<td width=\"0\"><\/td>\n<\/tr>\n<tr>\n<td width=\"96\"><\/td>\n<td width=\"76\"><\/td>\n<td colspan=\"2\" width=\"567\">ob tem pa \u0161e zabavali!<\/td>\n<td width=\"143\"><\/td>\n<td width=\"85\"><\/td>\n<td width=\"0\"><\/td>\n<\/tr>\n<tr>\n<td width=\"96\"><\/td>\n<td width=\"76\">&#8211;<\/td>\n<td colspan=\"2\" width=\"567\">&#8211; <strong>Razstava gob in poku\u0161ina gobjih jedi<\/strong> &#8211; Mladinski hotel Pliskovica v sodelovanju z Gobarskim<\/td>\n<td width=\"143\">MH Pliskovica<\/td>\n<td width=\"85\">05\/7640250<\/td>\n<td width=\"0\"><\/td>\n<\/tr>\n<tr>\n<td width=\"96\"><\/td>\n<td width=\"76\"><\/td>\n<td colspan=\"2\" rowspan=\"2\" width=\"567\">dru\u0161tvom Se\u017eana letno organizira razstavo sve\u017eih gob in poku\u0161ino razli\u010dnih gobjih jedi.<\/td>\n<td width=\"143\"><\/td>\n<td width=\"85\"><\/td>\n<td width=\"0\"><\/td>\n<\/tr>\n<tr>\n<td width=\"96\"><\/td>\n<td width=\"76\"><\/td>\n<td width=\"143\"><\/td>\n<td width=\"85\"><\/td>\n<td width=\"0\"><\/td>\n<\/tr>\n<tr>\n<td width=\"96\"><strong>5. oktober<\/strong><\/td>\n<td width=\"76\"><\/td>\n<td width=\"43\"><\/td>\n<td width=\"524\"><\/td>\n<td width=\"143\"><\/td>\n<td width=\"85\"><\/td>\n<td width=\"0\"><\/td>\n<\/tr>\n<tr>\n<td width=\"96\"><strong>PONEDELJEK<\/strong><\/td>\n<td width=\"76\"><\/td>\n<td width=\"43\"><\/td>\n<td width=\"524\"><\/td>\n<td width=\"143\"><\/td>\n<td width=\"85\"><\/td>\n<td width=\"0\"><\/td>\n<\/tr>\n<tr>\n<td width=\"96\"><strong>6. oktober<\/strong><\/td>\n<td width=\"76\">18.00<\/td>\n<td colspan=\"2\" width=\"567\">&#8211;<strong>Jamarsko dru\u0161tvo Dimnice:<\/strong> Raziskave za sifoni v jami Dimnice, ob 50-letnici Jamarskega dru\u0161tva<\/td>\n<td width=\"143\">Knji\u017enica Kozina<\/td>\n<td width=\"85\">05\/6803027<\/td>\n<td width=\"0\"><\/td>\n<\/tr>\n<tr>\n<td width=\"96\"><strong>TOREK<\/strong><\/td>\n<td width=\"76\"><\/td>\n<td colspan=\"2\" width=\"567\">Dimnice.<\/td>\n<td width=\"143\"><\/td>\n<td width=\"85\"><\/td>\n<td width=\"0\"><\/td>\n<\/tr>\n<tr>\n<td width=\"96\"><\/td>\n<td width=\"76\"><\/td>\n<td colspan=\"2\" width=\"567\"><\/td>\n<td width=\"143\"><\/td>\n<td width=\"85\"><\/td>\n<td width=\"0\"><\/td>\n<\/tr>\n<tr>\n<td width=\"96\"><strong>7. oktober<\/strong><\/td>\n<td width=\"76\">17.00<\/td>\n<td colspan=\"2\" width=\"567\">-Predstavitev programa 2015\u20132016 Univerze za tretje \u017eivljenjsko obdobje Kras v knji\u017enici Kozina.<\/td>\n<td width=\"143\">Knji\u017enica Kozina<\/td>\n<td width=\"85\">05\/6803027<\/td>\n<td width=\"0\"><\/td>\n<\/tr>\n<tr>\n<td width=\"96\"><strong>SREDA<\/strong><\/td>\n<td width=\"76\"><\/td>\n<td width=\"43\"><\/td>\n<td width=\"524\"><\/td>\n<td width=\"143\"><\/td>\n<td width=\"85\"><\/td>\n<td width=\"0\"><\/td>\n<\/tr>\n<tr>\n<td width=\"96\"><\/td>\n<td width=\"76\">10.00<\/td>\n<td colspan=\"2\" width=\"567\">&#8211; Prva literarna \u010dajanka v \u0161olskem letu 2015\u20132016 v Diva\u010di.<\/td>\n<td width=\"143\">Knji\u017enica Diva\u010da<\/td>\n<td width=\"85\">05\/ 7632870<\/td>\n<td width=\"0\"><\/td>\n<\/tr>\n<tr>\n<td width=\"96\"><strong>8. oktober<\/strong><\/td>\n<td width=\"76\">18.00<\/td>\n<td colspan=\"2\" width=\"567\">&#8211;<strong>Predstavitev knjige Tanje Tuma:<\/strong> \u010ce\u0161nje, bele in rde\u010de, roman o spravi. O romanu, v katerem se<\/td>\n<td width=\"143\">Knji\u017enica Se\u017eana<\/td>\n<td width=\"85\">05\/7310030<\/td>\n<td width=\"0\"><\/td>\n<\/tr>\n<tr>\n<td width=\"96\"><strong>\u010cETRTEK<\/strong><\/td>\n<td width=\"76\"><\/td>\n<td colspan=\"2\" width=\"567\">zgodba dogaja v Brkinih med NOB se bo z avtorico pogovarjala direktorica Kosovelove knji\u017enice<\/td>\n<td width=\"143\"><\/td>\n<td width=\"85\"><\/td>\n<td width=\"0\"><\/td>\n<\/tr>\n<tr>\n<td width=\"96\"><\/td>\n<td width=\"76\"><\/td>\n<td colspan=\"2\" width=\"567\">Se\u017eana mag. Magdalena Svetina Ter\u010don.<\/td>\n<td width=\"143\"><\/td>\n<td width=\"85\"><\/td>\n<td width=\"0\"><\/td>\n<\/tr>\n<tr>\n<td width=\"96\"><strong>9. oktober<\/strong><\/td>\n<td width=\"76\">17.00<\/td>\n<td colspan=\"2\" width=\"567\">&#8211; Fabianijevo leto v ob\u010dini Komen: Otvoritev obnovljenega vodovodnega sistema v Ferrarijevem vrtu.<\/td>\n<td width=\"143\">\u0160tanjel<\/td>\n<td width=\"85\">05\/7690056<\/td>\n<td width=\"0\"><\/td>\n<\/tr>\n<tr>\n<td width=\"96\"><strong>PETEK<\/strong><\/td>\n<td width=\"76\"><\/td>\n<td width=\"43\"><\/td>\n<td width=\"524\"><\/td>\n<td width=\"143\"><\/td>\n<td width=\"85\"><\/td>\n<td width=\"0\"><\/td>\n<\/tr>\n<tr>\n<td width=\"96\"><\/td>\n<td width=\"76\">&#8211;<\/td>\n<td colspan=\"2\" width=\"567\"><sup>&#8211;<\/sup><strong>KOSTANJEV PRAZNIK <\/strong><strong>&#8211; <\/strong>Doma\u010de \u017eene vsako leto pripravijo dobrote iz kostanja, pri tem pa v stare<\/td>\n<td width=\"143\">Rodik<\/td>\n<td width=\"85\">041\/361785<\/td>\n<td width=\"0\"><\/td>\n<\/tr>\n<tr>\n<td width=\"96\"><strong>10. oktober<\/strong><\/td>\n<td width=\"76\"><\/td>\n<td colspan=\"2\" width=\"567\">navade uporabe tega priljubljenega gozdnega sade\u017ea dodajajo svojo inovativnosti in domi\u0161ljijo.<\/td>\n<td width=\"143\"><\/td>\n<td width=\"85\"><\/td>\n<td width=\"0\"><\/td>\n<\/tr>\n<tr>\n<td width=\"96\"><strong>SOBOTA<\/strong><\/td>\n<td width=\"76\"><\/td>\n<td colspan=\"2\" width=\"567\">Dogodek poln okusov in do\u017eivetij ter zabave.<\/td>\n<td width=\"143\"><\/td>\n<td width=\"85\"><\/td>\n<td width=\"0\"><\/td>\n<\/tr>\n<tr>\n<td width=\"96\"><\/td>\n<td rowspan=\"2\" width=\"76\">Zjutraj<\/td>\n<td colspan=\"2\" rowspan=\"2\" width=\"567\">-PD Se\u017eana organizira izlet za odrasle \u010dlane \u2013 nad Ankaranom. Izlet je lahek, vodi ga B. Rojc.<\/td>\n<td rowspan=\"2\" width=\"143\">Se\u017eana<\/td>\n<td rowspan=\"2\" width=\"85\">051\/371896<\/td>\n<td width=\"0\"><\/td>\n<\/tr>\n<tr>\n<td width=\"96\"><\/td>\n<td width=\"0\"><\/td>\n<\/tr>\n<\/tbody>\n<\/table>\n<p>&nbsp;<\/p>\n<table>\n<tbody>\n<tr>\n<td width=\"96\"><\/td>\n<td width=\"76\">15.30<\/td>\n<td width=\"567\">-Nogometne tekme \u010dlanske ekipe 3. liga \u2013NK Tabor Se\u017eana.<\/td>\n<td width=\"143\">Nog.stadion Se\u017eana<\/td>\n<td width=\"85\">05\/7301480<\/td>\n<td width=\"0\"><\/td>\n<\/tr>\n<tr>\n<td rowspan=\"2\" width=\"96\"><strong>11. oktober<\/strong><\/td>\n<td width=\"76\">&#8211;<\/td>\n<td width=\"567\">&#8211; Jenkovi dnevi<\/td>\n<td width=\"143\">Temnica<\/td>\n<td width=\"85\">031\/308864<\/td>\n<td width=\"0\"><\/td>\n<\/tr>\n<tr>\n<td rowspan=\"2\" width=\"76\">&#8211;<\/td>\n<td rowspan=\"2\" width=\"567\">&#8211;<strong>14. Kra\u0161ki jesenski pohod<\/strong> Opatje selo &#8211; Cerje.<\/td>\n<td rowspan=\"2\" width=\"143\">Opatje selo<\/td>\n<td rowspan=\"2\" width=\"85\">041\/733249<\/td>\n<td width=\"0\"><\/td>\n<\/tr>\n<tr>\n<td rowspan=\"2\" width=\"96\"><strong>NEDELJA<\/strong><\/td>\n<td width=\"0\"><\/td>\n<\/tr>\n<tr>\n<td rowspan=\"2\" width=\"76\">16.00<\/td>\n<td rowspan=\"2\" width=\"567\"><strong>&#8211; <\/strong>Prvenstvene rokometne tekme starej\u0161i de\u010dki \u2013 RK Mitol Se\u017eana.<\/td>\n<td rowspan=\"2\" width=\"143\">\u0160D Se\u017eana<\/td>\n<td rowspan=\"2\" width=\"85\">05\/7301480<\/td>\n<td width=\"0\"><\/td>\n<\/tr>\n<tr>\n<td width=\"96\"><\/td>\n<td width=\"0\"><\/td>\n<\/tr>\n<tr>\n<td width=\"96\"><strong>12. oktober<\/strong><\/td>\n<td width=\"76\"><\/td>\n<td width=\"567\"><\/td>\n<td width=\"143\"><\/td>\n<td width=\"85\"><\/td>\n<td width=\"0\"><\/td>\n<\/tr>\n<tr>\n<td width=\"96\"><strong>PONEDELJEK<\/strong><\/td>\n<td width=\"76\"><\/td>\n<td width=\"567\"><\/td>\n<td width=\"143\"><\/td>\n<td width=\"85\"><\/td>\n<td width=\"0\"><\/td>\n<\/tr>\n<tr>\n<td width=\"96\"><strong>13. oktober<\/strong><\/td>\n<td width=\"76\">18.00<\/td>\n<td width=\"567\">&#8211; <strong>Iz knji\u017enice Diva\u010da v svet:<\/strong> Malezija. Gostja: Tja\u0161a Perhavec.<\/td>\n<td width=\"143\">Knji\u017enica Diva\u010da<\/td>\n<td width=\"85\">05\/ 7632870<\/td>\n<td width=\"0\"><\/td>\n<\/tr>\n<tr>\n<td width=\"96\"><strong>TOREK<\/strong><\/td>\n<td width=\"76\"><\/td>\n<td width=\"567\"><\/td>\n<td width=\"143\"><\/td>\n<td width=\"85\"><\/td>\n<td width=\"0\"><\/td>\n<\/tr>\n<tr>\n<td width=\"96\"><strong>14. oktober<\/strong><\/td>\n<td width=\"76\">18.00<\/td>\n<td width=\"567\">&#8211; Son\u010dna ura: Sre\u010danje bralnega \u0161tudijskega kro\u017eka.<\/td>\n<td width=\"143\">Knji\u017enica Se\u017eana<\/td>\n<td width=\"85\">05\/7310030<\/td>\n<td width=\"0\"><\/td>\n<\/tr>\n<tr>\n<td width=\"96\"><strong>SREDA<\/strong><\/td>\n<td width=\"76\"><\/td>\n<td width=\"567\"><\/td>\n<td width=\"143\"><\/td>\n<td width=\"85\"><\/td>\n<td width=\"0\"><\/td>\n<\/tr>\n<tr>\n<td rowspan=\"2\" width=\"96\"><strong>15. oktober<\/strong><\/td>\n<td width=\"76\">18.00<\/td>\n<td width=\"567\">&#8211; <strong>Predstavitev<\/strong> <strong>knjige Emila \u0160krla \u2013<\/strong> <strong>Milka Bolteja<\/strong>: Pot mojega \u017eivljenja. Z avtorjem se bo pogovarjala<\/td>\n<td width=\"143\">Knji\u017enica Se\u017eana<\/td>\n<td width=\"85\">05\/7310030<\/td>\n<td width=\"0\"><\/td>\n<\/tr>\n<tr>\n<td width=\"76\"><\/td>\n<td rowspan=\"2\" width=\"567\">direktorica mag. Magdalena Svetina Ter\u010don. V sodelovanju z Zveza zdru\u017eenj borcev za vrednote NOB<\/td>\n<td width=\"143\"><\/td>\n<td width=\"85\"><\/td>\n<td width=\"0\"><\/td>\n<\/tr>\n<tr>\n<td rowspan=\"2\" width=\"96\"><strong>\u010cETRTEK<\/strong><\/td>\n<td width=\"76\"><\/td>\n<td width=\"143\"><\/td>\n<td width=\"85\"><\/td>\n<td width=\"0\"><\/td>\n<\/tr>\n<tr>\n<td width=\"76\"><\/td>\n<td rowspan=\"2\" width=\"567\">Se\u017eana.<\/td>\n<td width=\"143\"><\/td>\n<td width=\"85\"><\/td>\n<td width=\"0\"><\/td>\n<\/tr>\n<tr>\n<td width=\"96\"><\/td>\n<td width=\"76\"><\/td>\n<td width=\"143\"><\/td>\n<td width=\"85\"><\/td>\n<td width=\"0\"><\/td>\n<\/tr>\n<tr>\n<td rowspan=\"2\" width=\"96\"><strong>16. oktober<\/strong><\/td>\n<td width=\"76\">&#8211;<\/td>\n<td width=\"567\">&#8211; Fabianijevo leto v ob\u010dini Komen: Literarni ve\u010der.<\/td>\n<td width=\"143\">Gorjansko<\/td>\n<td width=\"85\">05\/7310450<\/td>\n<td width=\"0\"><\/td>\n<\/tr>\n<tr>\n<td rowspan=\"2\" width=\"76\">&#8211;<\/td>\n<td rowspan=\"2\" width=\"567\">&#8211; Koncert \u2013 Kvintet Utrip.<\/td>\n<td rowspan=\"2\" width=\"143\">KD Hrpelje<\/td>\n<td rowspan=\"2\" width=\"85\">041\/699070<\/td>\n<td width=\"0\"><\/td>\n<\/tr>\n<tr>\n<td rowspan=\"2\" width=\"96\"><strong>PETEK<\/strong><\/td>\n<td width=\"0\"><\/td>\n<\/tr>\n<tr>\n<td rowspan=\"2\" width=\"76\">18.30<\/td>\n<td rowspan=\"2\" width=\"567\">&#8211; <strong>S knji\u017enim nahrbtnikom na potep<\/strong> v Ugando in Zanzibar. Gostja: Andreja Avber\u0161ek.<\/td>\n<td rowspan=\"2\" width=\"143\">Knji\u017enica Komen<\/td>\n<td rowspan=\"2\" width=\"85\">05\/ 7668580<\/td>\n<td width=\"0\"><\/td>\n<\/tr>\n<tr>\n<td width=\"96\"><\/td>\n<td width=\"0\"><\/td>\n<\/tr>\n<tr>\n<td width=\"96\"><strong>17. oktober<\/strong><\/td>\n<td width=\"76\">&#8211;<\/td>\n<td width=\"567\">&#8211;<strong>15 . mednarodno ocenjevanje medu<\/strong>.<\/td>\n<td width=\"143\">Povir<\/td>\n<td width=\"85\">041 \/649142<\/td>\n<td width=\"0\"><\/td>\n<\/tr>\n<tr>\n<td rowspan=\"2\" width=\"96\"><strong>SOBOTA<\/strong><\/td>\n<td width=\"76\"><\/td>\n<td width=\"567\"><\/td>\n<td rowspan=\"2\" width=\"143\">\u010cebelarstvo Atel\u0161ek<\/td>\n<td width=\"85\"><\/td>\n<td width=\"0\"><\/td>\n<\/tr>\n<tr>\n<td width=\"76\"><\/td>\n<td width=\"567\"><\/td>\n<td width=\"85\"><\/td>\n<td width=\"0\"><\/td>\n<\/tr>\n<tr>\n<td width=\"96\"><\/td>\n<td width=\"76\">&#8211;<\/td>\n<td width=\"567\">&#8211; <strong>20. Kra\u0161ki kro\u017eni pohod: Jamlje<\/strong> <strong>\u2013<\/strong> <strong>Sela na Krasu<\/strong> <strong>\u2013<\/strong> <strong>Jamlje<\/strong> (10 km poti po gmajni)<\/td>\n<td width=\"143\">Jamlje (Italija)<\/td>\n<td width=\"85\">041\/264316<\/td>\n<td width=\"0\"><\/td>\n<\/tr>\n<tr>\n<td rowspan=\"3\" width=\"96\"><strong>18. oktober<\/strong><\/td>\n<td rowspan=\"2\" width=\"76\">14.00<\/td>\n<td rowspan=\"2\" width=\"567\">&#8211; <strong>\u00bbPohod po poti devetih kalov\u00ab<\/strong> &#8211; pohod na katerem spoznavamo lepote kra\u0161ke krajine. Videli boste<\/td>\n<td rowspan=\"2\" width=\"143\">Kobjeglava<\/td>\n<td rowspan=\"2\" width=\"85\">040\/277337<\/td>\n<td width=\"0\"><\/td>\n<\/tr>\n<tr>\n<td width=\"0\"><\/td>\n<\/tr>\n<tr>\n<td width=\"76\"><\/td>\n<td rowspan=\"2\" width=\"567\">obnovljene starodavne kra\u0161ke vodne vire, se ustavili pri kamniti pastirski hi\u0161ki, spoznali kra\u0161ko<\/td>\n<td width=\"143\"><\/td>\n<td width=\"85\"><\/td>\n<td width=\"0\"><\/td>\n<\/tr>\n<tr>\n<td rowspan=\"2\" width=\"96\"><strong>NEDELJA<\/strong><\/td>\n<td width=\"76\"><\/td>\n<td width=\"143\"><\/td>\n<td width=\"85\"><\/td>\n<td width=\"0\"><\/td>\n<\/tr>\n<tr>\n<td width=\"76\"><\/td>\n<td rowspan=\"2\" width=\"567\">kme\u010dko arhitekturo in \u017eivljenjski prostor \u010dloveka iz pradavnine\u2026 S prikazom kulturne dedi\u0161\u010dine, ki so<\/td>\n<td width=\"143\"><\/td>\n<td width=\"85\"><\/td>\n<td width=\"0\"><\/td>\n<\/tr>\n<tr>\n<td width=\"96\"><\/td>\n<td width=\"76\"><\/td>\n<td width=\"143\"><\/td>\n<td width=\"85\"><\/td>\n<td width=\"0\"><\/td>\n<\/tr>\n<tr>\n<td width=\"96\"><\/td>\n<td width=\"76\"><\/td>\n<td width=\"567\">jo na\u0161i predniki ustvarjali skozi stoletja, boste podo\u017eiveli boj za pre\u017eivetje na kra\u0161kem svetu.<\/td>\n<td width=\"143\"><\/td>\n<td width=\"85\"><\/td>\n<td width=\"0\"><\/td>\n<\/tr>\n<tr>\n<td width=\"96\"><strong>19. oktober<\/strong><\/td>\n<td width=\"76\"><\/td>\n<td width=\"567\"><\/td>\n<td width=\"143\"><\/td>\n<td width=\"85\"><\/td>\n<td width=\"0\"><\/td>\n<\/tr>\n<tr>\n<td width=\"96\"><strong>PONEDELJEK<\/strong><\/td>\n<td width=\"76\"><\/td>\n<td width=\"567\"><\/td>\n<td width=\"143\"><\/td>\n<td width=\"85\"><\/td>\n<td width=\"0\"><\/td>\n<\/tr>\n<tr>\n<td width=\"96\"><\/td>\n<td width=\"76\">18.00<\/td>\n<td width=\"567\">&#8211; Prvo sre\u010danje \u0160tudijskega kro\u017eka Zgodbarnica v letu 2015\u20132016.<\/td>\n<td width=\"143\">Knji\u017enica Kozina<\/td>\n<td width=\"85\">05\/6803027<\/td>\n<td width=\"0\"><\/td>\n<\/tr>\n<tr>\n<td width=\"96\"><strong>20. oktober<\/strong><\/td>\n<td width=\"76\"><\/td>\n<td width=\"567\"><\/td>\n<td width=\"143\"><\/td>\n<td width=\"85\"><\/td>\n<td width=\"0\"><\/td>\n<\/tr>\n<tr>\n<td width=\"96\"><strong>TOREK<\/strong><\/td>\n<td width=\"76\"><\/td>\n<td width=\"567\"><\/td>\n<td width=\"143\"><\/td>\n<td width=\"85\"><\/td>\n<td width=\"0\"><\/td>\n<\/tr>\n<tr>\n<td width=\"96\"><\/td>\n<td width=\"76\"><\/td>\n<td width=\"567\"><\/td>\n<td width=\"143\"><\/td>\n<td width=\"85\"><\/td>\n<td width=\"0\"><\/td>\n<\/tr>\n<tr>\n<td width=\"96\"><strong>21. oktober<\/strong><\/td>\n<td width=\"76\"><\/td>\n<td width=\"567\"><\/td>\n<td width=\"143\"><\/td>\n<td width=\"85\"><\/td>\n<td width=\"0\"><\/td>\n<\/tr>\n<tr>\n<td width=\"96\"><strong>SREDA<\/strong><\/td>\n<td width=\"76\"><\/td>\n<td width=\"567\"><\/td>\n<td width=\"143\"><\/td>\n<td width=\"85\"><\/td>\n<td width=\"0\"><\/td>\n<\/tr>\n<tr>\n<td width=\"96\"><strong>22. oktober<\/strong><\/td>\n<td width=\"76\">18.00<\/td>\n<td width=\"567\">&#8211; Od \u010dloveka k \u010cloveku v sodelovanju z MC Podlaga: Predavanje Aleksandre Ro\u017eman, Kako<\/td>\n<td width=\"143\">Knji\u017enica Se\u017eana<\/td>\n<td width=\"85\">05\/7310030<\/td>\n<td width=\"0\"><\/td>\n<\/tr>\n<tr>\n<td width=\"96\"><strong>\u010cETRTEK<\/strong><\/td>\n<td width=\"76\"><\/td>\n<td width=\"567\">obvarovati otroka \u010dustvene stiske.<\/td>\n<td width=\"143\"><\/td>\n<td width=\"85\"><\/td>\n<td width=\"0\"><\/td>\n<\/tr>\n<tr>\n<td width=\"96\"><strong>23. oktober<\/strong><\/td>\n<td width=\"76\"><\/td>\n<td width=\"567\"><\/td>\n<td width=\"143\"><\/td>\n<td width=\"85\"><\/td>\n<td width=\"0\"><\/td>\n<\/tr>\n<tr>\n<td width=\"96\"><strong>PETEK<\/strong><\/td>\n<td width=\"76\"><\/td>\n<td width=\"567\"><\/td>\n<td width=\"143\"><\/td>\n<td width=\"85\"><\/td>\n<td width=\"0\"><\/td>\n<\/tr>\n<tr>\n<td rowspan=\"3\" width=\"96\"><strong>24. oktober<\/strong><\/td>\n<td rowspan=\"2\" width=\"76\">Zjutraj<\/td>\n<td rowspan=\"2\" width=\"567\">&#8211; PD Se\u017eana organizira izlet za \u0161olsko mladino \u2013 <strong>MIRNA GORA<\/strong>. Izlet je lahek, vodi ga M. F. Franeti\u010d.<\/td>\n<td rowspan=\"2\" width=\"143\">Se\u017eana<\/td>\n<td rowspan=\"2\" width=\"85\">051\/371896<\/td>\n<td width=\"0\"><\/td>\n<\/tr>\n<tr>\n<td width=\"0\"><\/td>\n<\/tr>\n<tr>\n<td rowspan=\"2\" width=\"76\">&#8211;<\/td>\n<td rowspan=\"2\" width=\"567\">&#8211; Fabianijevo leto v ob\u010dini Komen: podelitev nagrade Maks Fabiani. Na ta dan bo tudi odprtje razstave<\/td>\n<td rowspan=\"2\" width=\"143\">\u0160tanjel<\/td>\n<td rowspan=\"2\" width=\"85\">031\/278516<\/td>\n<td width=\"0\"><\/td>\n<\/tr>\n<tr>\n<td rowspan=\"2\" width=\"96\"><strong>SOBOTA<\/strong><\/td>\n<td width=\"0\"><\/td>\n<\/tr>\n<tr>\n<td width=\"76\"><\/td>\n<td rowspan=\"2\" width=\"567\">del, prispelih na razpis za Nagrado Maks Fabiani.<\/td>\n<td width=\"143\"><\/td>\n<td width=\"85\"><\/td>\n<td width=\"0\"><\/td>\n<\/tr>\n<tr>\n<td width=\"96\"><\/td>\n<td width=\"76\"><\/td>\n<td width=\"143\"><\/td>\n<td width=\"85\"><\/td>\n<td width=\"0\"><\/td>\n<\/tr>\n<\/tbody>\n<\/table>\n<p>&nbsp;<\/p>\n<table>\n<tbody>\n<tr>\n<td width=\"96\"><\/td>\n<td width=\"76\">9.00<\/td>\n<td width=\"567\">&#8211; <strong>18. Pohod po sledeh<\/strong> <strong>so\u0161ke fronte<\/strong> &#8211; Tradicionalni pohod poteka po obeh straneh meje. Pohodniki<\/td>\n<td width=\"143\">Brestovica pri Komnu<\/td>\n<td width=\"85\">040\/815552<\/td>\n<td width=\"0\"><\/td>\n<\/tr>\n<tr>\n<td rowspan=\"2\" width=\"96\"><strong>25. oktober<\/strong><\/td>\n<td width=\"76\"><\/td>\n<td rowspan=\"2\" width=\"567\">bodo obiskali Grofovo jamo, kra\u0161ko jamo s kapniki, ob poti so \u0161tevilne kaverne, strelski jarki in \u0161tevilni<\/td>\n<td width=\"143\"><\/td>\n<td width=\"85\"><\/td>\n<td width=\"0\"><\/td>\n<\/tr>\n<tr>\n<td width=\"76\"><\/td>\n<td width=\"143\"><\/td>\n<td width=\"85\"><\/td>\n<td width=\"0\"><\/td>\n<\/tr>\n<tr>\n<td width=\"96\"><strong>NEDELJA<\/strong><\/td>\n<td width=\"76\"><\/td>\n<td width=\"567\">drugi ostanki so\u0161ke fronte.<\/td>\n<td width=\"143\"><\/td>\n<td width=\"85\"><\/td>\n<td width=\"0\"><\/td>\n<\/tr>\n<tr>\n<td width=\"96\"><\/td>\n<td width=\"76\"><\/td>\n<td width=\"567\"><\/td>\n<td width=\"143\"><\/td>\n<td width=\"85\"><\/td>\n<td width=\"0\"><\/td>\n<\/tr>\n<tr>\n<td width=\"96\"><\/td>\n<td width=\"76\"><\/td>\n<td width=\"567\"><\/td>\n<td width=\"143\"><\/td>\n<td width=\"85\"><\/td>\n<td width=\"0\"><\/td>\n<\/tr>\n<tr>\n<td width=\"96\"><strong>26. oktober<\/strong><\/td>\n<td width=\"76\"><\/td>\n<td width=\"567\"><\/td>\n<td width=\"143\"><\/td>\n<td width=\"85\"><\/td>\n<td width=\"0\"><\/td>\n<\/tr>\n<tr>\n<td width=\"96\"><strong>PONEDELJEK<\/strong><\/td>\n<td width=\"76\"><\/td>\n<td width=\"567\"><\/td>\n<td width=\"143\"><\/td>\n<td width=\"85\"><\/td>\n<td width=\"0\"><\/td>\n<\/tr>\n<tr>\n<td width=\"96\"><strong>27. oktober<\/strong><\/td>\n<td width=\"76\">18.00<\/td>\n<td width=\"567\">-Drugo potopisno sre\u010danje <strong>Iz knji\u017enice Diva\u010da v svet<\/strong>: Trideset dni po slovenski planinski poti. Gostja:<\/td>\n<td width=\"143\">Knji\u017enica Diva\u010da<\/td>\n<td width=\"85\">05\/7632870<\/td>\n<td width=\"0\"><\/td>\n<\/tr>\n<tr>\n<td width=\"96\"><strong>TOREK<\/strong><\/td>\n<td width=\"76\"><\/td>\n<td width=\"567\">Pia Per\u0161i\u010d.<\/td>\n<td width=\"143\"><\/td>\n<td width=\"85\"><\/td>\n<td width=\"0\"><\/td>\n<\/tr>\n<tr>\n<td rowspan=\"2\" width=\"96\"><strong>28. oktober<\/strong><\/td>\n<td width=\"76\">18.00<\/td>\n<td width=\"567\">-Son\u010dna ura: Sre\u010danje \u0161tudijskega bralnega kro\u017eka.<\/td>\n<td width=\"143\">Knji\u017enica Se\u017eana<\/td>\n<td width=\"85\">05\/7310030<\/td>\n<td width=\"0\"><\/td>\n<\/tr>\n<tr>\n<td width=\"76\"><\/td>\n<td width=\"567\"><\/td>\n<td width=\"143\"><\/td>\n<td width=\"85\"><\/td>\n<td width=\"0\"><\/td>\n<\/tr>\n<tr>\n<td width=\"96\"><strong>SREDA<\/strong><\/td>\n<td width=\"76\"><\/td>\n<td width=\"567\"><\/td>\n<td width=\"143\"><\/td>\n<td width=\"85\"><\/td>\n<td width=\"0\"><\/td>\n<\/tr>\n<tr>\n<td width=\"96\"><\/td>\n<td width=\"76\"><\/td>\n<td width=\"567\"><\/td>\n<td width=\"143\"><\/td>\n<td width=\"85\"><\/td>\n<td width=\"0\"><\/td>\n<\/tr>\n<tr>\n<td width=\"96\"><strong>29. oktober<\/strong><\/td>\n<td width=\"76\"><\/td>\n<td width=\"567\"><\/td>\n<td width=\"143\"><\/td>\n<td width=\"85\"><\/td>\n<td width=\"0\"><\/td>\n<\/tr>\n<tr>\n<td width=\"96\"><strong>\u010cETRTEK<\/strong><\/td>\n<td width=\"76\"><\/td>\n<td width=\"567\"><\/td>\n<td width=\"143\"><\/td>\n<td width=\"85\"><\/td>\n<td width=\"0\"><\/td>\n<\/tr>\n<tr>\n<td width=\"96\"><strong>30. oktober<\/strong><\/td>\n<td width=\"76\">&#8211;<\/td>\n<td width=\"567\">-PD Se\u017eana organizira <strong>NO\u010cNI POHOD KOKO\u0160<\/strong> <strong>&#8211; SLAVNIK<\/strong>. Izlet je lahek, vodnik: M. Olenik.<\/td>\n<td width=\"143\">Se\u017eana<\/td>\n<td width=\"85\">051\/371896<\/td>\n<td width=\"0\"><\/td>\n<\/tr>\n<tr>\n<td width=\"96\"><strong>PETEK<\/strong><\/td>\n<td width=\"76\"><\/td>\n<td width=\"567\"><\/td>\n<td width=\"143\"><\/td>\n<td width=\"85\"><\/td>\n<td width=\"0\"><\/td>\n<\/tr>\n<tr>\n<td width=\"96\"><strong>31. oktober<\/strong><\/td>\n<td width=\"76\"><\/td>\n<td width=\"567\"><\/td>\n<td width=\"143\"><\/td>\n<td width=\"85\"><\/td>\n<td width=\"0\"><\/td>\n<\/tr>\n<tr>\n<td rowspan=\"2\" width=\"96\"><strong>SOBOTA<\/strong><\/td>\n<td width=\"76\"><\/td>\n<td width=\"567\"><\/td>\n<td width=\"143\"><\/td>\n<td width=\"85\"><\/td>\n<td width=\"0\"><\/td>\n<\/tr>\n<tr>\n<td width=\"76\"><\/td>\n<td width=\"567\"><\/td>\n<td width=\"143\"><\/td>\n<td width=\"85\"><\/td>\n<td width=\"0\"><\/td>\n<\/tr>\n<\/tbody>\n<\/table>\n<p>&nbsp;<\/p>\n<p>&nbsp;<\/p>\n<p>&nbsp;<\/p>\n<p><strong>\u0160PORT in REKREACIJA<\/strong><\/p>\n<p>&nbsp;<\/p>\n<table>\n<tbody>\n<tr>\n<td width=\"4\"><\/td>\n<td rowspan=\"2\" width=\"189\"><strong>KDAJ\/KJE<\/strong><\/td>\n<td width=\"7\"><\/td>\n<td width=\"3\"><\/td>\n<td rowspan=\"2\" width=\"577\"><strong>KAJ<\/strong><\/td>\n<td width=\"5\"><\/td>\n<td width=\"4\"><\/td>\n<td rowspan=\"2\" width=\"179\"><strong>INFO<\/strong><\/td>\n<td width=\"5\"><\/td>\n<td width=\"0\"><\/td>\n<\/tr>\n<tr>\n<td width=\"4\"><\/td>\n<td width=\"7\"><\/td>\n<td width=\"3\"><\/td>\n<td width=\"5\"><\/td>\n<td width=\"4\"><\/td>\n<td width=\"5\"><\/td>\n<td width=\"0\"><\/td>\n<\/tr>\n<tr>\n<td width=\"4\"><\/td>\n<td width=\"189\"><\/td>\n<td width=\"7\"><\/td>\n<td width=\"3\"><\/td>\n<td width=\"577\"><strong>\u0160PORTNI PROGRAMI NA KRASU<\/strong><\/td>\n<td width=\"5\"><\/td>\n<td width=\"4\"><\/td>\n<td width=\"179\"><\/td>\n<td width=\"5\"><\/td>\n<td width=\"0\"><\/td>\n<\/tr>\n<tr>\n<td width=\"4\"><\/td>\n<td width=\"189\"><\/td>\n<td width=\"7\"><\/td>\n<td width=\"3\"><\/td>\n<td width=\"577\">MIX AEROBIKA: Kobjeglava pon (20:15) in \u010det (20:00)<\/td>\n<td width=\"5\"><\/td>\n<td width=\"4\"><\/td>\n<td width=\"179\"><\/td>\n<td width=\"5\"><\/td>\n<td width=\"0\"><\/td>\n<\/tr>\n<tr>\n<td width=\"4\"><\/td>\n<td rowspan=\"3\" width=\"189\"><strong>Dutovlje, Kobjeglava<\/strong><\/td>\n<td width=\"7\"><\/td>\n<td width=\"3\"><\/td>\n<td width=\"577\">Dutovlje pon (18:45),<\/td>\n<td width=\"5\"><\/td>\n<td width=\"4\"><\/td>\n<td rowspan=\"2\" width=\"179\"><strong>\u0160D REKREATIV\u010cEK<\/strong><\/td>\n<td width=\"5\"><\/td>\n<td width=\"0\"><\/td>\n<\/tr>\n<tr>\n<td width=\"4\"><\/td>\n<td width=\"7\"><\/td>\n<td width=\"3\"><\/td>\n<td rowspan=\"3\" width=\"577\">VADBA V ZRELIH LETIH: Kobjeglava \u010det (18:30)<\/td>\n<td width=\"5\"><\/td>\n<td width=\"4\"><\/td>\n<td width=\"5\"><\/td>\n<td width=\"0\"><\/td>\n<\/tr>\n<tr>\n<td width=\"4\"><\/td>\n<td width=\"7\"><\/td>\n<td width=\"3\"><\/td>\n<td width=\"5\"><\/td>\n<td width=\"4\"><\/td>\n<td rowspan=\"3\" width=\"179\">T: 041\/472128<\/td>\n<td width=\"5\"><\/td>\n<td width=\"0\"><\/td>\n<\/tr>\n<tr>\n<td width=\"4\"><\/td>\n<td rowspan=\"3\" width=\"189\">OKTOBER<\/td>\n<td width=\"7\"><\/td>\n<td width=\"3\"><\/td>\n<td width=\"5\"><\/td>\n<td width=\"4\"><\/td>\n<td width=\"5\"><\/td>\n<td width=\"0\"><\/td>\n<\/tr>\n<tr>\n<td width=\"4\"><\/td>\n<td width=\"7\"><\/td>\n<td width=\"3\"><\/td>\n<td width=\"577\"><\/td>\n<td width=\"5\"><\/td>\n<td width=\"4\"><\/td>\n<td width=\"5\"><\/td>\n<td width=\"0\"><\/td>\n<\/tr>\n<tr>\n<td width=\"4\"><\/td>\n<td width=\"7\"><\/td>\n<td width=\"3\"><\/td>\n<td width=\"577\"><\/td>\n<td width=\"5\"><\/td>\n<td width=\"4\"><\/td>\n<td rowspan=\"2\" width=\"179\">rekreativ\u010dek@gmail.com<\/td>\n<td width=\"5\"><\/td>\n<td width=\"0\"><\/td>\n<\/tr>\n<tr>\n<td width=\"4\"><\/td>\n<td width=\"189\"><\/td>\n<td width=\"7\"><\/td>\n<td width=\"3\"><\/td>\n<td width=\"577\"><\/td>\n<td width=\"5\"><\/td>\n<td width=\"4\"><\/td>\n<td width=\"5\"><\/td>\n<td width=\"0\"><\/td>\n<\/tr>\n<tr>\n<td width=\"4\"><\/td>\n<td width=\"189\"><\/td>\n<td width=\"7\"><\/td>\n<td width=\"3\"><\/td>\n<td width=\"577\">Prvi obisk je brezpla\u010den.<\/td>\n<td width=\"5\"><\/td>\n<td width=\"4\"><\/td>\n<td width=\"179\"><\/td>\n<td width=\"5\"><\/td>\n<td width=\"0\"><\/td>\n<\/tr>\n<tr>\n<td width=\"4\"><\/td>\n<td width=\"189\"><\/td>\n<td width=\"7\"><\/td>\n<td width=\"3\"><\/td>\n<td width=\"577\"><\/td>\n<td width=\"5\"><\/td>\n<td width=\"4\"><\/td>\n<td width=\"179\"><\/td>\n<td width=\"5\"><\/td>\n<td width=\"0\"><\/td>\n<\/tr>\n<\/tbody>\n<\/table>\n<p>&nbsp;<\/p>\n<p><strong>URE PRAVLJIC<\/strong><\/p>\n<p>&nbsp;<\/p>\n<table>\n<tbody>\n<tr>\n<td width=\"4\"><\/td>\n<td rowspan=\"3\" width=\"181\"><strong>DATUM\/URA<\/strong><\/td>\n<td width=\"7\"><\/td>\n<td width=\"3\"><\/td>\n<td width=\"519\"><\/td>\n<td width=\"5\"><\/td>\n<td width=\"4\"><\/td>\n<td rowspan=\"3\" width=\"245\"><strong>INFO<\/strong><\/td>\n<td width=\"5\"><\/td>\n<td width=\"0\"><\/td>\n<\/tr>\n<tr>\n<td width=\"4\"><\/td>\n<td width=\"7\"><\/td>\n<td width=\"3\"><\/td>\n<td width=\"519\"><\/td>\n<td width=\"5\"><\/td>\n<td rowspan=\"2\" width=\"4\"><\/td>\n<td rowspan=\"2\" width=\"5\"><\/td>\n<td width=\"0\"><\/td>\n<\/tr>\n<tr>\n<td width=\"4\"><\/td>\n<td width=\"7\"><\/td>\n<td width=\"3\"><\/td>\n<td width=\"519\"><\/td>\n<td width=\"5\"><\/td>\n<td width=\"0\"><\/td>\n<\/tr>\n<tr>\n<td width=\"4\"><\/td>\n<td width=\"181\"><strong>Knji\u017enica Se\u017eana<\/strong><\/td>\n<td width=\"7\"><\/td>\n<td width=\"3\"><\/td>\n<td width=\"519\"><strong>KOSOVELOVA KNJI\u017dNICA SE\u017dANA \u2013 novo!<\/strong><\/td>\n<td width=\"5\"><\/td>\n<td width=\"4\"><\/td>\n<td colspan=\"2\" width=\"251\"><strong>Knji\u017enica Se\u017eana<\/strong><\/td>\n<td width=\"0\"><\/td>\n<\/tr>\n<tr>\n<td width=\"4\"><\/td>\n<td width=\"181\">Pravlji\u010dno-dinami\u010dna urica<\/td>\n<td width=\"7\"><\/td>\n<td width=\"3\"><\/td>\n<td width=\"519\">Mamice na porodni\u0161kem dopustu vabimo, da skupaj s svojimi mal\u010dki pridejo na pravlji\u010dno-<\/td>\n<td width=\"5\"><\/td>\n<td width=\"4\"><\/td>\n<td colspan=\"2\" width=\"251\">Ulica Mirka Pirca 1, 6210 Se\u017eana<\/td>\n<td width=\"0\"><\/td>\n<\/tr>\n<tr>\n<td width=\"4\"><\/td>\n<td width=\"181\">\u010cebljav\u010dki<\/td>\n<td width=\"7\"><\/td>\n<td width=\"3\"><\/td>\n<td width=\"519\">dinami\u010dno urico <strong>\u010cebljav\u010dki<\/strong> (radi beremo skupaj s star\u0161i!) S programom \u017eelimo spodbuditi<\/td>\n<td width=\"5\"><\/td>\n<td width=\"4\"><\/td>\n<td colspan=\"2\" width=\"251\">T: 05\/7310034<\/td>\n<td width=\"0\"><\/td>\n<\/tr>\n<tr>\n<td width=\"4\"><\/td>\n<td width=\"181\">5.10.2015, ob 10.00<\/td>\n<td width=\"7\"><\/td>\n<td width=\"3\"><\/td>\n<td width=\"519\">bralno pismenost \u017ee pri najmlaj\u0161ih in jim tako pribli\u017eati knjige in knji\u017enico na preprost in<\/td>\n<td width=\"5\"><\/td>\n<td width=\"4\"><\/td>\n<td colspan=\"2\" width=\"251\"><u>kosovelova.knjiznica@guest.arnes.si<\/u><\/td>\n<td width=\"0\"><\/td>\n<\/tr>\n<tr>\n<td width=\"4\"><\/td>\n<td width=\"181\"><\/td>\n<td width=\"7\"><\/td>\n<td width=\"3\"><\/td>\n<td width=\"519\">zabaven na\u010din. Sre\u010danja, ki bodo tematsko obarvana, bodo potekala enkrat mese\u010dno.<\/td>\n<td width=\"5\"><\/td>\n<td width=\"4\"><\/td>\n<td width=\"245\"><\/td>\n<td width=\"5\"><\/td>\n<td width=\"0\"><\/td>\n<\/tr>\n<tr>\n<td width=\"4\"><\/td>\n<td width=\"181\"><strong>Knji\u017enica Se\u017eana<\/strong><\/td>\n<td width=\"7\"><\/td>\n<td width=\"3\"><\/td>\n<td width=\"519\"><\/td>\n<td width=\"5\"><\/td>\n<td width=\"4\"><\/td>\n<td colspan=\"2\" width=\"251\"><strong>Knji\u017enica Se\u017eana<\/strong><\/td>\n<td width=\"0\"><\/td>\n<\/tr>\n<tr>\n<td width=\"4\"><\/td>\n<td width=\"181\">Vsak \u010detrtek ob 16.45 za<\/td>\n<td width=\"7\"><\/td>\n<td width=\"3\"><\/td>\n<td width=\"519\"><strong>KOSOVELOVA KNJI\u017dNICA SE\u017dANA<\/strong><\/td>\n<td width=\"5\"><\/td>\n<td width=\"4\"><\/td>\n<td colspan=\"2\" width=\"251\">Ulica Mirka Pirca 1, 6210 Se\u017eana<\/td>\n<td width=\"0\"><\/td>\n<\/tr>\n<tr>\n<td width=\"4\"><\/td>\n<td width=\"181\">najmlaj\u0161e in ob 17. uri za malo<\/td>\n<td width=\"7\"><\/td>\n<td width=\"3\"><\/td>\n<td width=\"519\">Ura pravljic<\/td>\n<td width=\"5\"><\/td>\n<td width=\"4\"><\/td>\n<td colspan=\"2\" width=\"251\">T: 05\/7310034<\/td>\n<td width=\"0\"><\/td>\n<\/tr>\n<tr>\n<td width=\"4\"><\/td>\n<td width=\"181\">starej\u0161e (od 4. leta dalje)<\/td>\n<td width=\"7\"><\/td>\n<td width=\"3\"><\/td>\n<td width=\"519\"><\/td>\n<td width=\"5\"><\/td>\n<td width=\"4\"><\/td>\n<td colspan=\"2\" width=\"251\"><u>kosovelova.knjiznica@guest.arnes.si<\/u><\/td>\n<td width=\"0\"><\/td>\n<\/tr>\n<tr>\n<td width=\"4\"><\/td>\n<td rowspan=\"2\" width=\"181\"><strong>Knji\u017enica Diva\u010da<\/strong><\/td>\n<td width=\"7\"><\/td>\n<td width=\"3\"><\/td>\n<td width=\"519\"><strong>KNJI\u017dNICA DIVA\u010cA<\/strong><\/td>\n<td width=\"5\"><\/td>\n<td width=\"4\"><\/td>\n<td colspan=\"2\" width=\"251\"><strong>Knji\u017enica Diva\u010da<\/strong><\/td>\n<td width=\"0\"><\/td>\n<\/tr>\n<tr>\n<td width=\"4\"><\/td>\n<td width=\"7\"><\/td>\n<td width=\"3\"><\/td>\n<td rowspan=\"2\" width=\"519\">Prva pravlji\u010dna urica v \u0161olskem letu 2015\u20132016. Pripoveduje bibliotekarka Anja Devetak.<\/td>\n<td width=\"5\"><\/td>\n<td width=\"4\"><\/td>\n<td colspan=\"2\" rowspan=\"2\" width=\"251\">T: 05\/7632870<\/td>\n<td width=\"0\"><\/td>\n<\/tr>\n<tr>\n<td width=\"4\"><\/td>\n<td rowspan=\"2\" width=\"181\">19.10.2015, ob 17.00<\/td>\n<td width=\"7\"><\/td>\n<td width=\"3\"><\/td>\n<td width=\"5\"><\/td>\n<td width=\"4\"><\/td>\n<td width=\"0\"><\/td>\n<\/tr>\n<tr>\n<td width=\"4\"><\/td>\n<td width=\"7\"><\/td>\n<td width=\"3\"><\/td>\n<td width=\"519\"><\/td>\n<td width=\"5\"><\/td>\n<td width=\"4\"><\/td>\n<td colspan=\"2\" rowspan=\"2\" width=\"251\"><a href=\"mailto:knjiznica.divaca@siol.net\">knjiznica.divaca@siol.net<\/a><\/td>\n<td width=\"0\"><\/td>\n<\/tr>\n<tr>\n<td width=\"4\"><\/td>\n<td width=\"181\"><\/td>\n<td width=\"7\"><\/td>\n<td width=\"3\"><\/td>\n<td width=\"519\"><\/td>\n<td width=\"5\"><\/td>\n<td width=\"4\"><\/td>\n<td width=\"0\"><\/td>\n<\/tr>\n<tr>\n<td width=\"4\"><\/td>\n<td rowspan=\"2\" width=\"181\"><strong>Knji\u017enica Kozina<\/strong><\/td>\n<td width=\"7\"><\/td>\n<td width=\"3\"><\/td>\n<td rowspan=\"2\" width=\"519\"><strong>KNJI\u017dNICA KOZINA<\/strong><\/td>\n<td width=\"5\"><\/td>\n<td width=\"4\"><\/td>\n<td colspan=\"2\" width=\"251\"><strong>Knji\u017enica Kozina<\/strong><\/td>\n<td width=\"0\"><\/td>\n<\/tr>\n<tr>\n<td width=\"4\"><\/td>\n<td width=\"7\"><\/td>\n<td width=\"3\"><\/td>\n<td width=\"5\"><\/td>\n<td width=\"4\"><\/td>\n<td colspan=\"2\" rowspan=\"2\" width=\"251\">T: 05\/6803027<\/td>\n<td width=\"0\"><\/td>\n<\/tr>\n<tr>\n<td width=\"4\"><\/td>\n<td rowspan=\"2\" width=\"181\">21.10.2015, ob 17.00<\/td>\n<td width=\"7\"><\/td>\n<td width=\"3\"><\/td>\n<td rowspan=\"2\" width=\"519\">Prva pravlji\u010dno-ustvarjalna urica. Pripoveduje Alenka Luka\u010d Segulin.<\/td>\n<td width=\"5\"><\/td>\n<td width=\"4\"><\/td>\n<td width=\"0\"><\/td>\n<\/tr>\n<tr>\n<td width=\"4\"><\/td>\n<td width=\"7\"><\/td>\n<td width=\"3\"><\/td>\n<td width=\"5\"><\/td>\n<td width=\"4\"><\/td>\n<td colspan=\"2\" rowspan=\"2\" width=\"251\"><a href=\"mailto:knjiznica.hrpeljekozina@siol.net\">knjiznica.hrpeljekozina@siol.net<\/a><\/td>\n<td width=\"0\"><\/td>\n<\/tr>\n<tr>\n<td width=\"4\"><\/td>\n<td width=\"181\"><\/td>\n<td width=\"7\"><\/td>\n<td width=\"3\"><\/td>\n<td width=\"519\"><\/td>\n<td width=\"5\"><\/td>\n<td width=\"4\"><\/td>\n<td width=\"0\"><\/td>\n<\/tr>\n<\/tbody>\n<\/table>\n<p>&nbsp;<\/p>\n<p>&nbsp;<\/p>\n<p>&nbsp;<\/p>\n<p>&nbsp;<\/p>\n<p>&nbsp;<\/p>\n<p><strong>DELAVNICE<\/strong><\/p>\n<p>&nbsp;<\/p>\n<table>\n<tbody>\n<tr>\n<td width=\"7\"><\/td>\n<td width=\"184\"><\/td>\n<td width=\"8\"><\/td>\n<td width=\"7\"><\/td>\n<td width=\"423\"><\/td>\n<td width=\"101\"><\/td>\n<td width=\"8\"><\/td>\n<td width=\"7\"><\/td>\n<td width=\"221\"><\/td>\n<td width=\"8\"><\/td>\n<td width=\"0\"><\/td>\n<\/tr>\n<tr>\n<td width=\"7\"><\/td>\n<td width=\"184\"><strong>KDAJ \/ KJE<\/strong><\/td>\n<td width=\"8\"><\/td>\n<td width=\"7\"><\/td>\n<td colspan=\"2\" width=\"524\"><strong>KAJ<\/strong><\/td>\n<td width=\"8\"><\/td>\n<td width=\"7\"><\/td>\n<td width=\"221\"><strong>INFO<\/strong><\/td>\n<td width=\"8\"><\/td>\n<td width=\"0\"><\/td>\n<\/tr>\n<tr>\n<td width=\"7\"><\/td>\n<td width=\"184\"><strong>Knji\u017enica Komen<\/strong><\/td>\n<td width=\"8\"><\/td>\n<td width=\"7\"><\/td>\n<td colspan=\"2\" rowspan=\"2\" width=\"524\"><strong>Pravlji\u010dna kuharska delavnica za otroke z Emilijo Pavli\u010d.<\/strong><\/td>\n<td width=\"8\"><\/td>\n<td width=\"7\"><\/td>\n<td width=\"221\"><strong>Knji\u017enica Komen<\/strong><\/td>\n<td width=\"8\"><\/td>\n<td width=\"0\"><\/td>\n<\/tr>\n<tr>\n<td width=\"7\"><\/td>\n<td rowspan=\"2\" width=\"184\">6.10.2015, ob 17.00<\/td>\n<td width=\"8\"><\/td>\n<td width=\"7\"><\/td>\n<td width=\"8\"><\/td>\n<td width=\"7\"><\/td>\n<td rowspan=\"2\" width=\"221\">T: 05\/7668580<\/td>\n<td width=\"8\"><\/td>\n<td width=\"0\"><\/td>\n<\/tr>\n<tr>\n<td width=\"7\"><\/td>\n<td width=\"8\"><\/td>\n<td width=\"7\"><\/td>\n<td width=\"423\"><\/td>\n<td width=\"101\"><\/td>\n<td width=\"8\"><\/td>\n<td width=\"7\"><\/td>\n<td width=\"8\"><\/td>\n<td width=\"0\"><\/td>\n<\/tr>\n<tr>\n<td width=\"7\"><\/td>\n<td width=\"184\"><\/td>\n<td width=\"8\"><\/td>\n<td width=\"7\"><\/td>\n<td width=\"423\"><\/td>\n<td width=\"101\"><\/td>\n<td width=\"8\"><\/td>\n<td width=\"7\"><\/td>\n<td width=\"221\"><a href=\"mailto:knjiznica.komen@siol.net\">knjiznica.komen@siol.net<\/a><\/td>\n<td width=\"8\"><\/td>\n<td width=\"0\"><\/td>\n<\/tr>\n<tr>\n<td width=\"7\"><\/td>\n<td width=\"184\"><\/td>\n<td width=\"8\"><\/td>\n<td width=\"7\"><\/td>\n<td width=\"423\"><\/td>\n<td width=\"101\"><\/td>\n<td width=\"8\"><\/td>\n<td width=\"7\"><\/td>\n<td width=\"221\"><strong>Univerza za tretje \u017eivljenjsko obdobje<\/strong><\/td>\n<td width=\"8\"><\/td>\n<td width=\"0\"><\/td>\n<\/tr>\n<tr>\n<td width=\"7\"><\/td>\n<td width=\"184\"><strong>Zaledje Gorjanskega<\/strong><\/td>\n<td width=\"8\"><\/td>\n<td width=\"7\"><\/td>\n<td colspan=\"2\" width=\"524\"><strong>Delavnica suhozidne gradnje<\/strong><\/td>\n<td width=\"8\"><\/td>\n<td width=\"7\"><\/td>\n<td width=\"221\"><strong>Kras<\/strong><\/td>\n<td width=\"8\"><\/td>\n<td width=\"0\"><\/td>\n<\/tr>\n<tr>\n<td colspan=\"2\" width=\"191\">10.10.2015<\/td>\n<td width=\"8\"><\/td>\n<td width=\"7\"><\/td>\n<td colspan=\"2\" width=\"524\">Vabljeni na delavnico suhozidne gradnje v zaledje Gorjanskega, 10. oktobra 2015<strong>.<\/strong><\/td>\n<td width=\"8\"><\/td>\n<td width=\"7\"><\/td>\n<td width=\"221\">T: 031351830<\/td>\n<td width=\"8\"><\/td>\n<td width=\"0\"><\/td>\n<\/tr>\n<tr>\n<td width=\"7\"><\/td>\n<td width=\"184\"><\/td>\n<td width=\"8\"><\/td>\n<td width=\"7\"><\/td>\n<td width=\"423\"><\/td>\n<td width=\"101\"><\/td>\n<td width=\"8\"><\/td>\n<td width=\"7\"><\/td>\n<td width=\"221\">nadja.mislej-bozic@guest.arnes.si<\/td>\n<td width=\"8\"><\/td>\n<td width=\"0\"><\/td>\n<\/tr>\n<tr>\n<td width=\"7\"><\/td>\n<td rowspan=\"2\" width=\"184\"><strong>Kosovelova knji\u017enica Se\u017eana<\/strong><\/td>\n<td width=\"8\"><\/td>\n<td width=\"7\"><\/td>\n<td colspan=\"2\" width=\"524\"><strong>Pevska delavnica Zapojte z nami<\/strong>.<\/td>\n<td width=\"8\"><\/td>\n<td width=\"7\"><\/td>\n<td width=\"221\"><strong>Kosovelova knji\u017enica Se\u017eana<\/strong><\/td>\n<td width=\"8\"><\/td>\n<td width=\"0\"><\/td>\n<\/tr>\n<tr>\n<td width=\"7\"><\/td>\n<td width=\"8\"><\/td>\n<td width=\"7\"><\/td>\n<td colspan=\"2\" rowspan=\"2\" width=\"524\">Delavnico, na katero vabimo vse, ki si \u017eelijo peti, pa nimajo \u010dasa,<\/td>\n<td width=\"8\"><\/td>\n<td width=\"7\"><\/td>\n<td rowspan=\"2\" width=\"221\">T: 05\/7310030<\/td>\n<td width=\"8\"><\/td>\n<td width=\"0\"><\/td>\n<\/tr>\n<tr>\n<td width=\"7\"><\/td>\n<td rowspan=\"2\" width=\"184\">16.10.2015, ob 18.00<\/td>\n<td width=\"8\"><\/td>\n<td width=\"7\"><\/td>\n<td width=\"8\"><\/td>\n<td width=\"7\"><\/td>\n<td width=\"8\"><\/td>\n<td width=\"0\"><\/td>\n<\/tr>\n<tr>\n<td width=\"7\"><\/td>\n<td width=\"8\"><\/td>\n<td width=\"7\"><\/td>\n<td rowspan=\"2\" width=\"423\">da bi se pridru\u017eili kak\u0161ni pevski skupini, vodi <strong>mentorica Katarina<\/strong><\/td>\n<td rowspan=\"2\" width=\"101\"><strong>\u0160etinc<\/strong>.<\/td>\n<td width=\"8\"><\/td>\n<td width=\"7\"><\/td>\n<td rowspan=\"2\" width=\"221\">kosovelova.knjiznica@guest.arnes.si<\/td>\n<td width=\"8\"><\/td>\n<td width=\"0\"><\/td>\n<\/tr>\n<tr>\n<td width=\"7\"><\/td>\n<td width=\"184\"><\/td>\n<td width=\"8\"><\/td>\n<td width=\"7\"><\/td>\n<td width=\"8\"><\/td>\n<td width=\"7\"><\/td>\n<td width=\"8\"><\/td>\n<td width=\"0\"><\/td>\n<\/tr>\n<\/tbody>\n<\/table>\n<p>&nbsp;<\/p>\n<table>\n<tbody>\n<tr>\n<td rowspan=\"3\" width=\"199\"><strong>Kosovelova knji\u017enica Se\u017eana<\/strong><\/td>\n<td colspan=\"2\" rowspan=\"3\" width=\"476\">Razstava z delavnico haikujev: <strong>Haiku, foto in \u0161e kaj.<\/strong> Predstavila se bo ustvarjalka<\/td>\n<td width=\"3\"><\/td>\n<td rowspan=\"3\" width=\"60\">Nives<\/td>\n<td rowspan=\"2\" width=\"237\"><strong>Kosovelova knji\u017enica Se\u017eana<\/strong><\/td>\n<td width=\"0\"><\/td>\n<\/tr>\n<tr>\n<td width=\"3\"><\/td>\n<td width=\"0\"><\/td>\n<\/tr>\n<tr>\n<td width=\"3\"><\/td>\n<td rowspan=\"2\" width=\"237\">T: 05\/7310030<\/td>\n<td width=\"0\"><\/td>\n<\/tr>\n<tr>\n<td rowspan=\"2\" width=\"199\">20.10.2015, ob 18.00<\/td>\n<td colspan=\"4\" rowspan=\"2\" width=\"539\">Mahne \u010cehovin. Ve\u010der bo z glasbo na hangu popestril Boris Magdalenc<\/td>\n<td width=\"0\"><\/td>\n<\/tr>\n<tr>\n<td rowspan=\"2\" width=\"237\">kosovelova.knjiznica@guest.arnes.si<\/td>\n<td width=\"0\"><\/td>\n<\/tr>\n<tr>\n<td width=\"199\"><\/td>\n<td width=\"89\"><\/td>\n<td width=\"387\"><\/td>\n<td width=\"3\"><\/td>\n<td width=\"60\"><\/td>\n<td width=\"0\"><\/td>\n<\/tr>\n<tr>\n<td width=\"199\"><\/td>\n<td colspan=\"4\" width=\"539\"><strong>Katja \u010ceh, Slikanje energijske slike, prva medgeneracijska ustvarjalnica 2015\u22122016<\/strong>.<\/td>\n<td width=\"237\"><\/td>\n<td width=\"0\"><\/td>\n<\/tr>\n<tr>\n<td width=\"199\"><\/td>\n<td width=\"89\"><\/td>\n<td colspan=\"3\" width=\"449\">Obvezna prijava vsaj teden prej, za\u017eelen prostovoljni prispevek.<\/td>\n<td width=\"237\"><\/td>\n<td width=\"0\"><\/td>\n<\/tr>\n<tr>\n<td rowspan=\"2\" width=\"199\"><strong>Knji\u017enica Kozina<\/strong><\/td>\n<td colspan=\"4\" width=\"539\">Na ustvarjalni delavnici bomo z mentorico ustvarjali slike s poglabljanjem vase, prebujanjem<\/td>\n<td width=\"237\"><strong>Knji\u017enica Kozina<\/strong><\/td>\n<td width=\"0\"><\/td>\n<\/tr>\n<tr>\n<td colspan=\"4\" rowspan=\"2\" width=\"539\">intuicije in zaznavanjem ob\u010dutkov, prepletenih s slikarskim znanjem, kot je govorica barv.<\/td>\n<td rowspan=\"2\" width=\"237\">T: 05\/6803027<\/td>\n<td width=\"0\"><\/td>\n<\/tr>\n<tr>\n<td rowspan=\"2\" width=\"199\">24.10.2015, ob 9.30<\/td>\n<td width=\"0\"><\/td>\n<\/tr>\n<tr>\n<td colspan=\"4\" rowspan=\"2\" width=\"539\"><strong>Udele\u017eenci naj prinesejo s seboj slikarsko podlago (20 x 20 platno ali kakr\u0161no koli drugo<\/strong><\/td>\n<td rowspan=\"2\" width=\"237\"><a href=\"mailto:knjiznica.hrpeljekozina@siol.net\">knjiznica.hrpeljekozina@siol.net<\/a><\/td>\n<td width=\"0\"><\/td>\n<\/tr>\n<tr>\n<td width=\"199\"><\/td>\n<td width=\"0\"><\/td>\n<\/tr>\n<tr>\n<td width=\"199\"><\/td>\n<td width=\"89\"><strong>podlago),<\/strong><\/td>\n<td colspan=\"3\" width=\"449\"><strong>akrilne barve\/tempere\/akvarele, lon\u010dek, \u0161estilo, svin\u010dnik; konture prinese<\/strong><\/td>\n<td width=\"237\"><\/td>\n<td width=\"0\"><\/td>\n<\/tr>\n<tr>\n<td width=\"199\"><\/td>\n<td width=\"89\"><\/td>\n<td colspan=\"3\" width=\"449\"><strong>mentorica.)<\/strong><\/td>\n<td width=\"237\"><\/td>\n<td width=\"0\"><\/td>\n<\/tr>\n<tr>\n<td width=\"120\"><\/td>\n<td width=\"84\"><\/td>\n<td width=\"232\"><\/td>\n<td width=\"3\"><\/td>\n<td width=\"51\"><\/td>\n<td width=\"217\"><\/td>\n<td width=\"1\"><\/td>\n<\/tr>\n<\/tbody>\n<\/table>\n<p>&nbsp;<\/p>\n<p>&nbsp;<\/p>\n<p><strong>RAZSTAVE<\/strong><\/p>\n<p>&nbsp;<\/p>\n<table>\n<tbody>\n<tr>\n<td width=\"4\"><\/td>\n<td rowspan=\"2\" width=\"199\"><strong>KDAJ \/ KJE<\/strong><\/td>\n<td width=\"7\"><\/td>\n<td width=\"3\"><\/td>\n<td rowspan=\"2\" width=\"548\"><strong>KAJ<\/strong><\/td>\n<td width=\"7\"><\/td>\n<td width=\"3\"><\/td>\n<td rowspan=\"2\" width=\"199\"><strong>INFO<\/strong><\/td>\n<td width=\"5\"><\/td>\n<td width=\"0\"><\/td>\n<\/tr>\n<tr>\n<td width=\"4\"><\/td>\n<td width=\"7\"><\/td>\n<td width=\"3\"><\/td>\n<td width=\"7\"><\/td>\n<td width=\"3\"><\/td>\n<td width=\"5\"><\/td>\n<td width=\"0\"><\/td>\n<\/tr>\n<tr>\n<td width=\"4\"><\/td>\n<td rowspan=\"2\" width=\"199\"><strong>Mladinski hotel Pliskovica<\/strong><\/td>\n<td width=\"7\"><\/td>\n<td width=\"3\"><\/td>\n<td width=\"548\"><strong>Razstava gob in poku\u0161ina gobjih jedi<\/strong><\/td>\n<td width=\"7\"><\/td>\n<td width=\"3\"><\/td>\n<td rowspan=\"2\" width=\"199\"><strong>Mladinski hotel Pliskovica<\/strong><\/td>\n<td width=\"5\"><\/td>\n<td width=\"0\"><\/td>\n<\/tr>\n<tr>\n<td width=\"4\"><\/td>\n<td width=\"7\"><\/td>\n<td width=\"3\"><\/td>\n<td rowspan=\"2\" width=\"548\">Mladinski hotel Pliskovica v sodelovanju z Gobarskim dru\u0161tvom Se\u017eana letno organizira razstavo<\/td>\n<td width=\"7\"><\/td>\n<td width=\"3\"><\/td>\n<td width=\"5\"><\/td>\n<td width=\"0\"><\/td>\n<\/tr>\n<tr>\n<td width=\"4\"><\/td>\n<td rowspan=\"2\" width=\"199\">4. oktober 2015<\/td>\n<td width=\"7\"><\/td>\n<td width=\"3\"><\/td>\n<td width=\"7\"><\/td>\n<td width=\"3\"><\/td>\n<td rowspan=\"2\" width=\"199\">T: 05\/7640250<\/td>\n<td width=\"5\"><\/td>\n<td width=\"0\"><\/td>\n<\/tr>\n<tr>\n<td width=\"4\"><\/td>\n<td width=\"7\"><\/td>\n<td width=\"3\"><\/td>\n<td rowspan=\"2\" width=\"548\">sve\u017eih gob in poku\u0161ino razli\u010dnih gobjih jedi.<\/td>\n<td width=\"7\"><\/td>\n<td width=\"3\"><\/td>\n<td width=\"5\"><\/td>\n<td width=\"0\"><\/td>\n<\/tr>\n<tr>\n<td width=\"4\"><\/td>\n<td width=\"199\"><\/td>\n<td width=\"7\"><\/td>\n<td width=\"3\"><\/td>\n<td width=\"7\"><\/td>\n<td width=\"3\"><\/td>\n<td width=\"199\"><\/td>\n<td width=\"5\"><\/td>\n<td width=\"0\"><\/td>\n<\/tr>\n<tr>\n<td width=\"4\"><\/td>\n<td width=\"199\"><strong>Kosovelova knji\u017enica Se\u017eana<\/strong><\/td>\n<td width=\"7\"><\/td>\n<td width=\"3\"><\/td>\n<td rowspan=\"2\" width=\"548\">Razstava z literarnim ve\u010derom skupine <strong>Svobodne du\u0161e \u2013<\/strong> <strong>SVZ Dutovlje: Pot<\/strong>.<\/td>\n<td width=\"7\"><\/td>\n<td width=\"3\"><\/td>\n<td width=\"199\"><strong>Kosovelova knji\u017enica Se\u017eana<\/strong><\/td>\n<td width=\"5\"><\/td>\n<td width=\"0\"><\/td>\n<\/tr>\n<tr>\n<td width=\"4\"><\/td>\n<td rowspan=\"2\" width=\"199\">6. oktober \u2013 30. oktober 2015<\/td>\n<td width=\"7\"><\/td>\n<td width=\"3\"><\/td>\n<td width=\"7\"><\/td>\n<td width=\"3\"><\/td>\n<td rowspan=\"2\" width=\"199\">T: 05\/7310030<\/td>\n<td width=\"5\"><\/td>\n<td width=\"0\"><\/td>\n<\/tr>\n<tr>\n<td width=\"4\"><\/td>\n<td width=\"7\"><\/td>\n<td width=\"3\"><\/td>\n<td width=\"548\"><\/td>\n<td width=\"7\"><\/td>\n<td width=\"3\"><\/td>\n<td width=\"5\"><\/td>\n<td width=\"0\"><\/td>\n<\/tr>\n<tr>\n<td width=\"4\"><\/td>\n<td width=\"199\"><strong>Knji\u017enica Kozina<\/strong><\/td>\n<td width=\"7\"><\/td>\n<td width=\"3\"><\/td>\n<td rowspan=\"2\" width=\"548\">Otvoritev slikarske razstave akademskega slikarja <strong>Radka Oketi\u010da: Ilustracije in karikature<\/strong>.<\/td>\n<td width=\"7\"><\/td>\n<td width=\"3\"><\/td>\n<td width=\"199\"><strong>Knji\u017enica Kozina<\/strong><\/td>\n<td width=\"5\"><\/td>\n<td width=\"0\"><\/td>\n<\/tr>\n<tr>\n<td width=\"4\"><\/td>\n<td rowspan=\"2\" width=\"199\">6. oktober &#8211; 30. oktober 2015<\/td>\n<td width=\"7\"><\/td>\n<td width=\"3\"><\/td>\n<td width=\"7\"><\/td>\n<td width=\"3\"><\/td>\n<td rowspan=\"2\" width=\"199\"><strong>T: <\/strong>05\/ 6803027<\/td>\n<td width=\"5\"><\/td>\n<td width=\"0\"><\/td>\n<\/tr>\n<tr>\n<td width=\"4\"><\/td>\n<td width=\"7\"><\/td>\n<td width=\"3\"><\/td>\n<td width=\"548\"><\/td>\n<td width=\"7\"><\/td>\n<td width=\"3\"><\/td>\n<td width=\"5\"><\/td>\n<td width=\"0\"><\/td>\n<\/tr>\n<tr>\n<td width=\"4\"><\/td>\n<td rowspan=\"2\" width=\"199\"><strong>Bun\u010detova doma\u010dija Dutovlje<\/strong><\/td>\n<td width=\"7\"><\/td>\n<td width=\"3\"><\/td>\n<td width=\"548\">Razstava Plesna do\u017eivetja, avtor \u010dastni \u010dlan Foto kluba \u017darek Se\u017eana, Du\u0161an Gorast Mi\u0161ka.<\/td>\n<td width=\"7\"><\/td>\n<td width=\"3\"><\/td>\n<td width=\"199\"><strong>Bun\u010detova doma\u010dija Dutovlje<\/strong><\/td>\n<td width=\"5\"><\/td>\n<td width=\"0\"><\/td>\n<\/tr>\n<tr>\n<td width=\"4\"><\/td>\n<td width=\"7\"><\/td>\n<td width=\"3\"><\/td>\n<td width=\"548\"><\/td>\n<td width=\"7\"><\/td>\n<td width=\"3\"><\/td>\n<td rowspan=\"2\" width=\"199\">T: 041\/475805<\/td>\n<td width=\"5\"><\/td>\n<td width=\"0\"><\/td>\n<\/tr>\n<tr>\n<td width=\"4\"><\/td>\n<td width=\"199\"><\/td>\n<td width=\"7\"><\/td>\n<td width=\"3\"><\/td>\n<td width=\"548\"><\/td>\n<td width=\"7\"><\/td>\n<td width=\"3\"><\/td>\n<td width=\"5\"><\/td>\n<td width=\"0\"><\/td>\n<\/tr>\n<tr>\n<td width=\"4\"><\/td>\n<td width=\"199\"><strong>\u0160tanjel \u2013 Vite\u0161ka dvorana<\/strong><\/td>\n<td width=\"7\"><\/td>\n<td width=\"3\"><\/td>\n<td rowspan=\"2\" width=\"548\">Razstava del, prispelih na razpis za <strong>Nagrado Maks Fabiani.<\/strong><\/td>\n<td width=\"7\"><\/td>\n<td width=\"3\"><\/td>\n<td width=\"199\"><strong>Dru\u0161tvo urbanistov in prostorskih<\/strong><\/td>\n<td width=\"5\"><\/td>\n<td width=\"0\"><\/td>\n<\/tr>\n<tr>\n<td width=\"4\"><\/td>\n<td rowspan=\"2\" width=\"199\">24. oktober \u2013 31. november<\/td>\n<td width=\"7\"><\/td>\n<td width=\"3\"><\/td>\n<td width=\"7\"><\/td>\n<td width=\"3\"><\/td>\n<td rowspan=\"2\" width=\"199\"><strong>planerjev Slovenije<\/strong><\/td>\n<td width=\"5\"><\/td>\n<td width=\"0\"><\/td>\n<\/tr>\n<tr>\n<td width=\"4\"><\/td>\n<td width=\"7\"><\/td>\n<td width=\"3\"><\/td>\n<td width=\"548\"><\/td>\n<td width=\"7\"><\/td>\n<td width=\"3\"><\/td>\n<td width=\"5\"><\/td>\n<td width=\"0\"><\/td>\n<\/tr>\n<tr>\n<td width=\"4\"><\/td>\n<td width=\"199\"><strong>\u0160tanjel &#8211; Grad<\/strong><\/td>\n<td width=\"7\"><\/td>\n<td width=\"3\"><\/td>\n<td rowspan=\"2\" width=\"548\">Stalna razstava <strong><u>PODOBE KRASA<\/u>.<\/strong><\/td>\n<td width=\"7\"><\/td>\n<td width=\"3\"><\/td>\n<td width=\"199\"><strong>Grad \u0160tanjel<\/strong><\/td>\n<td width=\"5\"><\/td>\n<td width=\"0\"><\/td>\n<\/tr>\n<tr>\n<td width=\"4\"><\/td>\n<td rowspan=\"2\" width=\"199\"><strong>Galerija Lojzeta Spacala<\/strong><\/td>\n<td width=\"7\"><\/td>\n<td width=\"3\"><\/td>\n<td width=\"7\"><\/td>\n<td width=\"3\"><\/td>\n<td rowspan=\"2\" width=\"199\"><strong>galerija in turizem<\/strong><\/td>\n<td width=\"5\"><\/td>\n<td width=\"0\"><\/td>\n<\/tr>\n<tr>\n<td width=\"4\"><\/td>\n<td width=\"7\"><\/td>\n<td width=\"3\"><\/td>\n<td rowspan=\"2\" width=\"548\">Stalna razstava <strong>slik in grafik Lojzeta Spacala.<\/strong><\/td>\n<td width=\"7\"><\/td>\n<td width=\"3\"><\/td>\n<td width=\"5\"><\/td>\n<td width=\"0\"><\/td>\n<\/tr>\n<tr>\n<td width=\"4\"><\/td>\n<td width=\"199\"><\/td>\n<td width=\"7\"><\/td>\n<td width=\"3\"><\/td>\n<td width=\"7\"><\/td>\n<td width=\"3\"><\/td>\n<td rowspan=\"2\" width=\"199\">T:05\/7690197<\/td>\n<td width=\"5\"><\/td>\n<td width=\"0\"><\/td>\n<\/tr>\n<tr>\n<td width=\"4\"><\/td>\n<td width=\"199\"><\/td>\n<td width=\"7\"><\/td>\n<td width=\"3\"><\/td>\n<td width=\"548\"><\/td>\n<td width=\"7\"><\/td>\n<td width=\"3\"><\/td>\n<td width=\"5\"><\/td>\n<td width=\"0\"><\/td>\n<\/tr>\n<tr>\n<td width=\"4\"><\/td>\n<td rowspan=\"2\" width=\"199\"><strong>Kosovelova knji\u017enica Se\u017eana in<\/strong><\/td>\n<td width=\"7\"><\/td>\n<td width=\"3\"><\/td>\n<td width=\"548\"><\/td>\n<td width=\"7\"><\/td>\n<td width=\"3\"><\/td>\n<td width=\"199\"><strong>Kosovelova knji\u017enica Se\u017eana<\/strong><\/td>\n<td width=\"5\"><\/td>\n<td width=\"0\"><\/td>\n<\/tr>\n<tr>\n<td width=\"4\"><\/td>\n<td width=\"7\"><\/td>\n<td width=\"3\"><\/td>\n<td width=\"548\"><\/td>\n<td width=\"7\"><\/td>\n<td width=\"3\"><\/td>\n<td rowspan=\"2\" width=\"199\">T: 05\/7310030<\/td>\n<td width=\"5\"><\/td>\n<td width=\"0\"><\/td>\n<\/tr>\n<tr>\n<td width=\"4\"><\/td>\n<td rowspan=\"2\" width=\"199\"><strong>Kosovelov dom Se\u017eana<\/strong><\/td>\n<td width=\"7\"><\/td>\n<td width=\"3\"><\/td>\n<td rowspan=\"2\" width=\"548\"><strong>Razstavi ob 70-letnici izhajanja revije Ciciban.<\/strong><\/td>\n<td width=\"7\"><\/td>\n<td width=\"3\"><\/td>\n<td width=\"5\"><\/td>\n<td width=\"0\"><\/td>\n<\/tr>\n<tr>\n<td width=\"4\"><\/td>\n<td width=\"7\"><\/td>\n<td width=\"3\"><\/td>\n<td width=\"7\"><\/td>\n<td width=\"3\"><\/td>\n<td rowspan=\"2\" width=\"199\"><strong>Kosovelov dom Se\u017eana<\/strong><\/td>\n<td width=\"5\"><\/td>\n<td width=\"0\"><\/td>\n<\/tr>\n<tr>\n<td width=\"4\"><\/td>\n<td rowspan=\"2\" width=\"199\">Na ogled do konca oktobra 2015<\/td>\n<td width=\"7\"><\/td>\n<td width=\"3\"><\/td>\n<td width=\"548\"><\/td>\n<td width=\"7\"><\/td>\n<td width=\"3\"><\/td>\n<td width=\"5\"><\/td>\n<td width=\"0\"><\/td>\n<\/tr>\n<tr>\n<td width=\"4\"><\/td>\n<td width=\"7\"><\/td>\n<td width=\"3\"><\/td>\n<td width=\"548\"><\/td>\n<td width=\"7\"><\/td>\n<td width=\"3\"><\/td>\n<td rowspan=\"2\" width=\"199\">T: 05\/7312010<\/td>\n<td width=\"5\"><\/td>\n<td width=\"0\"><\/td>\n<\/tr>\n<tr>\n<td width=\"4\"><\/td>\n<td width=\"199\"><\/td>\n<td width=\"7\"><\/td>\n<td width=\"3\"><\/td>\n<td width=\"548\"><\/td>\n<td width=\"7\"><\/td>\n<td width=\"3\"><\/td>\n<td width=\"5\"><\/td>\n<td width=\"0\"><\/td>\n<\/tr>\n<\/tbody>\n<\/table>\n<p>&nbsp;<\/p>\n<p>&nbsp;<\/p>\n<p><strong>OSMICE<\/strong><\/p>\n<table>\n<tbody>\n<tr>\n<td width=\"4\"><\/td>\n<td rowspan=\"2\" width=\"213\"><strong>KJE<\/strong><\/td>\n<td width=\"5\"><\/td>\n<td width=\"4\"><\/td>\n<td rowspan=\"2\" width=\"557\"><strong>INFO<\/strong><\/td>\n<td width=\"5\"><\/td>\n<td width=\"4\"><\/td>\n<td rowspan=\"2\" width=\"189\"><strong>KDAJ<\/strong><\/td>\n<td width=\"5\"><\/td>\n<td width=\"0\"><\/td>\n<\/tr>\n<tr>\n<td width=\"4\"><\/td>\n<td width=\"5\"><\/td>\n<td width=\"4\"><\/td>\n<td width=\"5\"><\/td>\n<td width=\"4\"><\/td>\n<td width=\"5\"><\/td>\n<td width=\"0\"><\/td>\n<\/tr>\n<tr>\n<td width=\"4\"><\/td>\n<td width=\"213\"><\/td>\n<td width=\"5\"><\/td>\n<td width=\"4\"><\/td>\n<td width=\"557\"><strong>Milan Kosmina<\/strong><\/td>\n<td width=\"5\"><\/td>\n<td width=\"4\"><\/td>\n<td width=\"189\"><\/td>\n<td width=\"5\"><\/td>\n<td width=\"0\"><\/td>\n<\/tr>\n<tr>\n<td width=\"4\"><\/td>\n<td width=\"213\"><strong>BRJE PRI KOMNU<\/strong><\/td>\n<td width=\"5\"><\/td>\n<td width=\"4\"><\/td>\n<td width=\"557\">Brje pri Komnu 15a<\/td>\n<td width=\"5\"><\/td>\n<td width=\"4\"><\/td>\n<td width=\"189\"><strong>9.10 \u2013 18.10.2014<\/strong><\/td>\n<td width=\"5\"><\/td>\n<td width=\"0\"><\/td>\n<\/tr>\n<tr>\n<td width=\"4\"><\/td>\n<td width=\"213\"><\/td>\n<td width=\"5\"><\/td>\n<td width=\"4\"><\/td>\n<td width=\"557\">Tel.: 05 766 03 90<\/td>\n<td width=\"5\"><\/td>\n<td width=\"4\"><\/td>\n<td width=\"189\"><\/td>\n<td width=\"5\"><\/td>\n<td width=\"0\"><\/td>\n<\/tr>\n<tr>\n<td width=\"4\"><\/td>\n<td width=\"213\"><\/td>\n<td width=\"5\"><\/td>\n<td width=\"4\"><\/td>\n<td width=\"557\"><\/td>\n<td width=\"5\"><\/td>\n<td width=\"4\"><\/td>\n<td width=\"189\"><\/td>\n<td width=\"5\"><\/td>\n<td width=\"0\"><\/td>\n<\/tr>\n<\/tbody>\n<\/table>\n<p>&nbsp;<\/p>\n<p>&nbsp;<\/p>\n<p>&nbsp;<\/p>\n<p>&nbsp;<\/p>\n<p>&nbsp;<\/p>\n<table>\n<tbody>\n<tr>\n<td width=\"4\"><\/td>\n<td width=\"199\"><\/td>\n<td width=\"5\"><\/td>\n<td width=\"4\"><\/td>\n<td rowspan=\"2\" width=\"587\"><strong>OBVESTILA<\/strong><\/td>\n<td width=\"5\"><\/td>\n<td width=\"4\"><\/td>\n<td width=\"185\"><\/td>\n<td width=\"0\"><\/td>\n<\/tr>\n<tr>\n<td width=\"4\"><\/td>\n<td width=\"199\"><\/td>\n<td width=\"5\"><\/td>\n<td width=\"4\"><\/td>\n<td width=\"5\"><\/td>\n<td width=\"4\"><\/td>\n<td width=\"185\"><\/td>\n<td width=\"0\"><\/td>\n<\/tr>\n<tr>\n<td width=\"4\"><\/td>\n<td rowspan=\"2\" width=\"199\"><strong>DATUM\/URA<\/strong><\/td>\n<td width=\"5\"><\/td>\n<td width=\"4\"><\/td>\n<td width=\"587\"><\/td>\n<td width=\"5\"><\/td>\n<td rowspan=\"2\" width=\"4\"><\/td>\n<td rowspan=\"2\" width=\"185\"><strong>INFO<\/strong><\/td>\n<td width=\"0\"><\/td>\n<\/tr>\n<tr>\n<td width=\"4\"><\/td>\n<td width=\"5\"><\/td>\n<td width=\"4\"><\/td>\n<td width=\"587\"><\/td>\n<td width=\"5\"><\/td>\n<td width=\"0\"><\/td>\n<\/tr>\n<tr>\n<td width=\"4\"><\/td>\n<td rowspan=\"2\" width=\"199\">Oktober &#8211; november<\/td>\n<td width=\"5\"><\/td>\n<td width=\"4\"><\/td>\n<td width=\"587\"><strong>MESEC KRA\u0160KE KUHINJE<\/strong><\/td>\n<td width=\"5\"><\/td>\n<td width=\"4\"><\/td>\n<td rowspan=\"2\" width=\"185\"><strong>Dru\u0161tvo za razvoj kmetijstva in<\/strong><\/td>\n<td width=\"0\"><\/td>\n<\/tr>\n<tr>\n<td width=\"4\"><\/td>\n<td width=\"5\"><\/td>\n<td width=\"4\"><\/td>\n<td rowspan=\"2\" width=\"587\">Mesec kra\u0161ke kuhinje s svojo dolgoletno tradicijo in bogati jesensko pisano ponudbo na Krasu, vabi<\/td>\n<td width=\"5\"><\/td>\n<td width=\"4\"><\/td>\n<td width=\"0\"><\/td>\n<\/tr>\n<tr>\n<td width=\"4\"><\/td>\n<td rowspan=\"2\" width=\"199\"><strong>Kras<\/strong><\/td>\n<td width=\"5\"><\/td>\n<td width=\"4\"><\/td>\n<td width=\"5\"><\/td>\n<td width=\"4\"><\/td>\n<td rowspan=\"2\" width=\"185\"><strong>turizma Planta<\/strong><\/td>\n<td width=\"0\"><\/td>\n<\/tr>\n<tr>\n<td width=\"4\"><\/td>\n<td width=\"5\"><\/td>\n<td width=\"4\"><\/td>\n<td rowspan=\"2\" width=\"587\">obiskovalce, da se poleg lepot narave nau\u017eijejo tudi kulinari\u010dnih dobrot, ki jih pripravijo izbrane<\/td>\n<td width=\"5\"><\/td>\n<td width=\"4\"><\/td>\n<td width=\"0\"><\/td>\n<\/tr>\n<tr>\n<td width=\"4\"><\/td>\n<td width=\"199\"><\/td>\n<td width=\"5\"><\/td>\n<td width=\"4\"><\/td>\n<td width=\"5\"><\/td>\n<td width=\"4\"><\/td>\n<td rowspan=\"2\" width=\"185\">T: 031\/303523<\/td>\n<td width=\"0\"><\/td>\n<\/tr>\n<tr>\n<td width=\"4\"><\/td>\n<td width=\"199\"><\/td>\n<td width=\"5\"><\/td>\n<td width=\"4\"><\/td>\n<td rowspan=\"2\" width=\"587\">gostilne.<\/td>\n<td width=\"5\"><\/td>\n<td width=\"4\"><\/td>\n<td width=\"0\"><\/td>\n<\/tr>\n<tr>\n<td width=\"4\"><\/td>\n<td width=\"199\"><\/td>\n<td width=\"5\"><\/td>\n<td width=\"4\"><\/td>\n<td width=\"5\"><\/td>\n<td width=\"4\"><\/td>\n<td width=\"185\"><\/td>\n<td width=\"0\"><\/td>\n<\/tr>\n<\/tbody>\n<\/table>\n<p>&nbsp;<\/p>\n","protected":false},"excerpt":{"rendered":"<p>DAN URA KAJ KJE INFO &nbsp; 1. oktober 11.00-17.00 -Dnevi evropske kulturne dedi\u0161\u010dine: Zbiranje pri\u010devanj&#8230;<\/p>\n","protected":false},"author":4,"featured_media":856,"comment_status":"open","ping_status":"closed","sticky":false,"template":"","format":"standard","meta":{"footnotes":""},"categories":[25,8],"tags":[],"class_list":["post-1941","post","type-post","status-publish","format-standard","has-post-thumbnail","hentry","category-kras-brkini","category-prirditve"],"featured_image_urls":{"full":["https:\/\/areafilm.si\/wordpress\/wp-content\/uploads\/2014\/12\/sezana-krozisce-konj2-scaled.jpg",1920,2560,false],"thumbnail":["https:\/\/areafilm.si\/wordpress\/wp-content\/uploads\/2014\/12\/sezana-krozisce-konj2-500x280.jpg",500,280,true],"medium":["https:\/\/areafilm.si\/wordpress\/wp-content\/uploads\/2014\/12\/sezana-krozisce-konj2-600x365.jpg",600,365,true],"medium_large":["https:\/\/areafilm.si\/wordpress\/wp-content\/uploads\/2014\/12\/sezana-krozisce-konj2-768x1024.jpg",640,853,true],"large":["https:\/\/areafilm.si\/wordpress\/wp-content\/uploads\/2014\/12\/sezana-krozisce-konj2-840x480.jpg",640,366,true],"1536x1536":["https:\/\/areafilm.si\/wordpress\/wp-content\/uploads\/2014\/12\/sezana-krozisce-konj2-scaled.jpg",1152,1536,false],"2048x2048":["https:\/\/areafilm.si\/wordpress\/wp-content\/uploads\/2014\/12\/sezana-krozisce-konj2-scaled.jpg",1536,2048,false],"covernews-featured":["https:\/\/areafilm.si\/wordpress\/wp-content\/uploads\/2014\/12\/sezana-krozisce-konj2-scaled.jpg",1024,1365,false],"covernews-medium":["https:\/\/areafilm.si\/wordpress\/wp-content\/uploads\/2014\/12\/sezana-krozisce-konj2-scaled.jpg",255,340,false],"woocommerce_thumbnail":["https:\/\/areafilm.si\/wordpress\/wp-content\/uploads\/2014\/12\/sezana-krozisce-konj2-scaled-300x300.jpg",300,300,true],"woocommerce_single":["https:\/\/areafilm.si\/wordpress\/wp-content\/uploads\/2014\/12\/sezana-krozisce-konj2-scaled-600x800.jpg",600,800,true],"woocommerce_gallery_thumbnail":["https:\/\/areafilm.si\/wordpress\/wp-content\/uploads\/2014\/12\/sezana-krozisce-konj2-scaled-100x100.jpg",100,100,true]},"author_info":{"info":["Uredni\u0161tvo Primorski Utrip"]},"category_info":"<a href=\"https:\/\/areafilm.si\/wordpress\/category\/kras-brkini\/\" rel=\"category tag\">Kras - Brkini<\/a> <a href=\"https:\/\/areafilm.si\/wordpress\/category\/prirditve\/\" rel=\"category tag\">Prireditve<\/a>","tag_info":"Prireditve","comment_count":"0","_links":{"self":[{"href":"https:\/\/areafilm.si\/wordpress\/wp-json\/wp\/v2\/posts\/1941","targetHints":{"allow":["GET"]}}],"collection":[{"href":"https:\/\/areafilm.si\/wordpress\/wp-json\/wp\/v2\/posts"}],"about":[{"href":"https:\/\/areafilm.si\/wordpress\/wp-json\/wp\/v2\/types\/post"}],"author":[{"embeddable":true,"href":"https:\/\/areafilm.si\/wordpress\/wp-json\/wp\/v2\/users\/4"}],"replies":[{"embeddable":true,"href":"https:\/\/areafilm.si\/wordpress\/wp-json\/wp\/v2\/comments?post=1941"}],"version-history":[{"count":3,"href":"https:\/\/areafilm.si\/wordpress\/wp-json\/wp\/v2\/posts\/1941\/revisions"}],"predecessor-version":[{"id":2056,"href":"https:\/\/areafilm.si\/wordpress\/wp-json\/wp\/v2\/posts\/1941\/revisions\/2056"}],"wp:featuredmedia":[{"embeddable":true,"href":"https:\/\/areafilm.si\/wordpress\/wp-json\/wp\/v2\/media\/856"}],"wp:attachment":[{"href":"https:\/\/areafilm.si\/wordpress\/wp-json\/wp\/v2\/media?parent=1941"}],"wp:term":[{"taxonomy":"category","embeddable":true,"href":"https:\/\/areafilm.si\/wordpress\/wp-json\/wp\/v2\/categories?post=1941"},{"taxonomy":"post_tag","embeddable":true,"href":"https:\/\/areafilm.si\/wordpress\/wp-json\/wp\/v2\/tags?post=1941"}],"curies":[{"name":"wp","href":"https:\/\/api.w.org\/{rel}","templated":true}]}}