{"id":2441,"date":"2015-10-21T22:30:09","date_gmt":"2015-10-21T20:30:09","guid":{"rendered":"http:\/\/slo5.net\/wordpress\/?p=2441"},"modified":"2015-10-21T22:30:09","modified_gmt":"2015-10-21T20:30:09","slug":"javno-pismo-drustev-iz-obcine-sezana-zupanu-in-obcinskim-svetnikom-obcine-sezana%e2%80%8f","status":"publish","type":"post","link":"https:\/\/areafilm.si\/wordpress\/javno-pismo-drustev-iz-obcine-sezana-zupanu-in-obcinskim-svetnikom-obcine-sezana%e2%80%8f\/","title":{"rendered":"Javno pismo dru\u0161tev iz Ob\u010dine Se\u017eana \u017eupanu in ob\u010dinskim svetnikom Ob\u010dine Se\u017eana\u200f"},"content":{"rendered":"<div>Nevladne organizacije iz Ob\u010dine Se\u017eana se v letu 2015 soo\u010dajo s hudimi te\u017eavami zaradi neizvr\u0161evanja prora\u010duna ob\u010dine. Stanje financiranja izvajanja programov dru\u0161tev in drugih nepridobitnih organizacij v Ob\u010dini Se\u017eana je NEVZDR\u017dNO, pri \u010demer pa je mo\u010dno problemati\u010dno tudi, da od ob\u010dine ne dobivajo niti primernih in a\u017eurnih informacij o razlogih za zamude pri izvr\u0161evanju prora\u010duna in posledicah za financiranje nepridobitnih organizacij v letu 2015.<\/p>\n<p>V Sredi\u0161\u010du Rotunda kot Sti\u010di\u0161\u010du nevladnih organizacij Obalno-kra\u0161ke regije smo v imenu se\u017eanskih dru\u0161tev na vodstvo Ob\u010dine Se\u017eana naslovili javno pismo, ki ga je do zdaj podpisalo 23 nevladnih organizacij, ki ga lahko preberete v naslednjih vrsticah:<\/p>\n<p>Spo\u0161tovani,<\/p>\n<p>kot smo \u017ee ve\u010dkrat opozorili in smo prepri\u010dani, da se tudi sami dobro zavedate, se dru\u0161tva in druge nepridobitne organizacije v Ob\u010dini Se\u017eana v letu 2015 soo\u010damo s hudimi te\u017eavami zaradi neizvr\u0161evanja prora\u010duna ob\u010dine. Stanje financiranja izvajanja programov dru\u0161tev in drugih nepridobitnih organizacij v ob\u010dini Se\u017eana je nevzdr\u017eno, pri \u010demer pa je mo\u010dno problemati\u010dno tudi, da od ob\u010dine ne dobivamo niti primernih in a\u017eurnih informacij o razlogih za zamude pri izvr\u0161evanju prora\u010duna in posledicah za financiranje nepridobitnih organizacij v letu 2015. S tem pismom zato dru\u0161tva v ob\u010dini Se\u017eana od vas javno zahtevamo uradna pojasnila in ukrepe glede (ne)izvajanja prora\u010dunske postavke za financiranje nepridobitnih organizacij in ustanov, in sicer:<\/p>\n<p>1. V svojem obvestilu dru\u0161tvom in zvezam glede izvedbe javnih razpisov v letu 2015 (z dne 25. 9. 2015) navajate, da ste zato, ker javni razpisi ob\u010dine letos \u0161e niso bili izvedeni, del sredstev prerazporedili na prora\u010dunsko postavko javnega razpisa za \u017eupanova sredstva. V sklepu pa niste navedli, iz katerih prora\u010dunskih postavk so bila sredstva vzeta in v kak\u0161ni vi\u0161ini. Je \u0161lo zgolj za znesek 3000 evrov in so bila torej prerazporejena sredstva v celoti porabljena v razpisu za Sredstva \u017eupana za enkratne finan\u010dne pomo\u010di, ali je \u0161lo za ve\u010djo prerazporeditev? Na kak\u0161en na\u010din imate v tem primeru namen transparentno in zakonito razdeljevati ta sredstva? Kako pojasnjujete pravno podlago za svojo odlo\u010ditev za prerazporeditev sredstev?<\/p>\n<p>2. V zgornjem obvestilu niti v nobeni drugi uradni izjavi se niste opredelili do tega, ali bodo javni razpisi za leto\u0161nje leto sploh izvedeni in kdaj. Nesprejemljivo je, da \u017eupan ali ob\u010dina v zvezi s tem javnosti ne daje nobenih odgovorov, zato seveda na tej to\u010dki nimamo izbire, kot da jih nemudoma zahtevamo.<\/p>\n<p>3. \u010ce ob\u010dina v leto\u0161njem letu ne bo izvedla nobenih razpisov, na kak\u0161en na\u010din namerava \u017eupan zakonito izvr\u0161iti prora\u010dun, v katerem je za financiranje nepridobitnih organizacij in ustanov predvidenih 335.796 evrov? Ali je te\u017eava v<\/p>\n<p>celoti likvidnostna in se bodo torej sredstva z nepridobitne organizacije prenesla v naslednje leto?<\/p>\n<p>4. \u010ce sredstev sploh ni in jih tudi ne bo, zakaj se v tem primeru ni predlagalo rebalansa prora\u010duna, ki bi omogo\u010dil sorazmerno sofinanciranje predvidenih prora\u010dunskih postavk, namesto da izvr\u0161evalec prora\u010duna zavra\u010da financiranje nepridobitnih organizacij brez primernih pooblastil za spreminjanje prora\u010duna?<\/p>\n<p>V zvezi z Javnim razpisom za sofinanciranje programov oziroma projektov, ki niso bili predmet drugih javnih razpisov iz prora\u010duna Ob\u010dine Se\u017eana za leto 2015 \u2013Sredstva \u017eupana za enkratne finan\u010dne pomo\u010di 2015 in glede dodeljevanja sredstev iz javnih razpisov na splo\u0161no, posredujemo \u0161e slede\u010da opozorila in zahteve:<\/p>\n<p>1. Rezultate razpisa za \u017eupanova sredstva je treba \u010dim prej objaviti, in sicer prejemnike sredstev in vi\u0161ino financiranja kot tudi razloge za izbor financiranih programov.<\/p>\n<p>2. V zvezi z neobjavo razpisov je potrebno z javnostjo odpreti razpravo o razlogih za izpad sredstev in o tem, ali bodo v prihodnjem letu letos nedodeljena sredstva nadome\u0161\u010dena, torej izpla\u010dana za nazaj.<\/p>\n<p>3. Za normalno delovanje nepridobitnih organizacij, ki delujejo v interesu ob\u010danov ob\u010dine Se\u017eana je nujno, da se sistem objavljanja razpisov uredi. Za zagotavljanje pre\u017eivetja dru\u0161tev in osnovnih mo\u017enosti za njihovo u\u010dinkovito delovanje je potrebno razpise za sofinanciranje dejavnosti in programov nevladnih organizacij je treba objaviti najkasneje do meseca marca in v roku enega meseca od sprejema prora\u010duna. S tem namenom zahtevamo od \u017eupana izjavo o na\u010drtih za zagotavljanje primernega izvr\u0161evanja prora\u010dunske postavkah za financiranje nepridobitnih organizacij v prihodnjih letih, da se zagotovi, da se leto\u0161nja napaka, ko so se pravo\u010dasno financirali samo programi na podro\u010dju \u0161porta, ostali pa sredstev najverjetneje sploh ne bodo dobili, ne ponovi.<\/p>\n<p>Sredi\u0161\u010de Rotunda \u2013 Sti\u010di\u0161\u010de NVO Obalno-kra\u0161ke regije<\/p>\n<p>Baletno dru\u0161tvo Se\u017eana<\/p>\n<p>\u010cebelarsko dru\u0161tvo Se\u017eana<\/p>\n<p>Dru\u0161tvo tabornikov rod Kra\u0161kih j&#8217;rt<\/p>\n<p>Dru\u0161tvo Univerza za tretje \u017eivljenjsko obdobje Kras<\/p>\n<p>Dru\u0161tvo za kroni\u010dno vnetno \u010drevesno bolezen<\/p>\n<p>Dru\u0161tvo za zdravje srca in o\u017eilja Slovenije-Podru\u017enica Kras<\/p>\n<p>Gobarsko dru\u0161tvo Se\u017eana<\/p>\n<p>JSKD OI Se\u017eana<\/p>\n<p>KD Borja\u010d Se\u017eana<\/p>\n<p>KD Jo\u017eeta Pahorja Se\u017eana<\/p>\n<p>KD Kra\u0161ki \u0161opek Se\u017eana<\/p>\n<p>KD Tabor Lokev<\/p>\n<p>Kinolo\u0161ko dru\u0161tvo Se\u017eana<\/p>\n<p>Klub \u0161tudentov Se\u017eana<\/p>\n<p>Kra\u0161ka pihalna godba<\/p>\n<p>K\u0160D \u0160ator \u0160torje<\/p>\n<p>Kulturno dru\u0161tvo Franc \u017diberna Povir<\/p>\n<p>Kulturno dru\u0161tvo Vilenica<\/p>\n<p>Literarno dru\u0161tvo Zlati \u010doln Se\u017eana<\/p>\n<p>Razvojno dru\u0161tvo Pliska<\/p>\n<p>Turisti\u010dno dru\u0161tvo Kras \u2013 Dutovlje<\/p>\n<p>Zavod Anima mundi Se\u017eana<\/p>\n<\/div>\n","protected":false},"excerpt":{"rendered":"<p>Nevladne organizacije iz Ob\u010dine Se\u017eana se v letu 2015 soo\u010dajo s hudimi te\u017eavami zaradi neizvr\u0161evanja&#8230;<\/p>\n","protected":false},"author":4,"featured_media":2442,"comment_status":"open","ping_status":"closed","sticky":false,"template":"","format":"image","meta":{"footnotes":""},"categories":[25],"tags":[],"class_list":["post-2441","post","type-post","status-publish","format-image","has-post-thumbnail","hentry","category-kras-brkini","post_format-post-format-image"],"featured_image_urls":{"full":["https:\/\/areafilm.si\/wordpress\/wp-content\/uploads\/2015\/10\/obcinasezanalogo.jpg",838,460,false],"thumbnail":["https:\/\/areafilm.si\/wordpress\/wp-content\/uploads\/2015\/10\/obcinasezanalogo-500x280.jpg",500,280,true],"medium":["https:\/\/areafilm.si\/wordpress\/wp-content\/uploads\/2015\/10\/obcinasezanalogo-600x365.jpg",600,365,true],"medium_large":["https:\/\/areafilm.si\/wordpress\/wp-content\/uploads\/2015\/10\/obcinasezanalogo-768x422.jpg",640,352,true],"large":["https:\/\/areafilm.si\/wordpress\/wp-content\/uploads\/2015\/10\/obcinasezanalogo.jpg",640,351,false],"1536x1536":["https:\/\/areafilm.si\/wordpress\/wp-content\/uploads\/2015\/10\/obcinasezanalogo.jpg",838,460,false],"2048x2048":["https:\/\/areafilm.si\/wordpress\/wp-content\/uploads\/2015\/10\/obcinasezanalogo.jpg",838,460,false],"covernews-featured":["https:\/\/areafilm.si\/wordpress\/wp-content\/uploads\/2015\/10\/obcinasezanalogo.jpg",838,460,false],"covernews-medium":["https:\/\/areafilm.si\/wordpress\/wp-content\/uploads\/2015\/10\/obcinasezanalogo.jpg",540,296,false],"woocommerce_thumbnail":["https:\/\/areafilm.si\/wordpress\/wp-content\/uploads\/2015\/10\/obcinasezanalogo-300x300.jpg",300,300,true],"woocommerce_single":["https:\/\/areafilm.si\/wordpress\/wp-content\/uploads\/2015\/10\/obcinasezanalogo-600x329.jpg",600,329,true],"woocommerce_gallery_thumbnail":["https:\/\/areafilm.si\/wordpress\/wp-content\/uploads\/2015\/10\/obcinasezanalogo-100x100.jpg",100,100,true]},"author_info":{"info":["Uredni\u0161tvo Primorski Utrip"]},"category_info":"<a href=\"https:\/\/areafilm.si\/wordpress\/category\/kras-brkini\/\" rel=\"category tag\">Kras - Brkini<\/a>","tag_info":"Kras - Brkini","comment_count":"0","_links":{"self":[{"href":"https:\/\/areafilm.si\/wordpress\/wp-json\/wp\/v2\/posts\/2441","targetHints":{"allow":["GET"]}}],"collection":[{"href":"https:\/\/areafilm.si\/wordpress\/wp-json\/wp\/v2\/posts"}],"about":[{"href":"https:\/\/areafilm.si\/wordpress\/wp-json\/wp\/v2\/types\/post"}],"author":[{"embeddable":true,"href":"https:\/\/areafilm.si\/wordpress\/wp-json\/wp\/v2\/users\/4"}],"replies":[{"embeddable":true,"href":"https:\/\/areafilm.si\/wordpress\/wp-json\/wp\/v2\/comments?post=2441"}],"version-history":[{"count":2,"href":"https:\/\/areafilm.si\/wordpress\/wp-json\/wp\/v2\/posts\/2441\/revisions"}],"predecessor-version":[{"id":2444,"href":"https:\/\/areafilm.si\/wordpress\/wp-json\/wp\/v2\/posts\/2441\/revisions\/2444"}],"wp:featuredmedia":[{"embeddable":true,"href":"https:\/\/areafilm.si\/wordpress\/wp-json\/wp\/v2\/media\/2442"}],"wp:attachment":[{"href":"https:\/\/areafilm.si\/wordpress\/wp-json\/wp\/v2\/media?parent=2441"}],"wp:term":[{"taxonomy":"category","embeddable":true,"href":"https:\/\/areafilm.si\/wordpress\/wp-json\/wp\/v2\/categories?post=2441"},{"taxonomy":"post_tag","embeddable":true,"href":"https:\/\/areafilm.si\/wordpress\/wp-json\/wp\/v2\/tags?post=2441"}],"curies":[{"name":"wp","href":"https:\/\/api.w.org\/{rel}","templated":true}]}}