{"id":2564,"date":"2015-11-10T11:33:27","date_gmt":"2015-11-10T10:33:27","guid":{"rendered":"http:\/\/slo5.net\/wordpress\/?p=2564"},"modified":"2015-11-10T11:33:27","modified_gmt":"2015-11-10T10:33:27","slug":"smrtna-zrtev-v-nesreci-s-traktorjem","status":"publish","type":"post","link":"https:\/\/areafilm.si\/wordpress\/smrtna-zrtev-v-nesreci-s-traktorjem\/","title":{"rendered":"Smrtna \u017ertev v nesre\u010di s traktorjem"},"content":{"rendered":"<p>KRONIKA &#8211; V torek ob 8.33 so bili policisti napoteni na Ostro\u017eno Brdo v Brkinih, kjer so od ponedeljka pogre\u0161ali 86-letnega doma\u010dina. \u0160el je s traktorjem v gozd, vendar se ni vrnil. Policisti so ga iskali in ga kmalu na\u0161li mrtvega v bli\u017eini. Ugotovili so, da se je s traktorjem zvrnil pod nivo ceste, pribli\u017eno 200 metrov pred naseljem Ostro\u017eno Brdo. Traktor ga je pri prevrnitvi stisnil pod sabo.<\/p>\n<p>V ponedeljek ob 11.50 je pri\u0161lo do prometne nesre\u010de pri Kortah. 21-letni Izolan je vozil kombinirano vozilo od Kort proti \u0160aredu. Na mokrem in spolzkem vozi\u0161\u010du ni prilagodil hitrosti svojega vozila in tako pri zaselku Morgani na ravnem delu ceste izgubil oblast nad vozilom ter zapeljal v desno izven vozi\u0161\u010da. Vozilo je obstalo 70 metrov od roba ceste, na tretji terasi. V nesre\u010di se je huje po\u0161kodoval (zlom noge). Sledi mu pla\u010dilni nalog.<\/p>\n<p>Zjutraj so policisti dobili prijavo, da je nekdo v Kopru na Pobe\u0161ki cesti ukradel osebni avto znamke BMW M3, bele barve s \u010drno streho, z registrskimi tablicami KP KT-352. Kontaktni klju\u010di so bili v vozilu, ki je letnik 2008, vreden 25.000 evrov.<\/p>\n","protected":false},"excerpt":{"rendered":"<p>KRONIKA &#8211; V torek ob 8.33 so bili policisti napoteni na Ostro\u017eno Brdo v Brkinih,&#8230;<\/p>\n","protected":false},"author":4,"featured_media":334,"comment_status":"open","ping_status":"closed","sticky":false,"template":"","format":"standard","meta":{"footnotes":""},"categories":[7],"tags":[],"class_list":["post-2564","post","type-post","status-publish","format-standard","has-post-thumbnail","hentry","category-kronika"],"featured_image_urls":{"full":["https:\/\/areafilm.si\/wordpress\/wp-content\/uploads\/2014\/09\/nesreca_traktor.png",95,80,false],"thumbnail":["https:\/\/areafilm.si\/wordpress\/wp-content\/uploads\/2014\/09\/nesreca_traktor.png",95,80,false],"medium":["https:\/\/areafilm.si\/wordpress\/wp-content\/uploads\/2014\/09\/nesreca_traktor.png",95,80,false],"medium_large":["https:\/\/areafilm.si\/wordpress\/wp-content\/uploads\/2014\/09\/nesreca_traktor.png",95,80,false],"large":["https:\/\/areafilm.si\/wordpress\/wp-content\/uploads\/2014\/09\/nesreca_traktor.png",95,80,false],"1536x1536":["https:\/\/areafilm.si\/wordpress\/wp-content\/uploads\/2014\/09\/nesreca_traktor.png",95,80,false],"2048x2048":["https:\/\/areafilm.si\/wordpress\/wp-content\/uploads\/2014\/09\/nesreca_traktor.png",95,80,false],"covernews-featured":["https:\/\/areafilm.si\/wordpress\/wp-content\/uploads\/2014\/09\/nesreca_traktor.png",95,80,false],"covernews-medium":["https:\/\/areafilm.si\/wordpress\/wp-content\/uploads\/2014\/09\/nesreca_traktor.png",95,80,false],"woocommerce_thumbnail":["https:\/\/areafilm.si\/wordpress\/wp-content\/uploads\/2014\/09\/nesreca_traktor.png",95,80,false],"woocommerce_single":["https:\/\/areafilm.si\/wordpress\/wp-content\/uploads\/2014\/09\/nesreca_traktor.png",95,80,false],"woocommerce_gallery_thumbnail":["https:\/\/areafilm.si\/wordpress\/wp-content\/uploads\/2014\/09\/nesreca_traktor.png",95,80,false]},"author_info":{"info":["Uredni\u0161tvo Primorski Utrip"]},"category_info":"<a href=\"https:\/\/areafilm.si\/wordpress\/category\/kronika\/\" rel=\"category tag\">Kronika<\/a>","tag_info":"Kronika","comment_count":"0","_links":{"self":[{"href":"https:\/\/areafilm.si\/wordpress\/wp-json\/wp\/v2\/posts\/2564","targetHints":{"allow":["GET"]}}],"collection":[{"href":"https:\/\/areafilm.si\/wordpress\/wp-json\/wp\/v2\/posts"}],"about":[{"href":"https:\/\/areafilm.si\/wordpress\/wp-json\/wp\/v2\/types\/post"}],"author":[{"embeddable":true,"href":"https:\/\/areafilm.si\/wordpress\/wp-json\/wp\/v2\/users\/4"}],"replies":[{"embeddable":true,"href":"https:\/\/areafilm.si\/wordpress\/wp-json\/wp\/v2\/comments?post=2564"}],"version-history":[{"count":2,"href":"https:\/\/areafilm.si\/wordpress\/wp-json\/wp\/v2\/posts\/2564\/revisions"}],"predecessor-version":[{"id":2566,"href":"https:\/\/areafilm.si\/wordpress\/wp-json\/wp\/v2\/posts\/2564\/revisions\/2566"}],"wp:featuredmedia":[{"embeddable":true,"href":"https:\/\/areafilm.si\/wordpress\/wp-json\/wp\/v2\/media\/334"}],"wp:attachment":[{"href":"https:\/\/areafilm.si\/wordpress\/wp-json\/wp\/v2\/media?parent=2564"}],"wp:term":[{"taxonomy":"category","embeddable":true,"href":"https:\/\/areafilm.si\/wordpress\/wp-json\/wp\/v2\/categories?post=2564"},{"taxonomy":"post_tag","embeddable":true,"href":"https:\/\/areafilm.si\/wordpress\/wp-json\/wp\/v2\/tags?post=2564"}],"curies":[{"name":"wp","href":"https:\/\/api.w.org\/{rel}","templated":true}]}}