{"id":2575,"date":"2015-11-11T12:18:28","date_gmt":"2015-11-11T11:18:28","guid":{"rendered":"http:\/\/slo5.net\/wordpress\/?p=2575"},"modified":"2015-11-11T12:18:28","modified_gmt":"2015-11-11T11:18:28","slug":"zacele-so-se-priprave-na-3-istrski-maraton","status":"publish","type":"post","link":"https:\/\/areafilm.si\/wordpress\/zacele-so-se-priprave-na-3-istrski-maraton\/","title":{"rendered":"Za\u010dele so se priprave na 3. Istrski maraton"},"content":{"rendered":"<h4>Tretji Istrski maraton Banka Koper bo 9. in 10. aprila prihodnje leto. \u010ceprav bo osrednja gostiteljica tega tradicionalnega dogodka, ki vsaki\u010d znova pove\u017ee slovensko Istro, Ob\u010dina Piran, se bo velik del prireditev dogajal tudi v Mestni ob\u010dini Koper.<\/h4>\n<p>Najve\u010dji teka\u0161ki dogodek v Istri\u00a0 <strong>bo na sporedu 9. in 10. aprila<\/strong>. Vse skupaj se bo za\u010delo v soboto, <strong>9. aprila, v Portoro\u017eu,<\/strong> kjer bo osrednje prizori\u0161\u010de s startno-ciljnim prostorom in kjer bodo prvi dan prireditve potekali <strong>mladinski teki in razli\u010dne druge prireditve<\/strong>. V nedeljo, 10. aprila, pa bo \u0161lo zares, saj bodo ta dan na vrsti <strong>maraton, polmaraton in rekreativni tek<\/strong>. Starta rekreativnega teka in maratona bosta v Portoro\u017eu. Medtem ko bodo rekreativci tekli do Strunjana in mimo Pirana nazaj do Portoro\u017ea, bodo maratonci tekli proti Izoli, do Kopra, kjer bodo naredili krog okoli mesta in se nato vrnili mimo Izole in Pirana do cilja v Portoro\u017eu. <strong>21-kilometrski tek pa se bo pri\u010del v Kopru<\/strong>. Start bo na Pristani\u0161ki ulici pred Banko Koper, od koder bodo teka\u010di stekli mimo tr\u017enice, do obale in potem proti Izoli, Piranu in Portoro\u017eu.<\/p>\n<p>Razpis za teke (in s tem za\u010detek zbiranja prijav) bo iz\u0161el <strong>1. decembra 2015<\/strong>. Takrat bodo znane tudi ostale podrobnosti in zemljevidi prog.<\/p>\n<p>VIR:E-KOPER\u00a0<a href=\"http:\/\/slo5.net\/wordpress\/wp-content\/uploads\/2015\/11\/635645148812476849_istrski_maraton_martin_bobic002_martin_bobic-740x556.jpg\"><img loading=\"lazy\" decoding=\"async\" class=\" wp-image-2577 aligncenter\" src=\"http:\/\/slo5.net\/wordpress\/wp-content\/uploads\/2015\/11\/635645148812476849_istrski_maraton_martin_bobic002_martin_bobic-740x556.jpg\" alt=\"635645148812476849_istrski_maraton_martin_bobic002_martin_bobic-740x556\" width=\"454\" height=\"341\" srcset=\"https:\/\/areafilm.si\/wordpress\/wp-content\/uploads\/2015\/11\/635645148812476849_istrski_maraton_martin_bobic002_martin_bobic-740x556.jpg 740w, https:\/\/areafilm.si\/wordpress\/wp-content\/uploads\/2015\/11\/635645148812476849_istrski_maraton_martin_bobic002_martin_bobic-740x556-600x451.jpg 600w\" sizes=\"auto, (max-width: 454px) 100vw, 454px\" \/><\/a><\/p>\n","protected":false},"excerpt":{"rendered":"<p>Tretji Istrski maraton Banka Koper bo 9. in 10. aprila prihodnje leto. \u010ceprav bo osrednja&#8230;<\/p>\n","protected":false},"author":4,"featured_media":2576,"comment_status":"open","ping_status":"closed","sticky":false,"template":"","format":"image","meta":{"footnotes":""},"categories":[24,9],"tags":[],"class_list":["post-2575","post","type-post","status-publish","format-image","has-post-thumbnail","hentry","category-obala","category-sport","post_format-post-format-image"],"featured_image_urls":{"full":["https:\/\/areafilm.si\/wordpress\/wp-content\/uploads\/2015\/11\/635645141258028208_istrski_maraton_jadran_rusjan_016_jadran_rusjan-700x325.jpg",700,325,false],"thumbnail":["https:\/\/areafilm.si\/wordpress\/wp-content\/uploads\/2015\/11\/635645141258028208_istrski_maraton_jadran_rusjan_016_jadran_rusjan-700x325-500x280.jpg",500,280,true],"medium":["https:\/\/areafilm.si\/wordpress\/wp-content\/uploads\/2015\/11\/635645141258028208_istrski_maraton_jadran_rusjan_016_jadran_rusjan-700x325-600x325.jpg",600,325,true],"medium_large":["https:\/\/areafilm.si\/wordpress\/wp-content\/uploads\/2015\/11\/635645141258028208_istrski_maraton_jadran_rusjan_016_jadran_rusjan-700x325.jpg",640,297,false],"large":["https:\/\/areafilm.si\/wordpress\/wp-content\/uploads\/2015\/11\/635645141258028208_istrski_maraton_jadran_rusjan_016_jadran_rusjan-700x325.jpg",640,297,false],"1536x1536":["https:\/\/areafilm.si\/wordpress\/wp-content\/uploads\/2015\/11\/635645141258028208_istrski_maraton_jadran_rusjan_016_jadran_rusjan-700x325.jpg",700,325,false],"2048x2048":["https:\/\/areafilm.si\/wordpress\/wp-content\/uploads\/2015\/11\/635645141258028208_istrski_maraton_jadran_rusjan_016_jadran_rusjan-700x325.jpg",700,325,false],"covernews-featured":["https:\/\/areafilm.si\/wordpress\/wp-content\/uploads\/2015\/11\/635645141258028208_istrski_maraton_jadran_rusjan_016_jadran_rusjan-700x325.jpg",700,325,false],"covernews-medium":["https:\/\/areafilm.si\/wordpress\/wp-content\/uploads\/2015\/11\/635645141258028208_istrski_maraton_jadran_rusjan_016_jadran_rusjan-700x325.jpg",540,251,false],"woocommerce_thumbnail":["https:\/\/areafilm.si\/wordpress\/wp-content\/uploads\/2015\/11\/635645141258028208_istrski_maraton_jadran_rusjan_016_jadran_rusjan-700x325-300x300.jpg",300,300,true],"woocommerce_single":["https:\/\/areafilm.si\/wordpress\/wp-content\/uploads\/2015\/11\/635645141258028208_istrski_maraton_jadran_rusjan_016_jadran_rusjan-700x325-600x279.jpg",600,279,true],"woocommerce_gallery_thumbnail":["https:\/\/areafilm.si\/wordpress\/wp-content\/uploads\/2015\/11\/635645141258028208_istrski_maraton_jadran_rusjan_016_jadran_rusjan-700x325-100x100.jpg",100,100,true]},"author_info":{"info":["Uredni\u0161tvo Primorski Utrip"]},"category_info":"<a href=\"https:\/\/areafilm.si\/wordpress\/category\/obala\/\" rel=\"category tag\">Obala<\/a> <a href=\"https:\/\/areafilm.si\/wordpress\/category\/sport\/\" rel=\"category tag\">\u0160port<\/a>","tag_info":"\u0160port","comment_count":"0","_links":{"self":[{"href":"https:\/\/areafilm.si\/wordpress\/wp-json\/wp\/v2\/posts\/2575","targetHints":{"allow":["GET"]}}],"collection":[{"href":"https:\/\/areafilm.si\/wordpress\/wp-json\/wp\/v2\/posts"}],"about":[{"href":"https:\/\/areafilm.si\/wordpress\/wp-json\/wp\/v2\/types\/post"}],"author":[{"embeddable":true,"href":"https:\/\/areafilm.si\/wordpress\/wp-json\/wp\/v2\/users\/4"}],"replies":[{"embeddable":true,"href":"https:\/\/areafilm.si\/wordpress\/wp-json\/wp\/v2\/comments?post=2575"}],"version-history":[{"count":2,"href":"https:\/\/areafilm.si\/wordpress\/wp-json\/wp\/v2\/posts\/2575\/revisions"}],"predecessor-version":[{"id":2579,"href":"https:\/\/areafilm.si\/wordpress\/wp-json\/wp\/v2\/posts\/2575\/revisions\/2579"}],"wp:featuredmedia":[{"embeddable":true,"href":"https:\/\/areafilm.si\/wordpress\/wp-json\/wp\/v2\/media\/2576"}],"wp:attachment":[{"href":"https:\/\/areafilm.si\/wordpress\/wp-json\/wp\/v2\/media?parent=2575"}],"wp:term":[{"taxonomy":"category","embeddable":true,"href":"https:\/\/areafilm.si\/wordpress\/wp-json\/wp\/v2\/categories?post=2575"},{"taxonomy":"post_tag","embeddable":true,"href":"https:\/\/areafilm.si\/wordpress\/wp-json\/wp\/v2\/tags?post=2575"}],"curies":[{"name":"wp","href":"https:\/\/api.w.org\/{rel}","templated":true}]}}