{"id":2786,"date":"2016-01-08T18:49:40","date_gmt":"2016-01-08T17:49:40","guid":{"rendered":"http:\/\/slo5.net\/wordpress\/?p=2786"},"modified":"2016-01-08T18:49:40","modified_gmt":"2016-01-08T17:49:40","slug":"dogodki-in-prireditve-v-izoli-januar-2016","status":"publish","type":"post","link":"https:\/\/areafilm.si\/wordpress\/dogodki-in-prireditve-v-izoli-januar-2016\/","title":{"rendered":"Dogodki in prireditve v Izoli &#8211; januar 2016"},"content":{"rendered":"<table width=\"748\">\n<tbody>\n<tr>\n<td width=\"97\"><strong>DATUM<\/strong><\/td>\n<td width=\"160\"><strong>KRAJ, URA<\/strong><\/td>\n<td width=\"492\"><strong>PRIREDITEV<\/strong><\/td>\n<\/tr>\n<tr>\n<td width=\"97\">vsak torek<\/td>\n<td width=\"160\">Mestna knji\u017enica Izola,<\/p>\n<p>17.00<\/td>\n<td width=\"492\"><strong>TORKOVA PRAVLJI\u010cNA URA. <\/strong>K pravlji\u010dni uri so vabljeni otroci od dopolnjenega 4. leta starosti. Otroci naj s seboj prinesejo copatke. Vstopnine ni. Vabljeni vsak torek ob 17. uri v pravlji\u010dno sobo Mestne knji\u017enice Izola.<\/p>\n<p><em>Organizator: Mestna knji\u017enica Izola<\/em><\/td>\n<\/tr>\n<tr>\n<td width=\"97\">8.1.<\/td>\n<td width=\"160\">Bariera, 20.00<\/td>\n<td width=\"492\"><strong>Ve\u010der pop muzike.<\/strong><\/p>\n<p><em>Organizator: Bariera Izola<\/em><\/td>\n<\/tr>\n<tr>\n<td width=\"97\">9.1.<\/td>\n<td width=\"160\">Park Pietro Coppo<\/td>\n<td width=\"492\"><strong>Sejem starin in doma\u010de obrti.<\/strong><\/td>\n<\/tr>\n<tr>\n<td width=\"97\">9.1.<\/td>\n<td width=\"160\">Kulturni dom Izola, 20.00<\/td>\n<td width=\"492\"><strong>PIHALNI ORKESTER IZOLA &amp; MARINA M\u00c5RTENSSON<\/strong><\/p>\n<p>Dobrodelna prireditev Lions Club Izola.<\/p>\n<p><em>Organizator: Center za kulturo, \u0161port in prireditve Izola<\/em><\/td>\n<\/tr>\n<tr>\n<td width=\"97\">10.1<\/td>\n<td width=\"160\">Manziolijeva pala\u010da, 17:00<\/td>\n<td width=\"492\"><strong>Glasbeni ve\u010der.<\/strong><\/p>\n<p>Ricordi &#8211; (Spomini) &#8211; Ve\u010der posve\u010den Fabriziotu De Anre v zvedbi Dru\u0161tva Serenade Ensemble iz Milj. Nastopajo \u0161e carla Rotta in Francesco Fait.<\/p>\n<p><em>Organizator: Italijanska skupnost Dante Alighieri<\/em><\/td>\n<\/tr>\n<tr>\n<td width=\"97\">15.1.<\/td>\n<td width=\"160\">Manziolijeva pala\u010da, 18:00<\/td>\n<td width=\"492\"><strong>Kulturni ve\u010der. <\/strong><\/p>\n<p>Potovanje po mojem mestu. Predstavitev del, u\u010dencev O\u0160 Dante Alighieri Izola, pripravljenih na delavnici o arhitekturi mesta Izola pod mentorstvom arhitekta Chiarastella Fatigato. Razstava elaboratov u\u010dencev.<\/p>\n<p><em>Organizator: O\u0160 Dante Alighieri v sodelovanju z italijansko samoupravno narodno Skupnost-Izola.<\/em><\/td>\n<\/tr>\n<tr>\n<td width=\"97\">16.1.<\/td>\n<td width=\"160\">Manziolijeva pala\u010da, 18:00<\/td>\n<td width=\"492\"><strong>Literarni ve\u010der na katerem se bo predstavila Alessandra Zuliani.<\/strong><\/p>\n<p><em>Organizator: Italijanska skupnost Dante Alighieri<\/em><\/td>\n<\/tr>\n<tr>\n<td width=\"97\">20.1.<\/td>\n<td width=\"160\">Mestna knji\u017enica Izola,<\/p>\n<p>19.00<\/td>\n<td width=\"492\"><strong>Sre\u010danje \u0160tudijskega kro\u017eka KAKO \u017dIVIM TA TRENUTEK.<\/strong><\/p>\n<p>Mestna knji\u017enica Izola vabi na januarsko sre\u010danje \u0160tudijskega kro\u017eka Kako \u017eivim ta trenutek. \u017divljenje poteka zdaj, v tem trenutku. In v njem se nahaja na\u0161a mo\u010d. Tukaj in zdaj vstopimo v \u017eivljenjsko stanje jasnosti, prodornosti in u\u010dinkovitosti, kjer smo v stiku z ve\u010dno mo\u010djo, ki je onkraj tesnobe in konfliktov, onkraj bole\u010dine in trpljenja. Sre\u010danje bo vodil Jo\u0161ko Cesar. Vstop je prost.<\/p>\n<p><em>Organizator: Mestna knji\u017enica Izola<\/em><\/td>\n<\/tr>\n<tr>\n<td width=\"97\">21.1<\/td>\n<td width=\"160\">Manziolijeva pala\u010da, 18:00<\/td>\n<td width=\"492\">Koncert. udele\u017eencev te\u010daja violine.<\/p>\n<p><em>Organizator: Skupnost Italijanov Pasquale Basenghi degli Ughi<\/em><\/td>\n<\/tr>\n<tr>\n<td width=\"97\">22.1.<\/td>\n<td width=\"160\">Mestna knji\u017enica Izola,<\/p>\n<p>19.00<\/td>\n<td width=\"492\"><strong>Sre\u010danje \u0160tudijskega kro\u017eka Svet v dlaneh &#8211; V \u010dem me Indija nagovarja, da se tja vedno znova vra\u010dam?.<\/strong><\/p>\n<p>Mestna knji\u017enica Izola vabi na januarsko sre\u010danje \u0160tudijskega kro\u017eka SVET V DLANEH.<\/p>\n<p>Svojo zgodbo in bogate izku\u0161nje v iskanju svoje Poti nam bo zaupal Bojan Gorenc, ki je leta 1982 prvi\u010d odpotoval v Indijo in jo od takrat pa do danes obiskal \u017ee ve\u010d kot 60-krat. Vstop je prost.<\/p>\n<p>* Avtorjevi knjigi <em>Sai Baba-mit ali resni\u010dnost<\/em> in <em>Sai Baba in religija Ljubezni<\/em> bosta po predavanju naprodaj.<\/p>\n<p><em>Organizator: Mestna knji\u017enica Izola<\/em><\/td>\n<\/tr>\n<tr>\n<td width=\"97\">22.1.<\/td>\n<td width=\"160\">Hangar Bar, 21:30<\/td>\n<td width=\"492\"><strong>Damir Avdi\u0107 (predstavitev novega albuma Manjina)<\/strong><\/p>\n<p>Prosti vstop!<\/p>\n<p><em>Organizator: Hangar Bar<\/em><\/td>\n<\/tr>\n<tr>\n<td width=\"97\">23.1.<\/td>\n<td width=\"160\">Kulturni dom Izola, 17.00<\/td>\n<td width=\"492\"><strong>KAK\u010cEVE DOGODIV\u0160\u010cINE (ZGODBA O KAKCU) &#8211; predstava za otroke<\/strong><\/p>\n<p>O\u010darljiva \u0161vedska otro\u0161ka zgodba Pernille Stalfelt kon\u010dno prihaja tudi v slovensko gledali\u0161\u010de za otroke! Zgodba duhovito in zabavno ter brez zadr\u017ekov in tabujev pojasnjuje temo, ki otroke neverjetno zanima in zabava.<\/p>\n<p>VSTOPNINA:\u00a04 \u20ac<\/p>\n<p><em>Organizator: Center za kulturo, \u0161port in prireditve Izola<\/em><\/td>\n<\/tr>\n<tr>\n<td width=\"97\">26.1.<\/td>\n<td width=\"160\">Mestna knji\u017enica Izola,<\/p>\n<p>19.00<\/td>\n<td width=\"492\"><strong>Predstavitev knjige &#8211; Razcvet zavesti, Pogovori o prebujajo\u010dem \u010dloveku.<\/strong><\/p>\n<p>Mestna knji\u017enica Izola in \u0160tudijski kro\u017eek Kako \u017eivim ta trenutek vabita na predstavitev knjige Razcvet zavesti, Pogovori o prebujajo\u010dem \u010dloveku avtorice Viktorije Kos.<\/p>\n<p>Knjiga je napisana kot pogovor dveh prijateljev, ki odkrivata duhovno zgodovino \u010dlove\u0161tva in spoznanja velikih imen duhovnosti, svetnikov, modrecev, mistikov, filozofov in umetnikov (obeh spolov), tudi slovenskih. Vsebina je samorefleksivna in se nana\u0161a na na\u0161e vsakdanje \u017eivljenje. Spodbuja nas k razmi\u0161ljanju, opazovanju sebe in nas bodri, naj storimo kaj, da bi za\u017eiveli kot zavestna bitja, spoznali sebe in dosegli notranje zadovoljstvo. Knjigo bo predstavila avtorica.<\/p>\n<p><em>Organizator: Mestna knji\u017enica Izola<\/em><\/td>\n<\/tr>\n<tr>\n<td width=\"97\">28.1.<\/td>\n<td width=\"160\">Manziolijeva pala\u010da, 18:00<\/td>\n<td width=\"492\"><strong>Kino forum. Forum italijanskega filma -Pasolini, Un delitto italiano.<\/strong><\/p>\n<p><em>Organizator: Skupnost Italijanov Pasquale Basenghi degli Ughi<\/em><\/td>\n<\/tr>\n<tr>\n<td width=\"97\">29.1.<\/td>\n<td width=\"160\">Kulturni dom Izola, 20.00<\/td>\n<td width=\"492\"><strong>TADEJ TO\u0160: STAND-UP (gledali\u0161ka predstava)<\/strong><\/p>\n<p>To\u0161eve predstave so ruska ruleta za vse, ki se znajdejo na prizori\u0161\u010du, nikoli se ne ve, kdaj in kje bo padlo ter po kom.<\/p>\n<p>VSTOPNINA:\u00a012,5 \u20ac v predprodaji, 15 \u20ac na dan prireditve<\/p>\n<p><em>Organizator: Center za kulturo, \u0161port in prireditve Izola<\/em><\/td>\n<\/tr>\n<\/tbody>\n<\/table>\n","protected":false},"excerpt":{"rendered":"<p>DATUM KRAJ, URA PRIREDITEV vsak torek Mestna knji\u017enica Izola, 17.00 TORKOVA PRAVLJI\u010cNA URA. K pravlji\u010dni&#8230;<\/p>\n","protected":false},"author":4,"featured_media":619,"comment_status":"open","ping_status":"closed","sticky":false,"template":"","format":"standard","meta":{"footnotes":""},"categories":[24],"tags":[],"class_list":["post-2786","post","type-post","status-publish","format-standard","has-post-thumbnail","hentry","category-obala"],"featured_image_urls":{"full":["https:\/\/areafilm.si\/wordpress\/wp-content\/uploads\/2014\/09\/prireditve_koncert01.jpg",576,360,false],"thumbnail":["https:\/\/areafilm.si\/wordpress\/wp-content\/uploads\/2014\/09\/prireditve_koncert01-500x280.jpg",500,280,true],"medium":["https:\/\/areafilm.si\/wordpress\/wp-content\/uploads\/2014\/09\/prireditve_koncert01.jpg",576,360,false],"medium_large":["https:\/\/areafilm.si\/wordpress\/wp-content\/uploads\/2014\/09\/prireditve_koncert01.jpg",576,360,false],"large":["https:\/\/areafilm.si\/wordpress\/wp-content\/uploads\/2014\/09\/prireditve_koncert01.jpg",576,360,false],"1536x1536":["https:\/\/areafilm.si\/wordpress\/wp-content\/uploads\/2014\/09\/prireditve_koncert01.jpg",576,360,false],"2048x2048":["https:\/\/areafilm.si\/wordpress\/wp-content\/uploads\/2014\/09\/prireditve_koncert01.jpg",576,360,false],"covernews-featured":["https:\/\/areafilm.si\/wordpress\/wp-content\/uploads\/2014\/09\/prireditve_koncert01.jpg",576,360,false],"covernews-medium":["https:\/\/areafilm.si\/wordpress\/wp-content\/uploads\/2014\/09\/prireditve_koncert01.jpg",540,338,false],"woocommerce_thumbnail":["https:\/\/areafilm.si\/wordpress\/wp-content\/uploads\/2014\/09\/prireditve_koncert01-300x300.jpg",300,300,true],"woocommerce_single":["https:\/\/areafilm.si\/wordpress\/wp-content\/uploads\/2014\/09\/prireditve_koncert01.jpg",576,360,false],"woocommerce_gallery_thumbnail":["https:\/\/areafilm.si\/wordpress\/wp-content\/uploads\/2014\/09\/prireditve_koncert01-100x100.jpg",100,100,true]},"author_info":{"info":["Uredni\u0161tvo Primorski Utrip"]},"category_info":"<a href=\"https:\/\/areafilm.si\/wordpress\/category\/obala\/\" rel=\"category tag\">Obala<\/a>","tag_info":"Obala","comment_count":"0","_links":{"self":[{"href":"https:\/\/areafilm.si\/wordpress\/wp-json\/wp\/v2\/posts\/2786","targetHints":{"allow":["GET"]}}],"collection":[{"href":"https:\/\/areafilm.si\/wordpress\/wp-json\/wp\/v2\/posts"}],"about":[{"href":"https:\/\/areafilm.si\/wordpress\/wp-json\/wp\/v2\/types\/post"}],"author":[{"embeddable":true,"href":"https:\/\/areafilm.si\/wordpress\/wp-json\/wp\/v2\/users\/4"}],"replies":[{"embeddable":true,"href":"https:\/\/areafilm.si\/wordpress\/wp-json\/wp\/v2\/comments?post=2786"}],"version-history":[{"count":2,"href":"https:\/\/areafilm.si\/wordpress\/wp-json\/wp\/v2\/posts\/2786\/revisions"}],"predecessor-version":[{"id":2788,"href":"https:\/\/areafilm.si\/wordpress\/wp-json\/wp\/v2\/posts\/2786\/revisions\/2788"}],"wp:featuredmedia":[{"embeddable":true,"href":"https:\/\/areafilm.si\/wordpress\/wp-json\/wp\/v2\/media\/619"}],"wp:attachment":[{"href":"https:\/\/areafilm.si\/wordpress\/wp-json\/wp\/v2\/media?parent=2786"}],"wp:term":[{"taxonomy":"category","embeddable":true,"href":"https:\/\/areafilm.si\/wordpress\/wp-json\/wp\/v2\/categories?post=2786"},{"taxonomy":"post_tag","embeddable":true,"href":"https:\/\/areafilm.si\/wordpress\/wp-json\/wp\/v2\/tags?post=2786"}],"curies":[{"name":"wp","href":"https:\/\/api.w.org\/{rel}","templated":true}]}}