{"id":2825,"date":"2016-01-26T13:42:27","date_gmt":"2016-01-26T12:42:27","guid":{"rendered":"http:\/\/slo5.net\/wordpress\/?p=2825"},"modified":"2016-01-26T13:42:27","modified_gmt":"2016-01-26T12:42:27","slug":"streljanje-v-kopru","status":"publish","type":"post","link":"https:\/\/areafilm.si\/wordpress\/streljanje-v-kopru\/","title":{"rendered":"Streljanje v Kopru"},"content":{"rendered":"<pre>Koprski kriminalisti od nedelje zve\u010der preiskujejo sum kaznivega dejanja poskusa uboja in povzro\u010ditve splo\u0161ne nevarnosti.\r\n\r\nPo dosedanjih ugotovitvah naj bi v nedeljo med dvema osebama pri\u0161lo do spora, in sicer zaradi domnevnega medsebojnega dolga. Med njunim sporom naj bi ena od oseb med vo\u017enjo na cesti rezervirani za motorna vozila, na relaciji od \u017dusterne do kri\u017ei\u0161\u010da Bivje, nekajkrat streljala s strelnim oro\u017ejem na vozilo druge osebe. Zaradi streljanja nobena oseba ni bila po\u0161kodovana.<\/pre>\n","protected":false},"excerpt":{"rendered":"<p>Koprski kriminalisti od nedelje zve\u010der preiskujejo sum kaznivega dejanja poskusa uboja in povzro\u010ditve splo\u0161ne nevarnosti&#8230;.<\/p>\n","protected":false},"author":4,"featured_media":650,"comment_status":"open","ping_status":"closed","sticky":false,"template":"","format":"standard","meta":{"footnotes":""},"categories":[7],"tags":[],"class_list":["post-2825","post","type-post","status-publish","format-standard","has-post-thumbnail","hentry","category-kronika"],"featured_image_urls":{"full":["https:\/\/areafilm.si\/wordpress\/wp-content\/uploads\/2014\/10\/policijska_marica.jpg",512,323,false],"thumbnail":["https:\/\/areafilm.si\/wordpress\/wp-content\/uploads\/2014\/10\/policijska_marica-500x280.jpg",500,280,true],"medium":["https:\/\/areafilm.si\/wordpress\/wp-content\/uploads\/2014\/10\/policijska_marica.jpg",512,323,false],"medium_large":["https:\/\/areafilm.si\/wordpress\/wp-content\/uploads\/2014\/10\/policijska_marica.jpg",512,323,false],"large":["https:\/\/areafilm.si\/wordpress\/wp-content\/uploads\/2014\/10\/policijska_marica.jpg",512,323,false],"1536x1536":["https:\/\/areafilm.si\/wordpress\/wp-content\/uploads\/2014\/10\/policijska_marica.jpg",512,323,false],"2048x2048":["https:\/\/areafilm.si\/wordpress\/wp-content\/uploads\/2014\/10\/policijska_marica.jpg",512,323,false],"covernews-featured":["https:\/\/areafilm.si\/wordpress\/wp-content\/uploads\/2014\/10\/policijska_marica.jpg",512,323,false],"covernews-medium":["https:\/\/areafilm.si\/wordpress\/wp-content\/uploads\/2014\/10\/policijska_marica.jpg",512,323,false],"woocommerce_thumbnail":["https:\/\/areafilm.si\/wordpress\/wp-content\/uploads\/2014\/10\/policijska_marica-300x300.jpg",300,300,true],"woocommerce_single":["https:\/\/areafilm.si\/wordpress\/wp-content\/uploads\/2014\/10\/policijska_marica.jpg",512,323,false],"woocommerce_gallery_thumbnail":["https:\/\/areafilm.si\/wordpress\/wp-content\/uploads\/2014\/10\/policijska_marica-100x100.jpg",100,100,true]},"author_info":{"info":["Uredni\u0161tvo Primorski Utrip"]},"category_info":"<a href=\"https:\/\/areafilm.si\/wordpress\/category\/kronika\/\" rel=\"category tag\">Kronika<\/a>","tag_info":"Kronika","comment_count":"0","_links":{"self":[{"href":"https:\/\/areafilm.si\/wordpress\/wp-json\/wp\/v2\/posts\/2825","targetHints":{"allow":["GET"]}}],"collection":[{"href":"https:\/\/areafilm.si\/wordpress\/wp-json\/wp\/v2\/posts"}],"about":[{"href":"https:\/\/areafilm.si\/wordpress\/wp-json\/wp\/v2\/types\/post"}],"author":[{"embeddable":true,"href":"https:\/\/areafilm.si\/wordpress\/wp-json\/wp\/v2\/users\/4"}],"replies":[{"embeddable":true,"href":"https:\/\/areafilm.si\/wordpress\/wp-json\/wp\/v2\/comments?post=2825"}],"version-history":[{"count":2,"href":"https:\/\/areafilm.si\/wordpress\/wp-json\/wp\/v2\/posts\/2825\/revisions"}],"predecessor-version":[{"id":2827,"href":"https:\/\/areafilm.si\/wordpress\/wp-json\/wp\/v2\/posts\/2825\/revisions\/2827"}],"wp:featuredmedia":[{"embeddable":true,"href":"https:\/\/areafilm.si\/wordpress\/wp-json\/wp\/v2\/media\/650"}],"wp:attachment":[{"href":"https:\/\/areafilm.si\/wordpress\/wp-json\/wp\/v2\/media?parent=2825"}],"wp:term":[{"taxonomy":"category","embeddable":true,"href":"https:\/\/areafilm.si\/wordpress\/wp-json\/wp\/v2\/categories?post=2825"},{"taxonomy":"post_tag","embeddable":true,"href":"https:\/\/areafilm.si\/wordpress\/wp-json\/wp\/v2\/tags?post=2825"}],"curies":[{"name":"wp","href":"https:\/\/api.w.org\/{rel}","templated":true}]}}