{"id":2912,"date":"2016-02-25T12:09:46","date_gmt":"2016-02-25T11:09:46","guid":{"rendered":"http:\/\/slo5.net\/wordpress\/?p=2912"},"modified":"2016-03-04T14:35:01","modified_gmt":"2016-03-04T13:35:01","slug":"os-idrija-potovanje-neke-plastenke","status":"publish","type":"post","link":"https:\/\/areafilm.si\/wordpress\/os-idrija-potovanje-neke-plastenke\/","title":{"rendered":"O\u0160 Idrija &#8211; Potovanje neke plastenke"},"content":{"rendered":"<p>Konec avgusta me je v \u0161olskem predalu \u010dakalo veliko presene\u010denje. Pismo za u\u010diteljico Renato. \u017dig po\u0161te v Padovi je nakazoval, da je po vsej verjetnosti nek u\u010denec 3. razreda pre\u017eivljal po\u010ditnice v Italiji in mi poslal pozdrave.\u00a0V kuverti je bil prilo\u017een ozek rumen kos tr\u0161ega papirja s popisano naslednjo vsebino: Dragi najditelj! Smo u\u010denci <strong>3. b Osnovne \u0161ole Idrija<\/strong>. Zanima nas kdo in kje bo na\u0161el na\u0161o plastenko s pismom. Zavedamo se, da smo s to po\u0161to onesna\u017eili okolje. \u010ce bere\u0161 to pismo \u017eelimo, da nam odpi\u0161e\u0161. Mi ti \u017eelimo veliko sre\u010de in zdravja v letu 2014. Na drugi strani papirja je bil pripisan naslov \u0161ole in podpisi vseh 26 u\u010dencev z u\u010diteljico.<\/p>\n<p>Najditelj na\u0161e po\u0161te<strong> g. Roberto Pigo<\/strong>\u00a0nam je prijazno odgovoril v italijan\u0161\u010dini. Gospod Pigo je ribi\u010d in je na reki So\u010di \u017ee ve\u010dkrat lovil ribe. <strong>24. marca 2015<\/strong> pa je ob reki v kraju Gradi\u0161ka opazil nenavadno plastenko. Ko jo je odprl in iz nje vzel rumen list papirja napisan v sloven\u0161\u010dini, je bil zelo presene\u010den. Vsebino zapisa je dal prevesti v sloven\u0161\u010dino nam pa je odgovoril in pismo vrnil.<\/p>\n<p><a href=\"http:\/\/slo5.net\/wordpress\/wp-content\/uploads\/2016\/02\/idrija001.jpg\" rel=\"attachment wp-att-2913\"><img loading=\"lazy\" decoding=\"async\" class=\"alignnone size-full wp-image-2913\" src=\"http:\/\/slo5.net\/wordpress\/wp-content\/uploads\/2016\/02\/idrija001.jpg\" alt=\"idrija001\" width=\"423\" height=\"710\" \/><\/a><br \/>\nObiskala sem takratne u\u010dence 3. B, danes \u017ee peto\u0161olce. Po dveh letih so se spominjali kako se je zgodba pravzaprav za\u010dela. Iz same radovednosti kje vse bi lahko plastenka potovala jo je u\u010denec Alja\u017e vrgel z mostu pred \u0161olo, v reko Idrijco. Takrat nismo imeli najmanj\u0161ega upanja, da se nam bo sporo\u010dilo tudi vrnilo. V decembru 2013 je imela Idrijca nizek vodostaj. Pol litrska plastenka bi se lahko zapletla v vejevje ob bregu ali ostala pred kako pregrado jezu hidroelektrarn na So\u010di. Pa se to ni zgodilo. O\u010ditno ji je bil namenjen povratek k piscem sporo\u010dila.<\/p>\n<p><a href=\"http:\/\/slo5.net\/wordpress\/wp-content\/uploads\/2016\/02\/idrija002.jpg\" rel=\"attachment wp-att-2914\"><img loading=\"lazy\" decoding=\"async\" class=\"alignnone size-full wp-image-2914\" src=\"http:\/\/slo5.net\/wordpress\/wp-content\/uploads\/2016\/02\/idrija002.jpg\" alt=\"idrija002\" width=\"661\" height=\"496\" srcset=\"https:\/\/areafilm.si\/wordpress\/wp-content\/uploads\/2016\/02\/idrija002.jpg 661w, https:\/\/areafilm.si\/wordpress\/wp-content\/uploads\/2016\/02\/idrija002-600x450.jpg 600w\" sizes=\"auto, (max-width: 661px) 100vw, 661px\" \/><\/a><\/p>\n<p>Ribi\u010du Robertu smo se za najdbo pisma in poslano po\u0161to prijazno zahvalili. V vo\u0161\u010dilu smo mu za\u017eeleli zdravja ter sre\u010de pri ribarjenju na So\u010di ali Idrijci v letu 2016.<\/p>\n<p><strong>Peto\u0161olka Naja Kacin je zapisala:<\/strong><br \/>\nDogodiv\u0161\u010dine plastenke<br \/>\nSpomnim se, ko smo napisali pismo in ga dali v plastenko. Potem ga je moj so\u0161olec Alja\u017e vrgel z mostu v reko Idrijco. Najprej smo mislili, da se bo kje ustavilo. \u010cakali smo dve leti. Kar na enkrat pa je pri\u0161lo nazaj. Pismo je potovalo prav do Italije \u010dez mejo. Bila sem sre\u010dna, da se je vrnilo.<\/p>\n<p><strong>Lana \u0160uligoj:<\/strong><br \/>\nZelo sem vesela, ker nam je gospod iz Italije odpisal. Plastenko s sporo\u010dilom je so\u0161olec Alja\u017e odvrgel v na\u0161o reko. Odpisal nam je v italijan\u0161\u010dini, ker ne zna slovensko.<\/p>\n<p><strong>Urban Rus:<\/strong><br \/>\nHvala, ker ste nam odpisali. Res sem vesel in se vam iskreno zahvaljujem.<\/p>\n<p><strong>Darijan \u010celik:<\/strong><br \/>\nDragi gospod.<br \/>\nNa\u0161li ste plastenko, ki jo je na\u0161 takratni 3. razred nekaj dni pred Bo\u017ei\u010dem vrgel v reko Idrijco. \u010cudno je, da je premagala vse ovire na poti, tudi jezove elektrarn. Preplavala je vso dolgo pot po reki Idrijci in ve\u010d kot polovico So\u010de. To je skoraj 200km. V 4. razredu nismo ve\u010d razmi\u0161ljali o njeni poti. Niti pribli\u017eno nismo mislili, da bo po dveh letih pripotovala v sosednjo Italijo. \u010cas pa je mineval. \u010ce je ne bi vi na\u0161li, bi morda pripotovala v Jadransko morje. Morda bi jo na\u0161el kak Hrva\u0161ki ali Italijanski ribi\u010d. Morda pa nobeden, ker bi ostala kje ujeta. Hvala, da ste nam vsebino pisma vrnili.<\/p>\n<p>Tekst in foto: Renata Hvala, O\u0160 Idrija<\/p>\n","protected":false},"excerpt":{"rendered":"<p>Konec avgusta me je v \u0161olskem predalu \u010dakalo veliko presene\u010denje. Pismo za u\u010diteljico Renato. \u017dig&#8230;<\/p>\n","protected":false},"author":4,"featured_media":2914,"comment_status":"open","ping_status":"closed","sticky":false,"template":"","format":"standard","meta":{"footnotes":""},"categories":[26],"tags":[],"class_list":["post-2912","post","type-post","status-publish","format-standard","has-post-thumbnail","hentry","category-goriska"],"featured_image_urls":{"full":["https:\/\/areafilm.si\/wordpress\/wp-content\/uploads\/2016\/02\/idrija002.jpg",661,496,false],"thumbnail":["https:\/\/areafilm.si\/wordpress\/wp-content\/uploads\/2016\/02\/idrija002-500x280.jpg",500,280,true],"medium":["https:\/\/areafilm.si\/wordpress\/wp-content\/uploads\/2016\/02\/idrija002-600x365.jpg",600,365,true],"medium_large":["https:\/\/areafilm.si\/wordpress\/wp-content\/uploads\/2016\/02\/idrija002.jpg",640,480,false],"large":["https:\/\/areafilm.si\/wordpress\/wp-content\/uploads\/2016\/02\/idrija002-661x480.jpg",640,465,true],"1536x1536":["https:\/\/areafilm.si\/wordpress\/wp-content\/uploads\/2016\/02\/idrija002.jpg",661,496,false],"2048x2048":["https:\/\/areafilm.si\/wordpress\/wp-content\/uploads\/2016\/02\/idrija002.jpg",661,496,false],"covernews-featured":["https:\/\/areafilm.si\/wordpress\/wp-content\/uploads\/2016\/02\/idrija002.jpg",661,496,false],"covernews-medium":["https:\/\/areafilm.si\/wordpress\/wp-content\/uploads\/2016\/02\/idrija002.jpg",453,340,false],"woocommerce_thumbnail":["https:\/\/areafilm.si\/wordpress\/wp-content\/uploads\/2016\/02\/idrija002-300x300.jpg",300,300,true],"woocommerce_single":["https:\/\/areafilm.si\/wordpress\/wp-content\/uploads\/2016\/02\/idrija002-600x450.jpg",600,450,true],"woocommerce_gallery_thumbnail":["https:\/\/areafilm.si\/wordpress\/wp-content\/uploads\/2016\/02\/idrija002-100x100.jpg",100,100,true]},"author_info":{"info":["Uredni\u0161tvo Primorski Utrip"]},"category_info":"<a href=\"https:\/\/areafilm.si\/wordpress\/category\/goriska\/\" rel=\"category tag\">Gori\u0161ka<\/a>","tag_info":"Gori\u0161ka","comment_count":"0","_links":{"self":[{"href":"https:\/\/areafilm.si\/wordpress\/wp-json\/wp\/v2\/posts\/2912","targetHints":{"allow":["GET"]}}],"collection":[{"href":"https:\/\/areafilm.si\/wordpress\/wp-json\/wp\/v2\/posts"}],"about":[{"href":"https:\/\/areafilm.si\/wordpress\/wp-json\/wp\/v2\/types\/post"}],"author":[{"embeddable":true,"href":"https:\/\/areafilm.si\/wordpress\/wp-json\/wp\/v2\/users\/4"}],"replies":[{"embeddable":true,"href":"https:\/\/areafilm.si\/wordpress\/wp-json\/wp\/v2\/comments?post=2912"}],"version-history":[{"count":4,"href":"https:\/\/areafilm.si\/wordpress\/wp-json\/wp\/v2\/posts\/2912\/revisions"}],"predecessor-version":[{"id":2916,"href":"https:\/\/areafilm.si\/wordpress\/wp-json\/wp\/v2\/posts\/2912\/revisions\/2916"}],"wp:featuredmedia":[{"embeddable":true,"href":"https:\/\/areafilm.si\/wordpress\/wp-json\/wp\/v2\/media\/2914"}],"wp:attachment":[{"href":"https:\/\/areafilm.si\/wordpress\/wp-json\/wp\/v2\/media?parent=2912"}],"wp:term":[{"taxonomy":"category","embeddable":true,"href":"https:\/\/areafilm.si\/wordpress\/wp-json\/wp\/v2\/categories?post=2912"},{"taxonomy":"post_tag","embeddable":true,"href":"https:\/\/areafilm.si\/wordpress\/wp-json\/wp\/v2\/tags?post=2912"}],"curies":[{"name":"wp","href":"https:\/\/api.w.org\/{rel}","templated":true}]}}