{"id":2986,"date":"2016-03-04T10:03:28","date_gmt":"2016-03-04T09:03:28","guid":{"rendered":"http:\/\/slo5.net\/wordpress\/?p=2986"},"modified":"2016-03-04T10:03:44","modified_gmt":"2016-03-04T09:03:44","slug":"2986","status":"publish","type":"post","link":"https:\/\/areafilm.si\/wordpress\/2986\/","title":{"rendered":"Ob\u010dinski svetniki sprejeli prora\u010dun Ob\u010dine Izola"},"content":{"rendered":"<p><strong>Na v\u010deraj\u0161nji izredni seji so izolski ob\u010dinski svetniki potrdili prora\u010dun Ob\u010dine Izola za leto 2016. Ta predvideva 20,5 milijonov evrov prihodkov in 20,6 milijona evrov odhodkov.<\/strong> <strong>Ob\u010dina Izola se lahko v letu 2016 dolgoro\u010dno zadol\u017ei za izvedbo investicij do vi\u0161ine 1.1 milijona evrov in za upravljanje z dolgom do vi\u0161ine 4 milijone evrov.<\/strong><\/p>\n<p>Ena ve\u010djih nalo\u017eb v leto\u0161njem letu na obmo\u010dju nove vpadnice v Izolo \u2013 vklju\u010dno s kro\u017ei\u0161\u010dem za izvoz iz hitre ceste, vpadnico v Izolo in kro\u017ei\u0161\u010dem pri Komunali je zaklju\u010dena, saj je Ob\u010dina v\u010deraj pridobila uporabno dovoljenje, danes bo spro\u0161\u010den tudi promet. Poleg tega bo Ob\u010dina <strong>uskladila prostorske akte <\/strong>z namenom omogo\u010diti vzpostavitev dodatnih poslovno-proizvodnih kapacitet <strong>za dve poslovni coni<\/strong>: Kajuhova-Morer in PUP Oprema, ter s tem omogo\u010dila nadaljnji razvoj lokalnega gospodarstva. V teku so tudi pogovori z lastniki nepremi\u010dnin na obmo\u010dju prostorskega akta <strong>ZN Polimer<\/strong> s ciljem, da bi skupaj poiskali re\u0161itve za obmo\u010dje, na katerem je \u0161e nekaj neizkori\u0161\u010denih kapacitet. \u017delja Ob\u010dine je namre\u010d, da omogo\u010dimo nadaljnjo rast obstoje\u010dih podjetnikov in vzpostavimo mo\u017enosti za odpiranje novih delovnih mest v Izoli. Na\u010drtovana je tudi izgradnja <strong>Centra starej\u0161ih ob\u010danov z oskrbovanimi stanovanji<\/strong>. Prav tako bomo skladno s prednostno listo <strong>ob\u010danom oddali \u0161e kak\u0161no neprofitno stanovanje<\/strong>.<\/p>\n<p>Zagnan bo \u0161e projekt <strong>urbanih vrtov, <\/strong>s katerim bomo ob\u010danom dali mo\u017enost za lastno pridelavo sadja in zelenjave. V letu 2016 bomo za zeleno Izolo poskrbeli tudi z <strong>ve\u010djo zasaditvijo dreves<\/strong>. Prvi premik k ureditvi obalne ceste pa bo <strong>zaprtje za promet obmo\u010dja ob avtokampu Jadranka<\/strong>. Na podlagi sprejetega Odloka o koncesiji za prenovo in urejanje javne razsvetljave bo urejena tudi <strong>javna razsvetljava, ki bo var\u010dnej\u0161a in kvalitetnej\u0161a ter skladna z veljavno zakonodajo.<\/strong><\/p>\n<p>Svetniki so poleg prora\u010duna in na\u010drta razvojnih programov potrdili letna na\u010drta razpolaganja in pridobivanja nepremi\u010dnega premo\u017eenja in se seznanili s kadrovskim na\u010drtom ob\u010dine<\/p>\n","protected":false},"excerpt":{"rendered":"<p>Na v\u010deraj\u0161nji izredni seji so izolski ob\u010dinski svetniki potrdili prora\u010dun Ob\u010dine Izola za leto 2016&#8230;.<\/p>\n","protected":false},"author":4,"featured_media":2987,"comment_status":"open","ping_status":"closed","sticky":false,"template":"","format":"standard","meta":{"footnotes":""},"categories":[24],"tags":[],"class_list":["post-2986","post","type-post","status-publish","format-standard","has-post-thumbnail","hentry","category-obala"],"featured_image_urls":{"full":["https:\/\/areafilm.si\/wordpress\/wp-content\/uploads\/2016\/03\/DSC_1493_mz.jpg",1024,678,false],"thumbnail":["https:\/\/areafilm.si\/wordpress\/wp-content\/uploads\/2016\/03\/DSC_1493_mz-500x280.jpg",500,280,true],"medium":["https:\/\/areafilm.si\/wordpress\/wp-content\/uploads\/2016\/03\/DSC_1493_mz-600x365.jpg",600,365,true],"medium_large":["https:\/\/areafilm.si\/wordpress\/wp-content\/uploads\/2016\/03\/DSC_1493_mz-768x509.jpg",640,424,true],"large":["https:\/\/areafilm.si\/wordpress\/wp-content\/uploads\/2016\/03\/DSC_1493_mz-840x480.jpg",640,366,true],"1536x1536":["https:\/\/areafilm.si\/wordpress\/wp-content\/uploads\/2016\/03\/DSC_1493_mz.jpg",1024,678,false],"2048x2048":["https:\/\/areafilm.si\/wordpress\/wp-content\/uploads\/2016\/03\/DSC_1493_mz.jpg",1024,678,false],"covernews-featured":["https:\/\/areafilm.si\/wordpress\/wp-content\/uploads\/2016\/03\/DSC_1493_mz.jpg",1024,678,false],"covernews-medium":["https:\/\/areafilm.si\/wordpress\/wp-content\/uploads\/2016\/03\/DSC_1493_mz.jpg",514,340,false],"woocommerce_thumbnail":["https:\/\/areafilm.si\/wordpress\/wp-content\/uploads\/2016\/03\/DSC_1493_mz-300x300.jpg",300,300,true],"woocommerce_single":["https:\/\/areafilm.si\/wordpress\/wp-content\/uploads\/2016\/03\/DSC_1493_mz-600x397.jpg",600,397,true],"woocommerce_gallery_thumbnail":["https:\/\/areafilm.si\/wordpress\/wp-content\/uploads\/2016\/03\/DSC_1493_mz-100x100.jpg",100,100,true]},"author_info":{"info":["Uredni\u0161tvo Primorski Utrip"]},"category_info":"<a href=\"https:\/\/areafilm.si\/wordpress\/category\/obala\/\" rel=\"category tag\">Obala<\/a>","tag_info":"Obala","comment_count":"0","_links":{"self":[{"href":"https:\/\/areafilm.si\/wordpress\/wp-json\/wp\/v2\/posts\/2986","targetHints":{"allow":["GET"]}}],"collection":[{"href":"https:\/\/areafilm.si\/wordpress\/wp-json\/wp\/v2\/posts"}],"about":[{"href":"https:\/\/areafilm.si\/wordpress\/wp-json\/wp\/v2\/types\/post"}],"author":[{"embeddable":true,"href":"https:\/\/areafilm.si\/wordpress\/wp-json\/wp\/v2\/users\/4"}],"replies":[{"embeddable":true,"href":"https:\/\/areafilm.si\/wordpress\/wp-json\/wp\/v2\/comments?post=2986"}],"version-history":[{"count":3,"href":"https:\/\/areafilm.si\/wordpress\/wp-json\/wp\/v2\/posts\/2986\/revisions"}],"predecessor-version":[{"id":2991,"href":"https:\/\/areafilm.si\/wordpress\/wp-json\/wp\/v2\/posts\/2986\/revisions\/2991"}],"wp:featuredmedia":[{"embeddable":true,"href":"https:\/\/areafilm.si\/wordpress\/wp-json\/wp\/v2\/media\/2987"}],"wp:attachment":[{"href":"https:\/\/areafilm.si\/wordpress\/wp-json\/wp\/v2\/media?parent=2986"}],"wp:term":[{"taxonomy":"category","embeddable":true,"href":"https:\/\/areafilm.si\/wordpress\/wp-json\/wp\/v2\/categories?post=2986"},{"taxonomy":"post_tag","embeddable":true,"href":"https:\/\/areafilm.si\/wordpress\/wp-json\/wp\/v2\/tags?post=2986"}],"curies":[{"name":"wp","href":"https:\/\/api.w.org\/{rel}","templated":true}]}}