{"id":2996,"date":"2016-03-04T14:31:34","date_gmt":"2016-03-04T13:31:34","guid":{"rendered":"http:\/\/slo5.net\/wordpress\/?p=2996"},"modified":"2016-03-07T09:06:37","modified_gmt":"2016-03-07T08:06:37","slug":"sproscen-promet-na-novi-izolski-vpadnici","status":"publish","type":"post","link":"https:\/\/areafilm.si\/wordpress\/sproscen-promet-na-novi-izolski-vpadnici\/","title":{"rendered":"Spro\u0161\u010den promet na novi izolski vpadnici"},"content":{"rendered":"<p>V Izoli so danes, 4. marca simboli\u010dno odprli novo kro\u017ei\u0161\u010de pri Komunali Izola. Kot je poudaril\u00a0izolski \u017eupan mag. Igor Kolenc, je bilo po skoraj polletni zamudi v za\u010detku februarja dokon\u010dano kro\u017ei\u0161\u010de pri komunali po prvotnih na\u010drtih, kar pomeni, da je bila izvedba v vseh pogledih enaka kot je bilo primarno na\u010drtovano in opredeljeno v javnem naro\u010dilu za izvedbo del. Prav tako se je ob tej prilo\u017enosti zahvalil vsem, ki so aktivno pripomogli k uresni\u010ditvi projekta, ki pomeni nov zagon za gospodarski razvoj na tem obmo\u010dju in dodano vrednost za Izolo.<\/p>\n<p><img loading=\"lazy\" decoding=\"async\" class=\"alignnone size-large wp-image-2999\" src=\"http:\/\/slo5.net\/wordpress\/wp-content\/uploads\/2016\/03\/izola03-1024x683.jpg\" alt=\"izola03\" width=\"640\" height=\"427\" \/><\/p>\n<p><a href=\"http:\/\/slo5.net\/wordpress\/wp-content\/uploads\/2016\/03\/izola06.jpg\" rel=\"attachment wp-att-3002\"><img loading=\"lazy\" decoding=\"async\" class=\"alignnone size-large wp-image-3002\" src=\"http:\/\/slo5.net\/wordpress\/wp-content\/uploads\/2016\/03\/izola06-1024x683.jpg\" alt=\"izola06\" width=\"640\" height=\"427\" \/><\/a><\/p>\n<p><a href=\"http:\/\/slo5.net\/wordpress\/wp-content\/uploads\/2016\/03\/izola02.jpg\" rel=\"attachment wp-att-2998\"><img loading=\"lazy\" decoding=\"async\" class=\"alignnone size-large wp-image-2998\" src=\"http:\/\/slo5.net\/wordpress\/wp-content\/uploads\/2016\/03\/izola02-1024x683.jpg\" alt=\"izola02\" width=\"640\" height=\"427\" \/><\/a><\/p>\n<p><a href=\"http:\/\/slo5.net\/wordpress\/wp-content\/uploads\/2016\/03\/izola01.jpg\" rel=\"attachment wp-att-2997\"><img loading=\"lazy\" decoding=\"async\" class=\"alignnone size-large wp-image-2997\" src=\"http:\/\/slo5.net\/wordpress\/wp-content\/uploads\/2016\/03\/izola01-1024x683.jpg\" alt=\"izola01\" width=\"640\" height=\"427\" \/><\/a><\/p>\n<p><a href=\"http:\/\/slo5.net\/wordpress\/wp-content\/uploads\/2016\/03\/izola04.jpg\" rel=\"attachment wp-att-3000\"><img loading=\"lazy\" decoding=\"async\" class=\"alignnone size-large wp-image-3000\" src=\"http:\/\/slo5.net\/wordpress\/wp-content\/uploads\/2016\/03\/izola04-1024x683.jpg\" alt=\"izola04\" width=\"640\" height=\"427\" \/><\/a><\/p>\n","protected":false},"excerpt":{"rendered":"<p>V Izoli so danes, 4. marca simboli\u010dno odprli novo kro\u017ei\u0161\u010de pri Komunali Izola. Kot je&#8230;<\/p>\n","protected":false},"author":4,"featured_media":3005,"comment_status":"open","ping_status":"closed","sticky":false,"template":"","format":"standard","meta":{"footnotes":""},"categories":[24],"tags":[],"class_list":["post-2996","post","type-post","status-publish","format-standard","has-post-thumbnail","hentry","category-obala"],"featured_image_urls":{"full":["https:\/\/areafilm.si\/wordpress\/wp-content\/uploads\/2016\/03\/izola00.jpg",1191,667,false],"thumbnail":["https:\/\/areafilm.si\/wordpress\/wp-content\/uploads\/2016\/03\/izola00-500x280.jpg",500,280,true],"medium":["https:\/\/areafilm.si\/wordpress\/wp-content\/uploads\/2016\/03\/izola00-600x365.jpg",600,365,true],"medium_large":["https:\/\/areafilm.si\/wordpress\/wp-content\/uploads\/2016\/03\/izola00-768x430.jpg",640,358,true],"large":["https:\/\/areafilm.si\/wordpress\/wp-content\/uploads\/2016\/03\/izola00-840x480.jpg",640,366,true],"1536x1536":["https:\/\/areafilm.si\/wordpress\/wp-content\/uploads\/2016\/03\/izola00.jpg",1191,667,false],"2048x2048":["https:\/\/areafilm.si\/wordpress\/wp-content\/uploads\/2016\/03\/izola00.jpg",1191,667,false],"covernews-featured":["https:\/\/areafilm.si\/wordpress\/wp-content\/uploads\/2016\/03\/izola00.jpg",1024,573,false],"covernews-medium":["https:\/\/areafilm.si\/wordpress\/wp-content\/uploads\/2016\/03\/izola00.jpg",540,302,false],"woocommerce_thumbnail":["https:\/\/areafilm.si\/wordpress\/wp-content\/uploads\/2016\/03\/izola00-300x300.jpg",300,300,true],"woocommerce_single":["https:\/\/areafilm.si\/wordpress\/wp-content\/uploads\/2016\/03\/izola00-600x336.jpg",600,336,true],"woocommerce_gallery_thumbnail":["https:\/\/areafilm.si\/wordpress\/wp-content\/uploads\/2016\/03\/izola00-100x100.jpg",100,100,true]},"author_info":{"info":["Uredni\u0161tvo Primorski Utrip"]},"category_info":"<a href=\"https:\/\/areafilm.si\/wordpress\/category\/obala\/\" rel=\"category tag\">Obala<\/a>","tag_info":"Obala","comment_count":"0","_links":{"self":[{"href":"https:\/\/areafilm.si\/wordpress\/wp-json\/wp\/v2\/posts\/2996","targetHints":{"allow":["GET"]}}],"collection":[{"href":"https:\/\/areafilm.si\/wordpress\/wp-json\/wp\/v2\/posts"}],"about":[{"href":"https:\/\/areafilm.si\/wordpress\/wp-json\/wp\/v2\/types\/post"}],"author":[{"embeddable":true,"href":"https:\/\/areafilm.si\/wordpress\/wp-json\/wp\/v2\/users\/4"}],"replies":[{"embeddable":true,"href":"https:\/\/areafilm.si\/wordpress\/wp-json\/wp\/v2\/comments?post=2996"}],"version-history":[{"count":5,"href":"https:\/\/areafilm.si\/wordpress\/wp-json\/wp\/v2\/posts\/2996\/revisions"}],"predecessor-version":[{"id":3004,"href":"https:\/\/areafilm.si\/wordpress\/wp-json\/wp\/v2\/posts\/2996\/revisions\/3004"}],"wp:featuredmedia":[{"embeddable":true,"href":"https:\/\/areafilm.si\/wordpress\/wp-json\/wp\/v2\/media\/3005"}],"wp:attachment":[{"href":"https:\/\/areafilm.si\/wordpress\/wp-json\/wp\/v2\/media?parent=2996"}],"wp:term":[{"taxonomy":"category","embeddable":true,"href":"https:\/\/areafilm.si\/wordpress\/wp-json\/wp\/v2\/categories?post=2996"},{"taxonomy":"post_tag","embeddable":true,"href":"https:\/\/areafilm.si\/wordpress\/wp-json\/wp\/v2\/tags?post=2996"}],"curies":[{"name":"wp","href":"https:\/\/api.w.org\/{rel}","templated":true}]}}