{"id":3118,"date":"2016-03-24T14:23:27","date_gmt":"2016-03-24T13:23:27","guid":{"rendered":"http:\/\/slo5.net\/wordpress\/?p=3118"},"modified":"2016-03-24T14:23:27","modified_gmt":"2016-03-24T13:23:27","slug":"piranska-knjiznica-obelezila-60-obletnico","status":"publish","type":"post","link":"https:\/\/areafilm.si\/wordpress\/piranska-knjiznica-obelezila-60-obletnico\/","title":{"rendered":"Piranska knji\u017enica obele\u017eila 60. obletnico"},"content":{"rendered":"<p>Za\u010detki Mestne knji\u017enice segajo v <strong>17. stoletje<\/strong>, ko je delovala kot javna knji\u017enica, z uradnim delovanjem pa je pod imenom <strong>Ljudska knji\u017enica<\/strong> za\u010dela leta <strong>1956<\/strong>. Zadnjih 60 let delovanja so se na v\u010deraj\u0161nji prireditvi spominjali ob fotografijah.\u00a0Ob \u010dastitljivem jubileju je svoje \u010destitke zaposlenim izrekel tudi \u017eupan Ob\u010dine Piran <strong>Peter Bossman<\/strong>:<em> \u00bb\u010ceprav smo vstopili v \u010das, ko knjige niso ve\u010d le sve\u017enji mamljivo di\u0161e\u010dega papirja, do zanimivih vsebin pa pogosto dostopamo s klikom mi\u0161ke, to nikakor ne pomeni, da knjiga izgublja svoj smisel. Knjiga je znanje, je kultura, zabava in sprostitev. Je na\u0161a zaveznica in prijateljica, ki nas v\u010dasih pohvali, v\u010dasih svar\u00ed, vedno pa pametno vodi skozi \u017eivljenje.\u00ab<\/em><\/p>\n<p><a href=\"http:\/\/slo5.net\/wordpress\/wp-content\/uploads\/2016\/03\/piranknj2.jpg\" rel=\"attachment wp-att-3120\"><img loading=\"lazy\" decoding=\"async\" class=\"alignnone size-large wp-image-3120\" src=\"http:\/\/slo5.net\/wordpress\/wp-content\/uploads\/2016\/03\/piranknj2-1024x768.jpg\" alt=\"piranknj2\" width=\"640\" height=\"480\" \/><\/a><\/p>\n<p>Skozi bogato zgodovino sta navzo\u010de ob projekciji fotografij popeljali nekdanja ravnateljica<strong> Marjana Lenassi<\/strong> in zdaj\u0161nja direktorica <strong>Oriana Ko\u0161uta Krmac<\/strong>. Slednja se ni ozirala le na preteklost, temve\u010d je pogled usmerila tudi v prihodnost knji\u017enice:<em> \u00bbJubilejno leto \u017eelimo izkoristiti tudi za promocijo vsebin, ki izra\u017eajo prihodnost.\u00ab<\/em> Predstavila je publikacijo S pogledom v prihodnost, v kateri so zbrani prispevki \u010dlanov kolektiva Mestne knji\u017enice Piran o elektronskih virih, s katerimi razpolaga knji\u017enica.<\/p>\n<p><a href=\"http:\/\/slo5.net\/wordpress\/wp-content\/uploads\/2016\/03\/piranknj1.jpg\" rel=\"attachment wp-att-3119\"><img loading=\"lazy\" decoding=\"async\" class=\"alignnone size-large wp-image-3119\" src=\"http:\/\/slo5.net\/wordpress\/wp-content\/uploads\/2016\/03\/piranknj1-1024x768.jpg\" alt=\"piranknj1\" width=\"640\" height=\"480\" \/><\/a><\/p>\n<p>www.piran.si<\/p>\n","protected":false},"excerpt":{"rendered":"<p>Za\u010detki Mestne knji\u017enice segajo v 17. stoletje, ko je delovala kot javna knji\u017enica, z uradnim&#8230;<\/p>\n","protected":false},"author":4,"featured_media":3121,"comment_status":"open","ping_status":"closed","sticky":false,"template":"","format":"standard","meta":{"footnotes":""},"categories":[24],"tags":[],"class_list":["post-3118","post","type-post","status-publish","format-standard","has-post-thumbnail","hentry","category-obala"],"featured_image_urls":{"full":["https:\/\/areafilm.si\/wordpress\/wp-content\/uploads\/2016\/03\/piranknj3.jpg",1200,900,false],"thumbnail":["https:\/\/areafilm.si\/wordpress\/wp-content\/uploads\/2016\/03\/piranknj3-500x280.jpg",500,280,true],"medium":["https:\/\/areafilm.si\/wordpress\/wp-content\/uploads\/2016\/03\/piranknj3-600x365.jpg",600,365,true],"medium_large":["https:\/\/areafilm.si\/wordpress\/wp-content\/uploads\/2016\/03\/piranknj3-768x576.jpg",640,480,true],"large":["https:\/\/areafilm.si\/wordpress\/wp-content\/uploads\/2016\/03\/piranknj3-840x480.jpg",640,366,true],"1536x1536":["https:\/\/areafilm.si\/wordpress\/wp-content\/uploads\/2016\/03\/piranknj3.jpg",1200,900,false],"2048x2048":["https:\/\/areafilm.si\/wordpress\/wp-content\/uploads\/2016\/03\/piranknj3.jpg",1200,900,false],"covernews-featured":["https:\/\/areafilm.si\/wordpress\/wp-content\/uploads\/2016\/03\/piranknj3.jpg",1024,768,false],"covernews-medium":["https:\/\/areafilm.si\/wordpress\/wp-content\/uploads\/2016\/03\/piranknj3.jpg",453,340,false],"woocommerce_thumbnail":["https:\/\/areafilm.si\/wordpress\/wp-content\/uploads\/2016\/03\/piranknj3-300x300.jpg",300,300,true],"woocommerce_single":["https:\/\/areafilm.si\/wordpress\/wp-content\/uploads\/2016\/03\/piranknj3-600x450.jpg",600,450,true],"woocommerce_gallery_thumbnail":["https:\/\/areafilm.si\/wordpress\/wp-content\/uploads\/2016\/03\/piranknj3-100x100.jpg",100,100,true]},"author_info":{"info":["Uredni\u0161tvo Primorski Utrip"]},"category_info":"<a href=\"https:\/\/areafilm.si\/wordpress\/category\/obala\/\" rel=\"category tag\">Obala<\/a>","tag_info":"Obala","comment_count":"0","_links":{"self":[{"href":"https:\/\/areafilm.si\/wordpress\/wp-json\/wp\/v2\/posts\/3118","targetHints":{"allow":["GET"]}}],"collection":[{"href":"https:\/\/areafilm.si\/wordpress\/wp-json\/wp\/v2\/posts"}],"about":[{"href":"https:\/\/areafilm.si\/wordpress\/wp-json\/wp\/v2\/types\/post"}],"author":[{"embeddable":true,"href":"https:\/\/areafilm.si\/wordpress\/wp-json\/wp\/v2\/users\/4"}],"replies":[{"embeddable":true,"href":"https:\/\/areafilm.si\/wordpress\/wp-json\/wp\/v2\/comments?post=3118"}],"version-history":[{"count":2,"href":"https:\/\/areafilm.si\/wordpress\/wp-json\/wp\/v2\/posts\/3118\/revisions"}],"predecessor-version":[{"id":3123,"href":"https:\/\/areafilm.si\/wordpress\/wp-json\/wp\/v2\/posts\/3118\/revisions\/3123"}],"wp:featuredmedia":[{"embeddable":true,"href":"https:\/\/areafilm.si\/wordpress\/wp-json\/wp\/v2\/media\/3121"}],"wp:attachment":[{"href":"https:\/\/areafilm.si\/wordpress\/wp-json\/wp\/v2\/media?parent=3118"}],"wp:term":[{"taxonomy":"category","embeddable":true,"href":"https:\/\/areafilm.si\/wordpress\/wp-json\/wp\/v2\/categories?post=3118"},{"taxonomy":"post_tag","embeddable":true,"href":"https:\/\/areafilm.si\/wordpress\/wp-json\/wp\/v2\/tags?post=3118"}],"curies":[{"name":"wp","href":"https:\/\/api.w.org\/{rel}","templated":true}]}}