{"id":3304,"date":"2016-05-31T08:41:11","date_gmt":"2016-05-31T06:41:11","guid":{"rendered":"http:\/\/slo5.net\/wordpress\/?p=3304"},"modified":"2016-05-31T08:41:11","modified_gmt":"2016-05-31T06:41:11","slug":"padel-z-motorjem","status":"publish","type":"post","link":"https:\/\/areafilm.si\/wordpress\/padel-z-motorjem\/","title":{"rendered":"Padel z motorjem"},"content":{"rendered":"<p class=\"western\" lang=\"en-US\" align=\"justify\"><span style=\"font-size: small\"><span lang=\"sl-SI\">KRONIKA \u2013 V ponedeljek o<\/span><span lang=\"sl-SI\">b 19.39 <\/span><span lang=\"sl-SI\">je pri\u0161lo do<\/span><span lang=\"sl-SI\"> huj\u0161<\/span><span lang=\"sl-SI\">e <\/span><span lang=\"sl-SI\">prometn<\/span><span lang=\"sl-SI\">e<\/span><span lang=\"sl-SI\"> nesre\u010d<\/span><span lang=\"sl-SI\">e<\/span><span lang=\"sl-SI\"> na \u0160marski cesti v Kopru. 42-letni Postojn\u010dan je s 40-letno sopotnico, dr\u017eavljanko Italije, vozil motorno kolo <\/span><span lang=\"sl-SI\">proti Dragonji. Med vo\u017enjo je tr\u010dil v robnik, nato v odbojno ograjo in padel po cesti\u0161\u010du. Voznik se je v nesre\u010di huje po\u0161kodoval (zlom zapestja), njegova sopotnica pa la\u017eje. <\/span><\/span><\/p>\n<p class=\"western\" lang=\"en-US\" align=\"justify\"><span style=\"font-size: small\"><span lang=\"sl-SI\">Ob 21.14 se je zgodila prometna nesre\u010da v Luciji. Voznik osebnega avtomobila iz Parecaga se pri izhodu iz ozna\u010denega parkirnega prostora v Luciji ni prepri\u010dal, da to lahko varno stori za ostale udele\u017eence, zato je z zadnjim levim delom vozila tr\u010dil v stoje\u010de vozilo, ki ga je upravljal voznik s Parecaga. Po trku se je voznik povzro\u010ditelj zaustavil, vendar udele\u017eencu ni nudil podatkov, temve\u010d se je odpeljal s kraja prometne nesre\u010de. Policisti so ga ob 22. uri izsledil in ustavil<\/span><span lang=\"sl-SI\">i<\/span><span lang=\"sl-SI\">. Odredili so mu preizkus alkoholiziranosti, ki je pokazal 0.78 mg\/l. Odvzeto mu je bilo vozni\u0161ko dovoljenje, izdan pla\u010dilni nalog (po 42\/4-1, 110\/5-2 ZPrCP) in obdol\u017eilni predlog (po 105\/5-4 ZprCP).<\/span><\/span><\/p>\n<p class=\"western\" lang=\"en-US\" align=\"justify\"><span style=\"font-size: small\"><span lang=\"sl-SI\">V ponedeljek p<\/span><span lang=\"sl-SI\">opold<\/span><span lang=\"sl-SI\">ne<\/span><span lang=\"sl-SI\"> so koprski policisti obravnavali nasilje v dru\u017eini. Sina, ki je bil fizi\u010dno in psihi\u010dno nasilen do svoje mame, ni bilo na kraju, vendar so ga <\/span><span lang=\"sl-SI\">pozneje<\/span><span lang=\"sl-SI\"> izsledili. Izrekli so mu ukrep prepovedi pribli\u017eevanja, sledi pa mu tudi kazenska ovadba za nasilje v dru\u017eini.<\/span><\/span><\/p>\n","protected":false},"excerpt":{"rendered":"<p>KRONIKA \u2013 V ponedeljek ob 19.39 je pri\u0161lo do huj\u0161e prometne nesre\u010de na \u0160marski cesti&#8230;<\/p>\n","protected":false},"author":4,"featured_media":652,"comment_status":"open","ping_status":"closed","sticky":false,"template":"","format":"standard","meta":{"footnotes":""},"categories":[7],"tags":[],"class_list":["post-3304","post","type-post","status-publish","format-standard","has-post-thumbnail","hentry","category-kronika"],"featured_image_urls":{"full":["https:\/\/areafilm.si\/wordpress\/wp-content\/uploads\/2014\/10\/policijski_avto.jpg",491,269,false],"thumbnail":["https:\/\/areafilm.si\/wordpress\/wp-content\/uploads\/2014\/10\/policijski_avto.jpg",491,269,false],"medium":["https:\/\/areafilm.si\/wordpress\/wp-content\/uploads\/2014\/10\/policijski_avto.jpg",491,269,false],"medium_large":["https:\/\/areafilm.si\/wordpress\/wp-content\/uploads\/2014\/10\/policijski_avto.jpg",491,269,false],"large":["https:\/\/areafilm.si\/wordpress\/wp-content\/uploads\/2014\/10\/policijski_avto.jpg",491,269,false],"1536x1536":["https:\/\/areafilm.si\/wordpress\/wp-content\/uploads\/2014\/10\/policijski_avto.jpg",491,269,false],"2048x2048":["https:\/\/areafilm.si\/wordpress\/wp-content\/uploads\/2014\/10\/policijski_avto.jpg",491,269,false],"covernews-featured":["https:\/\/areafilm.si\/wordpress\/wp-content\/uploads\/2014\/10\/policijski_avto.jpg",491,269,false],"covernews-medium":["https:\/\/areafilm.si\/wordpress\/wp-content\/uploads\/2014\/10\/policijski_avto.jpg",491,269,false],"woocommerce_thumbnail":["https:\/\/areafilm.si\/wordpress\/wp-content\/uploads\/2014\/10\/policijski_avto-300x269.jpg",300,269,true],"woocommerce_single":["https:\/\/areafilm.si\/wordpress\/wp-content\/uploads\/2014\/10\/policijski_avto.jpg",491,269,false],"woocommerce_gallery_thumbnail":["https:\/\/areafilm.si\/wordpress\/wp-content\/uploads\/2014\/10\/policijski_avto-100x100.jpg",100,100,true]},"author_info":{"info":["Uredni\u0161tvo Primorski Utrip"]},"category_info":"<a href=\"https:\/\/areafilm.si\/wordpress\/category\/kronika\/\" rel=\"category tag\">Kronika<\/a>","tag_info":"Kronika","comment_count":"0","_links":{"self":[{"href":"https:\/\/areafilm.si\/wordpress\/wp-json\/wp\/v2\/posts\/3304","targetHints":{"allow":["GET"]}}],"collection":[{"href":"https:\/\/areafilm.si\/wordpress\/wp-json\/wp\/v2\/posts"}],"about":[{"href":"https:\/\/areafilm.si\/wordpress\/wp-json\/wp\/v2\/types\/post"}],"author":[{"embeddable":true,"href":"https:\/\/areafilm.si\/wordpress\/wp-json\/wp\/v2\/users\/4"}],"replies":[{"embeddable":true,"href":"https:\/\/areafilm.si\/wordpress\/wp-json\/wp\/v2\/comments?post=3304"}],"version-history":[{"count":2,"href":"https:\/\/areafilm.si\/wordpress\/wp-json\/wp\/v2\/posts\/3304\/revisions"}],"predecessor-version":[{"id":3306,"href":"https:\/\/areafilm.si\/wordpress\/wp-json\/wp\/v2\/posts\/3304\/revisions\/3306"}],"wp:featuredmedia":[{"embeddable":true,"href":"https:\/\/areafilm.si\/wordpress\/wp-json\/wp\/v2\/media\/652"}],"wp:attachment":[{"href":"https:\/\/areafilm.si\/wordpress\/wp-json\/wp\/v2\/media?parent=3304"}],"wp:term":[{"taxonomy":"category","embeddable":true,"href":"https:\/\/areafilm.si\/wordpress\/wp-json\/wp\/v2\/categories?post=3304"},{"taxonomy":"post_tag","embeddable":true,"href":"https:\/\/areafilm.si\/wordpress\/wp-json\/wp\/v2\/tags?post=3304"}],"curies":[{"name":"wp","href":"https:\/\/api.w.org\/{rel}","templated":true}]}}