{"id":3346,"date":"2016-06-09T20:04:20","date_gmt":"2016-06-09T18:04:20","guid":{"rendered":"http:\/\/slo5.net\/wordpress\/?p=3346"},"modified":"2016-06-17T16:16:05","modified_gmt":"2016-06-17T14:16:05","slug":"17-junija-se-na-titov-trg-vraca-najvecji-koncert-na-obali","status":"publish","type":"post","link":"https:\/\/areafilm.si\/wordpress\/17-junija-se-na-titov-trg-vraca-najvecji-koncert-na-obali\/","title":{"rendered":"17. junija se na Titov trg vra\u010da najve\u010dji koncert na Obali"},"content":{"rendered":"<p>junija se vra\u010da najve\u010dja glasbena zabava na Obali \u2013 Caprisov koncert! Lani smo na razprodanem Titovem trgu prepevali s \u0161tevilnimi lokalnimi glasbeniki in hrva\u0161kimi legendami Parnim Valjkom, letos bo \u0161e bolj vro\u010de \u2013 na odru bosta prvi\u010d na Obali skupaj za\u017eigali <strong>Siddharta<\/strong> in <strong>Big Foot Mama!\u00a0<\/strong>Od 17. ure dalje bodo na Titovem trgu poleg najve\u010djih slovenskih rock zasedb Siddharte in Big Foot Mame prepevali doma\u010dini <strong>Tulio Furlani\u010d, Enzo Hrovatin, Easy, Aleksander Novak<\/strong> in edine \u017eenske predstavnice <strong>\u0160turle<\/strong>. Po dolgih letih se bodo samo za to prilo\u017enost ponovno zbrali <strong>Pudding Fieldsi<\/strong> \u2013 priljubljen obalni bend bo na enem in edinem nastopu v popolni zasedbi odigral svoje najve\u010dje hite. Ravno Caprisov koncert pa je po enoletnem premoru za vrnitev na glasbeno sceno izbral \u0161e en legendarni primorski glasbenik, Slavko Ivan\u010di\u0107.<\/p>\n<p>Radio Capris bo tudi letos izjemno prilo\u017enost, predstaviti se \u0161ir\u0161emu ob\u010dinstvu in nastopiti ob boku velikanov slovenske glasbe, dal dvema \u0161e neuveljavljenima skupinama. Katerima, bo znano \u017ee v tem tednu.<\/p>\n<p>Titov trg pa 17. junija ne bo le glasbeno, ampak tudi dobrodelno prizori\u0161\u010de. Od vsake prodane vstopnice bo v dobrodelni sklad za<strong> Tja\u0161o Likar<\/strong>, ki se bori z zahrbtno boleznijo, mielodisplasti\u010dnim sindromom, romal en evro. Vstopnice za Caprisov koncert so \u017ee v prodaji, po zelo ugodni ceni jih lahko kupite na obi\u010dajnih Eventimovih prodajnih mestih in na njihovi spletni strani.<\/p>\n<p>Se vidimo 17. junija v samem jedru Kopra \u2013 poletje bomo za\u010deli na najbolj\u0161i mo\u017een na\u010din!<\/p>\n<p><a href=\"http:\/\/slo5.net\/wordpress\/wp-content\/uploads\/2016\/06\/plakat-Caprisov-koncert-2016small.jpg\"><img loading=\"lazy\" decoding=\"async\" class=\"alignnone size-large wp-image-3347\" src=\"http:\/\/slo5.net\/wordpress\/wp-content\/uploads\/2016\/06\/plakat-Caprisov-koncert-2016small-724x1024.jpg\" alt=\"plakat-Caprisov-koncert-2016small\" width=\"640\" height=\"905\" \/><\/a><\/p>\n","protected":false},"excerpt":{"rendered":"<p>junija se vra\u010da najve\u010dja glasbena zabava na Obali \u2013 Caprisov koncert! Lani smo na razprodanem&#8230;<\/p>\n","protected":false},"author":4,"featured_media":3348,"comment_status":"open","ping_status":"closed","sticky":false,"template":"","format":"standard","meta":{"footnotes":""},"categories":[24,8],"tags":[],"class_list":["post-3346","post","type-post","status-publish","format-standard","has-post-thumbnail","hentry","category-obala","category-prirditve"],"featured_image_urls":{"full":["https:\/\/areafilm.si\/wordpress\/wp-content\/uploads\/2016\/06\/Slavko-Ivan\u010di\u0107-na-Caprisovem-koncerto-2015.jpg",1202,801,false],"thumbnail":["https:\/\/areafilm.si\/wordpress\/wp-content\/uploads\/2016\/06\/Slavko-Ivan\u010di\u0107-na-Caprisovem-koncerto-2015-500x280.jpg",500,280,true],"medium":["https:\/\/areafilm.si\/wordpress\/wp-content\/uploads\/2016\/06\/Slavko-Ivan\u010di\u0107-na-Caprisovem-koncerto-2015-600x365.jpg",600,365,true],"medium_large":["https:\/\/areafilm.si\/wordpress\/wp-content\/uploads\/2016\/06\/Slavko-Ivan\u010di\u0107-na-Caprisovem-koncerto-2015-768x512.jpg",640,427,true],"large":["https:\/\/areafilm.si\/wordpress\/wp-content\/uploads\/2016\/06\/Slavko-Ivan\u010di\u0107-na-Caprisovem-koncerto-2015-840x480.jpg",640,366,true],"1536x1536":["https:\/\/areafilm.si\/wordpress\/wp-content\/uploads\/2016\/06\/Slavko-Ivan\u010di\u0107-na-Caprisovem-koncerto-2015.jpg",1202,801,false],"2048x2048":["https:\/\/areafilm.si\/wordpress\/wp-content\/uploads\/2016\/06\/Slavko-Ivan\u010di\u0107-na-Caprisovem-koncerto-2015.jpg",1202,801,false],"covernews-featured":["https:\/\/areafilm.si\/wordpress\/wp-content\/uploads\/2016\/06\/Slavko-Ivan\u010di\u0107-na-Caprisovem-koncerto-2015.jpg",1024,682,false],"covernews-medium":["https:\/\/areafilm.si\/wordpress\/wp-content\/uploads\/2016\/06\/Slavko-Ivan\u010di\u0107-na-Caprisovem-koncerto-2015.jpg",510,340,false],"woocommerce_thumbnail":["https:\/\/areafilm.si\/wordpress\/wp-content\/uploads\/2016\/06\/Slavko-Ivan\u010di\u0107-na-Caprisovem-koncerto-2015-300x300.jpg",300,300,true],"woocommerce_single":["https:\/\/areafilm.si\/wordpress\/wp-content\/uploads\/2016\/06\/Slavko-Ivan\u010di\u0107-na-Caprisovem-koncerto-2015-600x400.jpg",600,400,true],"woocommerce_gallery_thumbnail":["https:\/\/areafilm.si\/wordpress\/wp-content\/uploads\/2016\/06\/Slavko-Ivan\u010di\u0107-na-Caprisovem-koncerto-2015-100x100.jpg",100,100,true]},"author_info":{"info":["Uredni\u0161tvo Primorski Utrip"]},"category_info":"<a href=\"https:\/\/areafilm.si\/wordpress\/category\/obala\/\" rel=\"category tag\">Obala<\/a> <a href=\"https:\/\/areafilm.si\/wordpress\/category\/prirditve\/\" rel=\"category tag\">Prireditve<\/a>","tag_info":"Prireditve","comment_count":"0","_links":{"self":[{"href":"https:\/\/areafilm.si\/wordpress\/wp-json\/wp\/v2\/posts\/3346","targetHints":{"allow":["GET"]}}],"collection":[{"href":"https:\/\/areafilm.si\/wordpress\/wp-json\/wp\/v2\/posts"}],"about":[{"href":"https:\/\/areafilm.si\/wordpress\/wp-json\/wp\/v2\/types\/post"}],"author":[{"embeddable":true,"href":"https:\/\/areafilm.si\/wordpress\/wp-json\/wp\/v2\/users\/4"}],"replies":[{"embeddable":true,"href":"https:\/\/areafilm.si\/wordpress\/wp-json\/wp\/v2\/comments?post=3346"}],"version-history":[{"count":2,"href":"https:\/\/areafilm.si\/wordpress\/wp-json\/wp\/v2\/posts\/3346\/revisions"}],"predecessor-version":[{"id":3383,"href":"https:\/\/areafilm.si\/wordpress\/wp-json\/wp\/v2\/posts\/3346\/revisions\/3383"}],"wp:featuredmedia":[{"embeddable":true,"href":"https:\/\/areafilm.si\/wordpress\/wp-json\/wp\/v2\/media\/3348"}],"wp:attachment":[{"href":"https:\/\/areafilm.si\/wordpress\/wp-json\/wp\/v2\/media?parent=3346"}],"wp:term":[{"taxonomy":"category","embeddable":true,"href":"https:\/\/areafilm.si\/wordpress\/wp-json\/wp\/v2\/categories?post=3346"},{"taxonomy":"post_tag","embeddable":true,"href":"https:\/\/areafilm.si\/wordpress\/wp-json\/wp\/v2\/tags?post=3346"}],"curies":[{"name":"wp","href":"https:\/\/api.w.org\/{rel}","templated":true}]}}