{"id":3352,"date":"2016-06-09T20:09:36","date_gmt":"2016-06-09T18:09:36","guid":{"rendered":"http:\/\/slo5.net\/wordpress\/?p=3352"},"modified":"2016-06-09T20:09:36","modified_gmt":"2016-06-09T18:09:36","slug":"komunala-koper-odslej-tudi-uradno-marjetica-koper","status":"publish","type":"post","link":"https:\/\/areafilm.si\/wordpress\/komunala-koper-odslej-tudi-uradno-marjetica-koper\/","title":{"rendered":"Komunala Koper odslej tudi uradno Marjetica Koper"},"content":{"rendered":"<p>Javno podjetje Komunala Koper se je z vpisom v sodni register tudi uradno preimenovalo v Javno podjetje Marjetica Koper. Ob\u010dinska sveta Mestne ob\u010dine Koper in Ob\u010dine Ankaran sta sicer spremembo imena potrdili \u017ee marca letos, v vmesnem obdobju pa so potekale vse formalnosti za vpis v sodni register. Nekdanji Zavod za komunalne dejavnosti, Komunalni servis ali Komunala Koper, se je danes, po \u0161estih desetletjih od svoje ustanovitve preimenoval v Marjetica Koper.\u00a0Sprememba imena je premi\u0161ljena in skladna z vlogo, ki jo ima Marjetica Koper v okolju, kjer izvaja svoje dejavnosti. Marjetica se je desetletja pojavljala v uradnem logotipu Komunale Koper in je sestavni del novega logotipa ter prenovljene celostne grafi\u010dne podobe. Naziv \u201eMarjetica\u201c se \u017ee vrsto let uporablja pri \u0161tevilnih programih Komunale Koper, med njimi tudi pri izdaji istoimenskega glasila, ki ga prejemajo vsa gospodinjstva in bo ponovno iz\u0161el predvidoma letos jeseni.<\/p>\n<p>Kot zanimivost dodamo, da je uporaba marjetice kot simbola \u017ee od nekdaj predpisana v ustanovitvenem aktu podjetja, ki je prepoznavno ravno po tem cvetju. Iz marjetice izvira tudi zamisel o imenu uradne maskote dru\u017ebe, ki ji je ime Smetko Marjetko. Sprememba imena torej ne razdira povezave med dejavnostmi in imenom firme. Obratno, ime firme Marjetica bo omogo\u010dalo la\u017ejo predstavitev in pozicioniranje podjetja, ki se danes ne ukvarja samo s komunalnimi, temve\u010d s \u0161tevilnimi drugimi dejavnostmi in tr\u017enimi programi.<\/p>\n<p>Poudariti je treba dejstvo, da Marjetica Koper v zadnjih letih prevzema tudi vlogo edukatorja pri okoljski vzgoji in ozave\u0161\u010danju vseh generacij ob\u010danov, kar se v \u0161ir\u0161em okolju izvaja s programi v vrtcih, \u0161olah, srednjih \u0161olah, na javnih prireditvah in \u0161e marsikje drugje.<\/p>\n<p>Marjetica, ki kot cvetlica simbolizira preprostost, \u010distost, dobroto, sve\u017eino in spontanost ter se veliko bolj ujema z razvejanimi dejavnostmi podjetja, ki \u017ee dolgo ni ve\u010d le \u00bbkomunalno\u00ab podjetje.<\/p>\n<p>Marjetica Koper letos obele\u017euje svojo 60 letnico obstoja. Visok jubilej bodo spremljale \u0161tevilne aktivnosti, ki se bodo odvijale v tem letu. Predlog glede preimenovanja podjetja v Marjetica Koper je bil podan ravno ob tej prilo\u017enosti tudi zaradi minimiziranja stro\u0161kov, povezanih s spremembo imena.<\/p>\n","protected":false},"excerpt":{"rendered":"<p>Javno podjetje Komunala Koper se je z vpisom v sodni register tudi uradno preimenovalo v&#8230;<\/p>\n","protected":false},"author":4,"featured_media":3353,"comment_status":"open","ping_status":"closed","sticky":false,"template":"","format":"standard","meta":{"footnotes":""},"categories":[24],"tags":[],"class_list":["post-3352","post","type-post","status-publish","format-standard","has-post-thumbnail","hentry","category-obala"],"featured_image_urls":{"full":["https:\/\/areafilm.si\/wordpress\/wp-content\/uploads\/2016\/06\/logo_MARJETICA_osnova_barve-01_A.jpg",842,596,false],"thumbnail":["https:\/\/areafilm.si\/wordpress\/wp-content\/uploads\/2016\/06\/logo_MARJETICA_osnova_barve-01_A-500x280.jpg",500,280,true],"medium":["https:\/\/areafilm.si\/wordpress\/wp-content\/uploads\/2016\/06\/logo_MARJETICA_osnova_barve-01_A-600x365.jpg",600,365,true],"medium_large":["https:\/\/areafilm.si\/wordpress\/wp-content\/uploads\/2016\/06\/logo_MARJETICA_osnova_barve-01_A-768x544.jpg",640,453,true],"large":["https:\/\/areafilm.si\/wordpress\/wp-content\/uploads\/2016\/06\/logo_MARJETICA_osnova_barve-01_A-840x480.jpg",640,366,true],"1536x1536":["https:\/\/areafilm.si\/wordpress\/wp-content\/uploads\/2016\/06\/logo_MARJETICA_osnova_barve-01_A.jpg",842,596,false],"2048x2048":["https:\/\/areafilm.si\/wordpress\/wp-content\/uploads\/2016\/06\/logo_MARJETICA_osnova_barve-01_A.jpg",842,596,false],"covernews-featured":["https:\/\/areafilm.si\/wordpress\/wp-content\/uploads\/2016\/06\/logo_MARJETICA_osnova_barve-01_A.jpg",842,596,false],"covernews-medium":["https:\/\/areafilm.si\/wordpress\/wp-content\/uploads\/2016\/06\/logo_MARJETICA_osnova_barve-01_A.jpg",480,340,false],"woocommerce_thumbnail":["https:\/\/areafilm.si\/wordpress\/wp-content\/uploads\/2016\/06\/logo_MARJETICA_osnova_barve-01_A-300x300.jpg",300,300,true],"woocommerce_single":["https:\/\/areafilm.si\/wordpress\/wp-content\/uploads\/2016\/06\/logo_MARJETICA_osnova_barve-01_A-600x425.jpg",600,425,true],"woocommerce_gallery_thumbnail":["https:\/\/areafilm.si\/wordpress\/wp-content\/uploads\/2016\/06\/logo_MARJETICA_osnova_barve-01_A-100x100.jpg",100,100,true]},"author_info":{"info":["Uredni\u0161tvo Primorski Utrip"]},"category_info":"<a href=\"https:\/\/areafilm.si\/wordpress\/category\/obala\/\" rel=\"category tag\">Obala<\/a>","tag_info":"Obala","comment_count":"0","_links":{"self":[{"href":"https:\/\/areafilm.si\/wordpress\/wp-json\/wp\/v2\/posts\/3352","targetHints":{"allow":["GET"]}}],"collection":[{"href":"https:\/\/areafilm.si\/wordpress\/wp-json\/wp\/v2\/posts"}],"about":[{"href":"https:\/\/areafilm.si\/wordpress\/wp-json\/wp\/v2\/types\/post"}],"author":[{"embeddable":true,"href":"https:\/\/areafilm.si\/wordpress\/wp-json\/wp\/v2\/users\/4"}],"replies":[{"embeddable":true,"href":"https:\/\/areafilm.si\/wordpress\/wp-json\/wp\/v2\/comments?post=3352"}],"version-history":[{"count":2,"href":"https:\/\/areafilm.si\/wordpress\/wp-json\/wp\/v2\/posts\/3352\/revisions"}],"predecessor-version":[{"id":3355,"href":"https:\/\/areafilm.si\/wordpress\/wp-json\/wp\/v2\/posts\/3352\/revisions\/3355"}],"wp:featuredmedia":[{"embeddable":true,"href":"https:\/\/areafilm.si\/wordpress\/wp-json\/wp\/v2\/media\/3353"}],"wp:attachment":[{"href":"https:\/\/areafilm.si\/wordpress\/wp-json\/wp\/v2\/media?parent=3352"}],"wp:term":[{"taxonomy":"category","embeddable":true,"href":"https:\/\/areafilm.si\/wordpress\/wp-json\/wp\/v2\/categories?post=3352"},{"taxonomy":"post_tag","embeddable":true,"href":"https:\/\/areafilm.si\/wordpress\/wp-json\/wp\/v2\/tags?post=3352"}],"curies":[{"name":"wp","href":"https:\/\/api.w.org\/{rel}","templated":true}]}}