{"id":3431,"date":"2016-06-27T08:40:31","date_gmt":"2016-06-27T06:40:31","guid":{"rendered":"http:\/\/slo5.net\/wordpress\/?p=3431"},"modified":"2016-06-27T08:40:31","modified_gmt":"2016-06-27T06:40:31","slug":"pijan-motorist-poleg-tega-se-brez-celade-in-telefoniral-med-voznjo","status":"publish","type":"post","link":"https:\/\/areafilm.si\/wordpress\/pijan-motorist-poleg-tega-se-brez-celade-in-telefoniral-med-voznjo\/","title":{"rendered":"Pijan motorist, poleg tega \u0161e brez \u010delade in telefoniral med vo\u017enjo"},"content":{"rendered":"<p class=\"western\" align=\"justify\"><span style=\"font-size: small\">KRONIKA &#8211; V petek ob 11. uri so policisti na Vojkovem nabre\u017eju v Kopru ustavili 32-letnega voznika mopeda, ki ni uporabljal varnostne \u010delade, med vo\u017enjo pa je uporabljal mobilni telefon. V postopku je bilo ugotovljeno, da je vozil pod vplivom alkohola (1,09 mg\/l). Izdan mu je bil pla\u010dilni nalog, zaradi vo\u017enje pod vplivom alkohola pa bo napisan obdol\u017eilni predlog.<\/span><\/p>\n<p class=\"western\" lang=\"en-US\" align=\"justify\"><span style=\"font-size: small\"><span lang=\"sl-SI\">V Piranu so iz nezaklenjenega stanovanja ukradli vbodno \u017eago znamke Makita, model 4351 FCT zelene barve in lastnika o\u0161kodovali za 350 evrov.<\/span><\/span><\/p>\n<p class=\"western\" align=\"justify\"><span style=\"font-size: small\">Zaradi razlite nafte na cesti Obala iz smeri Lucije proti Piranu je v najprej v Luciji padel kolesar in se la\u017eje telesno po\u0161kodoval. Malo pozneje je v kro\u017enem kri\u017ei\u0161\u010du na Bernadinu padel voznik kolesa z motorjem in se prav tako la\u017eje telesno po\u0161kodoval. Povzro\u010ditelja razlitja policisti \u0161e ugotavljajo. Vse, ki bi o povzro\u010ditelju izlitja nafte kaj vedeli, policija napro\u0161a, da pokli\u010dejo 113 ali 080-1200.<\/span><\/p>\n<p class=\"western\" align=\"justify\"><span style=\"font-size: small\">V soboto zve\u010der so policisti pridr\u017eali 49-letnega dr\u017eavljana Romunije, ki je vozil tovorno vozilo pod vplivom alkohola (0,71 mg\/l). Naslednji dan je bil predan v postopek sodniku v Postojni.<\/span><\/p>\n<p class=\"western\" align=\"justify\"><span style=\"font-size: small\">V nedeljo malo pred 1. uro je v predoru Kastelec v smeri Ljubljane pri\u0161lo do po\u017eara na osebnem avtomobilu, v katerem nih\u010de ni bil telesno po\u0161kodovan. Predor je bil do 2.25 ure zaprt v smeri Kopra, do 2.55 pa v smeri Ljubljane. <\/span><\/p>\n<p class=\"western\" lang=\"en-US\" align=\"justify\"><span style=\"font-size: small\"><span lang=\"sl-SI\">Na cesti med Kozino in Ka\u010di\u010dami so policisti <\/span><span lang=\"sl-SI\">v nedeljo <\/span><span lang=\"sl-SI\">dopold<\/span><span lang=\"sl-SI\">ne<\/span><span lang=\"sl-SI\"> izmerili hitrost 42-letnemu vozniku motornega kolesa in ugotovili, da je na delu ceste, kjer je hitrost omejena na 90 km\/h, vozil 161 km\/h (z upo\u0161tevano toleranco 153 km\/h). Za\u010dasno so mu odvzeli vozni\u0161ko dovoljenje in prepovedali nadaljnjo vo\u017enjo. Ker prepovedi ni upo\u0161teval, so ga malo <\/span><span lang=\"sl-SI\">pozneje<\/span><span lang=\"sl-SI\"> ponovno ustavili in mu zasegli motorno kolo.<\/span><\/span><\/p>\n","protected":false},"excerpt":{"rendered":"<p>KRONIKA &#8211; V petek ob 11. uri so policisti na Vojkovem nabre\u017eju v Kopru ustavili&#8230;<\/p>\n","protected":false},"author":4,"featured_media":876,"comment_status":"open","ping_status":"closed","sticky":false,"template":"","format":"standard","meta":{"footnotes":""},"categories":[7],"tags":[],"class_list":["post-3431","post","type-post","status-publish","format-standard","has-post-thumbnail","hentry","category-kronika"],"featured_image_urls":{"full":["https:\/\/areafilm.si\/wordpress\/wp-content\/uploads\/2014\/07\/policija1.jpg",520,245,false],"thumbnail":["https:\/\/areafilm.si\/wordpress\/wp-content\/uploads\/2014\/07\/policija1-500x245.jpg",500,245,true],"medium":["https:\/\/areafilm.si\/wordpress\/wp-content\/uploads\/2014\/07\/policija1.jpg",520,245,false],"medium_large":["https:\/\/areafilm.si\/wordpress\/wp-content\/uploads\/2014\/07\/policija1.jpg",520,245,false],"large":["https:\/\/areafilm.si\/wordpress\/wp-content\/uploads\/2014\/07\/policija1.jpg",520,245,false],"1536x1536":["https:\/\/areafilm.si\/wordpress\/wp-content\/uploads\/2014\/07\/policija1.jpg",520,245,false],"2048x2048":["https:\/\/areafilm.si\/wordpress\/wp-content\/uploads\/2014\/07\/policija1.jpg",520,245,false],"covernews-featured":["https:\/\/areafilm.si\/wordpress\/wp-content\/uploads\/2014\/07\/policija1.jpg",520,245,false],"covernews-medium":["https:\/\/areafilm.si\/wordpress\/wp-content\/uploads\/2014\/07\/policija1.jpg",520,245,false],"woocommerce_thumbnail":["https:\/\/areafilm.si\/wordpress\/wp-content\/uploads\/2014\/07\/policija1-300x245.jpg",300,245,true],"woocommerce_single":["https:\/\/areafilm.si\/wordpress\/wp-content\/uploads\/2014\/07\/policija1.jpg",520,245,false],"woocommerce_gallery_thumbnail":["https:\/\/areafilm.si\/wordpress\/wp-content\/uploads\/2014\/07\/policija1-100x100.jpg",100,100,true]},"author_info":{"info":["Uredni\u0161tvo Primorski Utrip"]},"category_info":"<a href=\"https:\/\/areafilm.si\/wordpress\/category\/kronika\/\" rel=\"category tag\">Kronika<\/a>","tag_info":"Kronika","comment_count":"0","_links":{"self":[{"href":"https:\/\/areafilm.si\/wordpress\/wp-json\/wp\/v2\/posts\/3431","targetHints":{"allow":["GET"]}}],"collection":[{"href":"https:\/\/areafilm.si\/wordpress\/wp-json\/wp\/v2\/posts"}],"about":[{"href":"https:\/\/areafilm.si\/wordpress\/wp-json\/wp\/v2\/types\/post"}],"author":[{"embeddable":true,"href":"https:\/\/areafilm.si\/wordpress\/wp-json\/wp\/v2\/users\/4"}],"replies":[{"embeddable":true,"href":"https:\/\/areafilm.si\/wordpress\/wp-json\/wp\/v2\/comments?post=3431"}],"version-history":[{"count":2,"href":"https:\/\/areafilm.si\/wordpress\/wp-json\/wp\/v2\/posts\/3431\/revisions"}],"predecessor-version":[{"id":3433,"href":"https:\/\/areafilm.si\/wordpress\/wp-json\/wp\/v2\/posts\/3431\/revisions\/3433"}],"wp:featuredmedia":[{"embeddable":true,"href":"https:\/\/areafilm.si\/wordpress\/wp-json\/wp\/v2\/media\/876"}],"wp:attachment":[{"href":"https:\/\/areafilm.si\/wordpress\/wp-json\/wp\/v2\/media?parent=3431"}],"wp:term":[{"taxonomy":"category","embeddable":true,"href":"https:\/\/areafilm.si\/wordpress\/wp-json\/wp\/v2\/categories?post=3431"},{"taxonomy":"post_tag","embeddable":true,"href":"https:\/\/areafilm.si\/wordpress\/wp-json\/wp\/v2\/tags?post=3431"}],"curies":[{"name":"wp","href":"https:\/\/api.w.org\/{rel}","templated":true}]}}