{"id":3515,"date":"2016-07-06T11:35:04","date_gmt":"2016-07-06T09:35:04","guid":{"rendered":"http:\/\/slo5.net\/wordpress\/?p=3515"},"modified":"2016-07-06T11:35:04","modified_gmt":"2016-07-06T09:35:04","slug":"9-in-10-julija-v-novi-vasi-praznik-vina-in-cesna","status":"publish","type":"post","link":"https:\/\/areafilm.si\/wordpress\/9-in-10-julija-v-novi-vasi-praznik-vina-in-cesna\/","title":{"rendered":"9. in 10. julija v Novi vasi Praznik vina in \u010desna"},"content":{"rendered":"<p><strong>9. in 10. julija<\/strong> bo Nova vas za\u017eivela z bogato ponudbo vina, \u010desna in drugih doma\u010dih proizvodov. Va\u0161\u010dani bodo odprli svoje doma\u010dije in obiskovalcem prikazali stare obi\u010daje, zve\u010der pa bodo skupaj zaplesali na tipi\u010dni va\u0161ki fe\u0161ti.\u00a0Avtohtoni istrski \u010desen je prepoznaven po rde\u010di ovojni lupini in velikih zdravih strokih. V istrski kuhinji zaseda pomembno mesto, ena najve\u010djih specialitet so &#8220;peski&#8221; oz. poganjki mladega \u010desna. Pripravljajo se s fritajo (jaj\u010dna omleta), du\u0161ene ali na solato. Za \u010desen \u017ee od nekdaj velja, da prepre\u010duje aterosklerozo. Danes je tudi znano, da je naravni antibiotik, saj deluje protivnetno, protibakterijsko in protivirusno. Velja za bogat vir kalcija, fosforja in vitamina C. Novova\u0161\u010dani pa radi povejo, da so z izkupi\u010dkom od prodaje \u010desna med drugim leta 1896 zgradili tudi cerkveni zvonik.<\/p>\n<p>Praznik vina in \u010desna se bo pri\u010del dopoldan, ko bodo doma\u010dini odprli vrata svojih slikovitih dvori\u0161\u010d, ponudili svoje pridelke in prikazali stare obi\u010daje. Obiskovalci se bodo lahko udele\u017eili tudi kulinari\u010dne delavnice z dietetno kuharico <strong>Ernestino Car Mavri\u010d<\/strong>, zeli\u0161\u010darske delavnice ob stojnici <strong>Mavricije Pucer<\/strong> in se podali na voden ogled Nove vasi.<\/p>\n<p><a href=\"http:\/\/slo5.net\/wordpress\/wp-content\/uploads\/2016\/07\/photo-2.jpg\"><img loading=\"lazy\" decoding=\"async\" class=\"alignnone size-large wp-image-3517\" src=\"http:\/\/slo5.net\/wordpress\/wp-content\/uploads\/2016\/07\/photo-2-707x1024.jpg\" alt=\"photo (2)\" width=\"640\" height=\"927\" \/><\/a><\/p>\n<p>Uradno odprtje praznika bo v<strong> soboto ob 19.00,<\/strong> ko bodo obiskovalce nagovorili pod\u017eupanja ob\u010dine Piran<strong> Meira Hot<\/strong>, predsednik Krajevne skupnosti Nova vas <strong>Davor Kolenc<\/strong> in direktor Turisti\u010dnega zdru\u017eenja Portoro\u017e <strong>mag. Igor Novel<\/strong>. Sledil bo ve\u010der, posve\u010den glasbi in plesu v romanti\u010dnem istrskem ambientu. V soboto in nedeljo zve\u010der bodo nastopili folklorna skupina <strong>\u0160altin<\/strong> iz. Sv. Petra, vokalna skupina italijanske skupnosti Nova vas pri Brtonigli, mo\u0161ki pevski zbor <strong>Pergula<\/strong> iz. Sv. Petra,<strong> klapa Castrum Veneris<\/strong> iz Ka\u0161tela, <strong>Roxie<\/strong>, <strong>Laurylin<\/strong> in <strong>Primorski<\/strong> <strong>fantje<\/strong>.<\/p>\n<p>V nedeljo zjutraj bo poskrbljeno tudi za \u0161portne navdu\u0161ence, ki se bodo lahko udele\u017eili kolesarskega izleta v organizaciji dru\u0161tva Raketa. 18 kilometrov dolga trasa jih bo vodila skozi naravo in pristne vasice slovenske Istre. Po kraj\u0161i panoramski vo\u017enji si bodo ogledali vas Krkav\u010de, sledil bo spust v dolino reke Dragonje in vo\u017enja do vinske kleti Mahni\u010d. Po\u010ditek z degustacijo vin in olja bo zadostno okrep\u010dilo za vzpon do Svetega Petra in naprej do Nove vasi, kjer bo na cilju vse udele\u017eence \u010dakal topel obrok in pester program praznika.<\/p>\n<p><strong>Organiziran bo brezpla\u010den avtobusni prevoz na relaciji Piran-Portoro\u017e-Lucija-Se\u010dovlje-Nova Vas. Urnik odhodov avtobusa iz Pirana v soboto: ob 8.30, 10.00 in nato na vsaki dve uri do 20.00, zadnji povratek iz Nove vasi ob 23.00. Odhodi iz Pirana v nedeljo: ob 10.00 in nato vsaki dve uri do 20.00. Zadnji odhod iz Nove vasi ob 23.00.<\/strong><\/p>\n<p>&nbsp;<\/p>\n","protected":false},"excerpt":{"rendered":"<p>9. in 10. julija bo Nova vas za\u017eivela z bogato ponudbo vina, \u010desna in drugih&#8230;<\/p>\n","protected":false},"author":4,"featured_media":3516,"comment_status":"open","ping_status":"closed","sticky":false,"template":"","format":"standard","meta":{"footnotes":""},"categories":[24,8],"tags":[],"class_list":["post-3515","post","type-post","status-publish","format-standard","has-post-thumbnail","hentry","category-obala","category-prirditve"],"featured_image_urls":{"full":["https:\/\/areafilm.si\/wordpress\/wp-content\/uploads\/2016\/07\/photo-1.jpg",1200,900,false],"thumbnail":["https:\/\/areafilm.si\/wordpress\/wp-content\/uploads\/2016\/07\/photo-1-500x280.jpg",500,280,true],"medium":["https:\/\/areafilm.si\/wordpress\/wp-content\/uploads\/2016\/07\/photo-1-600x365.jpg",600,365,true],"medium_large":["https:\/\/areafilm.si\/wordpress\/wp-content\/uploads\/2016\/07\/photo-1-768x576.jpg",640,480,true],"large":["https:\/\/areafilm.si\/wordpress\/wp-content\/uploads\/2016\/07\/photo-1-840x480.jpg",640,366,true],"1536x1536":["https:\/\/areafilm.si\/wordpress\/wp-content\/uploads\/2016\/07\/photo-1.jpg",1200,900,false],"2048x2048":["https:\/\/areafilm.si\/wordpress\/wp-content\/uploads\/2016\/07\/photo-1.jpg",1200,900,false],"covernews-featured":["https:\/\/areafilm.si\/wordpress\/wp-content\/uploads\/2016\/07\/photo-1.jpg",1024,768,false],"covernews-medium":["https:\/\/areafilm.si\/wordpress\/wp-content\/uploads\/2016\/07\/photo-1.jpg",453,340,false],"woocommerce_thumbnail":["https:\/\/areafilm.si\/wordpress\/wp-content\/uploads\/2016\/07\/photo-1-300x300.jpg",300,300,true],"woocommerce_single":["https:\/\/areafilm.si\/wordpress\/wp-content\/uploads\/2016\/07\/photo-1-600x450.jpg",600,450,true],"woocommerce_gallery_thumbnail":["https:\/\/areafilm.si\/wordpress\/wp-content\/uploads\/2016\/07\/photo-1-100x100.jpg",100,100,true]},"author_info":{"info":["Uredni\u0161tvo Primorski Utrip"]},"category_info":"<a href=\"https:\/\/areafilm.si\/wordpress\/category\/obala\/\" rel=\"category tag\">Obala<\/a> <a href=\"https:\/\/areafilm.si\/wordpress\/category\/prirditve\/\" rel=\"category tag\">Prireditve<\/a>","tag_info":"Prireditve","comment_count":"0","_links":{"self":[{"href":"https:\/\/areafilm.si\/wordpress\/wp-json\/wp\/v2\/posts\/3515","targetHints":{"allow":["GET"]}}],"collection":[{"href":"https:\/\/areafilm.si\/wordpress\/wp-json\/wp\/v2\/posts"}],"about":[{"href":"https:\/\/areafilm.si\/wordpress\/wp-json\/wp\/v2\/types\/post"}],"author":[{"embeddable":true,"href":"https:\/\/areafilm.si\/wordpress\/wp-json\/wp\/v2\/users\/4"}],"replies":[{"embeddable":true,"href":"https:\/\/areafilm.si\/wordpress\/wp-json\/wp\/v2\/comments?post=3515"}],"version-history":[{"count":2,"href":"https:\/\/areafilm.si\/wordpress\/wp-json\/wp\/v2\/posts\/3515\/revisions"}],"predecessor-version":[{"id":3519,"href":"https:\/\/areafilm.si\/wordpress\/wp-json\/wp\/v2\/posts\/3515\/revisions\/3519"}],"wp:featuredmedia":[{"embeddable":true,"href":"https:\/\/areafilm.si\/wordpress\/wp-json\/wp\/v2\/media\/3516"}],"wp:attachment":[{"href":"https:\/\/areafilm.si\/wordpress\/wp-json\/wp\/v2\/media?parent=3515"}],"wp:term":[{"taxonomy":"category","embeddable":true,"href":"https:\/\/areafilm.si\/wordpress\/wp-json\/wp\/v2\/categories?post=3515"},{"taxonomy":"post_tag","embeddable":true,"href":"https:\/\/areafilm.si\/wordpress\/wp-json\/wp\/v2\/tags?post=3515"}],"curies":[{"name":"wp","href":"https:\/\/api.w.org\/{rel}","templated":true}]}}