{"id":3527,"date":"2016-07-07T16:37:11","date_gmt":"2016-07-07T14:37:11","guid":{"rendered":"http:\/\/slo5.net\/wordpress\/?p=3527"},"modified":"2016-07-07T16:37:11","modified_gmt":"2016-07-07T14:37:11","slug":"odprtje-prenovljenih-fornac-pozdravila-navdusena-mnozica","status":"publish","type":"post","link":"https:\/\/areafilm.si\/wordpress\/odprtje-prenovljenih-fornac-pozdravila-navdusena-mnozica\/","title":{"rendered":"Odprtje prenovljenih Forna\u010d pozdravila navdu\u0161ena mno\u017eica"},"content":{"rendered":"<p><strong><\/strong>Ob\u010dina Piran je v sredo, 6. julija, z dogodkom <strong>Mit ognja, vode in zraka<\/strong> tudi uradno odprla prenovljeni obalni pas Forna\u010d, ki bo odslej namenjen ob\u010dankam in ob\u010danom ter gostom, \u017eeljnim aktivnega oddiha in spro\u0161\u010denega po\u010ditka z izjemnim pogledom na Piranski zaliv.\u00a0V okviru tega projekta je Ob\u010dina Piran uredila del obale ob morski biolo\u0161ki postaji in hkrati u\u010dinkovito povezala obmo\u010dje med Bernardinom in Piranom. Tlakovana promenada je prijazna sprehajalcem, kolesarji so dobili svojo pot, z novimi klan\u010dinami pa je Ob\u010dina Piran dostop v neposredno bli\u017eino morja olaj\u0161ala tudi gibalno oviranim in mamicam z otro\u0161kimi vozi\u010dki. Za vse, ki bodo prostor ob morju \u017eeleli izkoristiti za po\u010divanje in son\u010denje, smo polo\u017eili lesene le\u017ealne povr\u0161ine, gostje Forna\u010d pa se bodo odslej lahko osve\u017eili tudi na prenovljenih terasah gostinskih lokalov.<\/p>\n<p><a href=\"http:\/\/slo5.net\/wordpress\/wp-content\/uploads\/2016\/07\/Odprtje-Forna\u010d_zupan-Peter-Bossman.jpg\"><img loading=\"lazy\" decoding=\"async\" class=\"alignnone size-large wp-image-3530\" src=\"http:\/\/slo5.net\/wordpress\/wp-content\/uploads\/2016\/07\/Odprtje-Forna\u010d_zupan-Peter-Bossman-1024x680.jpg\" alt=\"Odprtje Forna\u010d_zupan Peter Bossman\" width=\"640\" height=\"425\" \/><\/a><\/p>\n<p><em>\u00bbNove Forna\u010de smo zasnovali tako, da so dostopne vsem. Zgradili smo jih tako trdno, da bodo ukrotile jezo Neptuna in uredili tako prijazno, da morje pribli\u017eajo tudi gibalno oviranim. Sicer bodo v kon\u010dni podobi zasijale \u0161ele \u010dez nekaj let, ko bodo kro\u0161nje pravkar zasajenih pinij na nas vrgle prijetno senco, a je lepo videti, da ste jih ob\u010dani in gostje \u017ee sprejeli,\u00ab<\/em> je na slovesnem odprtju povedal \u017eupan Ob\u010dine Piran <strong>Peter Bossman<\/strong> in se zahvalil vsem, ki so sodelovali pri izvedbi tega projekta, za katerega je ob\u010dina od\u0161tela pribli\u017eno pol milijona evrov.<\/p>\n<p><a href=\"http:\/\/slo5.net\/wordpress\/wp-content\/uploads\/2016\/07\/Odprtje-Forna\u010d_rezanje-traku.jpg\"><img loading=\"lazy\" decoding=\"async\" class=\"alignnone size-large wp-image-3529\" src=\"http:\/\/slo5.net\/wordpress\/wp-content\/uploads\/2016\/07\/Odprtje-Forna\u010d_rezanje-traku-1024x680.jpg\" alt=\"Odprtje Forna\u010d_rezanje traku\" width=\"640\" height=\"425\" \/><\/a><\/p>\n<p><a href=\"http:\/\/slo5.net\/wordpress\/wp-content\/uploads\/2016\/07\/Odprtje-Forna\u010d_Mit-ognja-vode-in-zraka.jpg\"><img loading=\"lazy\" decoding=\"async\" class=\"alignnone size-large wp-image-3528\" src=\"http:\/\/slo5.net\/wordpress\/wp-content\/uploads\/2016\/07\/Odprtje-Forna\u010d_Mit-ognja-vode-in-zraka-1024x680.jpg\" alt=\"Odprtje Forna\u010d_Mit ognja, vode in zraka\" width=\"640\" height=\"425\" \/><\/a><\/p>\n","protected":false},"excerpt":{"rendered":"<p>Ob\u010dina Piran je v sredo, 6. julija, z dogodkom Mit ognja, vode in zraka tudi&#8230;<\/p>\n","protected":false},"author":4,"featured_media":3528,"comment_status":"open","ping_status":"closed","sticky":false,"template":"","format":"standard","meta":{"footnotes":""},"categories":[24],"tags":[],"class_list":["post-3527","post","type-post","status-publish","format-standard","has-post-thumbnail","hentry","category-obala"],"featured_image_urls":{"full":["https:\/\/areafilm.si\/wordpress\/wp-content\/uploads\/2016\/07\/Odprtje-Forna\u010d_Mit-ognja-vode-in-zraka-scaled.jpg",2560,1700,false],"thumbnail":["https:\/\/areafilm.si\/wordpress\/wp-content\/uploads\/2016\/07\/Odprtje-Forna\u010d_Mit-ognja-vode-in-zraka-500x280.jpg",500,280,true],"medium":["https:\/\/areafilm.si\/wordpress\/wp-content\/uploads\/2016\/07\/Odprtje-Forna\u010d_Mit-ognja-vode-in-zraka-600x365.jpg",600,365,true],"medium_large":["https:\/\/areafilm.si\/wordpress\/wp-content\/uploads\/2016\/07\/Odprtje-Forna\u010d_Mit-ognja-vode-in-zraka-768x510.jpg",640,425,true],"large":["https:\/\/areafilm.si\/wordpress\/wp-content\/uploads\/2016\/07\/Odprtje-Forna\u010d_Mit-ognja-vode-in-zraka-840x480.jpg",640,366,true],"1536x1536":["https:\/\/areafilm.si\/wordpress\/wp-content\/uploads\/2016\/07\/Odprtje-Forna\u010d_Mit-ognja-vode-in-zraka-scaled.jpg",1536,1020,false],"2048x2048":["https:\/\/areafilm.si\/wordpress\/wp-content\/uploads\/2016\/07\/Odprtje-Forna\u010d_Mit-ognja-vode-in-zraka-scaled.jpg",2048,1360,false],"covernews-featured":["https:\/\/areafilm.si\/wordpress\/wp-content\/uploads\/2016\/07\/Odprtje-Forna\u010d_Mit-ognja-vode-in-zraka-scaled.jpg",1024,680,false],"covernews-medium":["https:\/\/areafilm.si\/wordpress\/wp-content\/uploads\/2016\/07\/Odprtje-Forna\u010d_Mit-ognja-vode-in-zraka-scaled.jpg",512,340,false],"woocommerce_thumbnail":["https:\/\/areafilm.si\/wordpress\/wp-content\/uploads\/2016\/07\/Odprtje-Forna\u010d_Mit-ognja-vode-in-zraka-scaled-300x300.jpg",300,300,true],"woocommerce_single":["https:\/\/areafilm.si\/wordpress\/wp-content\/uploads\/2016\/07\/Odprtje-Forna\u010d_Mit-ognja-vode-in-zraka-scaled-600x398.jpg",600,398,true],"woocommerce_gallery_thumbnail":["https:\/\/areafilm.si\/wordpress\/wp-content\/uploads\/2016\/07\/Odprtje-Forna\u010d_Mit-ognja-vode-in-zraka-scaled-100x100.jpg",100,100,true]},"author_info":{"info":["Uredni\u0161tvo Primorski Utrip"]},"category_info":"<a href=\"https:\/\/areafilm.si\/wordpress\/category\/obala\/\" rel=\"category tag\">Obala<\/a>","tag_info":"Obala","comment_count":"0","_links":{"self":[{"href":"https:\/\/areafilm.si\/wordpress\/wp-json\/wp\/v2\/posts\/3527","targetHints":{"allow":["GET"]}}],"collection":[{"href":"https:\/\/areafilm.si\/wordpress\/wp-json\/wp\/v2\/posts"}],"about":[{"href":"https:\/\/areafilm.si\/wordpress\/wp-json\/wp\/v2\/types\/post"}],"author":[{"embeddable":true,"href":"https:\/\/areafilm.si\/wordpress\/wp-json\/wp\/v2\/users\/4"}],"replies":[{"embeddable":true,"href":"https:\/\/areafilm.si\/wordpress\/wp-json\/wp\/v2\/comments?post=3527"}],"version-history":[{"count":2,"href":"https:\/\/areafilm.si\/wordpress\/wp-json\/wp\/v2\/posts\/3527\/revisions"}],"predecessor-version":[{"id":3532,"href":"https:\/\/areafilm.si\/wordpress\/wp-json\/wp\/v2\/posts\/3527\/revisions\/3532"}],"wp:featuredmedia":[{"embeddable":true,"href":"https:\/\/areafilm.si\/wordpress\/wp-json\/wp\/v2\/media\/3528"}],"wp:attachment":[{"href":"https:\/\/areafilm.si\/wordpress\/wp-json\/wp\/v2\/media?parent=3527"}],"wp:term":[{"taxonomy":"category","embeddable":true,"href":"https:\/\/areafilm.si\/wordpress\/wp-json\/wp\/v2\/categories?post=3527"},{"taxonomy":"post_tag","embeddable":true,"href":"https:\/\/areafilm.si\/wordpress\/wp-json\/wp\/v2\/tags?post=3527"}],"curies":[{"name":"wp","href":"https:\/\/api.w.org\/{rel}","templated":true}]}}