{"id":3578,"date":"2016-07-13T07:36:25","date_gmt":"2016-07-13T05:36:25","guid":{"rendered":"http:\/\/slo5.net\/wordpress\/?p=3578"},"modified":"2016-07-13T07:36:25","modified_gmt":"2016-07-13T05:36:25","slug":"tovornjak-zaradi-prehitre-voznje-zadel-avtomobil-in-sel-s-ceste","status":"publish","type":"post","link":"https:\/\/areafilm.si\/wordpress\/tovornjak-zaradi-prehitre-voznje-zadel-avtomobil-in-sel-s-ceste\/","title":{"rendered":"Tovornjak zaradi prehitre vo\u017enje zadel avtomobil in \u0161el s ceste"},"content":{"rendered":"<p class=\"western\" lang=\"en-US\" align=\"justify\"><span style=\"font-size: small\"><span lang=\"sl-SI\">KRONIKA &#8211; V torek o<\/span><span lang=\"sl-SI\">b 19.20 je 51-letni voznik os<\/span><span lang=\"sl-SI\">ebnega<\/span><span lang=\"sl-SI\"> avtomobila v Gradi\u0161\u010du pri Materiji z namenom zavijanja v levo stal na vozi\u0161\u010du. Za njim je pripeljal 50-letni voznik tovornega vozila s polpriklopnikom, ki zaradi neprilagojene hitrosti ni uspel ustaviti in je zato zavil v desno na travnik, pri tem pa s prednjim levim delom polpriklopnika tr\u010dil v zadnji del avtomobila. V avtomobilu sta bila dva potnika la\u017eje telesno po\u0161kodovana.<\/span><\/span><\/p>\n<p align=\"justify\"><span style=\"font-size: small\">Ob 19.30 uri je nem\u0161ki turist v Piranu pustil denarnico v ko\u0161ari kolesa. Ko se je pozneje vrnil, je ugotovil, da je nekdo denarnico ukradel. Denarnica, iz katere je manjkalo 200 evrov, je bila pozneje najdena v bli\u017eini.<\/span><\/p>\n<p lang=\"it-IT\" align=\"justify\"><span style=\"font-size: small\"><span lang=\"sl-SI\">V poznih popoldanskih urah je nekdo vlomil v dve stanovanji na Vegovi ulici v Piranu. V prvo je vstopil skozi odprto okno in ukradel mobilni telefon Samsung GT-18730 \u010drne barve ter 47 evrov. V drugo je vstopil na neugotovljen na\u010din in ukradel mobilni telefon znamke LG, nekaj obla\u010dil ter 150 evrov.<\/span><\/span><\/p>\n<p align=\"justify\"><span style=\"font-size: small\">V Kopru, pri odcepu za staro \u0160marsko cesto, je nekdo vlomil v parkiran osebni avtomobil ter ukradel kov\u010dke z obla\u010dili. Lastnica je o\u0161kodovana za 600 evrov.<\/span><\/p>\n","protected":false},"excerpt":{"rendered":"<p>KRONIKA &#8211; V torek ob 19.20 je 51-letni voznik osebnega avtomobila v Gradi\u0161\u010du pri Materiji&#8230;<\/p>\n","protected":false},"author":4,"featured_media":879,"comment_status":"open","ping_status":"closed","sticky":false,"template":"","format":"standard","meta":{"footnotes":""},"categories":[7],"tags":[],"class_list":["post-3578","post","type-post","status-publish","format-standard","has-post-thumbnail","hentry","category-kronika"],"featured_image_urls":{"full":["https:\/\/areafilm.si\/wordpress\/wp-content\/uploads\/2014\/07\/policija4.jpg",520,245,false],"thumbnail":["https:\/\/areafilm.si\/wordpress\/wp-content\/uploads\/2014\/07\/policija4-500x245.jpg",500,245,true],"medium":["https:\/\/areafilm.si\/wordpress\/wp-content\/uploads\/2014\/07\/policija4.jpg",520,245,false],"medium_large":["https:\/\/areafilm.si\/wordpress\/wp-content\/uploads\/2014\/07\/policija4.jpg",520,245,false],"large":["https:\/\/areafilm.si\/wordpress\/wp-content\/uploads\/2014\/07\/policija4.jpg",520,245,false],"1536x1536":["https:\/\/areafilm.si\/wordpress\/wp-content\/uploads\/2014\/07\/policija4.jpg",520,245,false],"2048x2048":["https:\/\/areafilm.si\/wordpress\/wp-content\/uploads\/2014\/07\/policija4.jpg",520,245,false],"covernews-featured":["https:\/\/areafilm.si\/wordpress\/wp-content\/uploads\/2014\/07\/policija4.jpg",520,245,false],"covernews-medium":["https:\/\/areafilm.si\/wordpress\/wp-content\/uploads\/2014\/07\/policija4.jpg",520,245,false],"woocommerce_thumbnail":["https:\/\/areafilm.si\/wordpress\/wp-content\/uploads\/2014\/07\/policija4-300x245.jpg",300,245,true],"woocommerce_single":["https:\/\/areafilm.si\/wordpress\/wp-content\/uploads\/2014\/07\/policija4.jpg",520,245,false],"woocommerce_gallery_thumbnail":["https:\/\/areafilm.si\/wordpress\/wp-content\/uploads\/2014\/07\/policija4-100x100.jpg",100,100,true]},"author_info":{"info":["Uredni\u0161tvo Primorski Utrip"]},"category_info":"<a href=\"https:\/\/areafilm.si\/wordpress\/category\/kronika\/\" rel=\"category tag\">Kronika<\/a>","tag_info":"Kronika","comment_count":"0","_links":{"self":[{"href":"https:\/\/areafilm.si\/wordpress\/wp-json\/wp\/v2\/posts\/3578","targetHints":{"allow":["GET"]}}],"collection":[{"href":"https:\/\/areafilm.si\/wordpress\/wp-json\/wp\/v2\/posts"}],"about":[{"href":"https:\/\/areafilm.si\/wordpress\/wp-json\/wp\/v2\/types\/post"}],"author":[{"embeddable":true,"href":"https:\/\/areafilm.si\/wordpress\/wp-json\/wp\/v2\/users\/4"}],"replies":[{"embeddable":true,"href":"https:\/\/areafilm.si\/wordpress\/wp-json\/wp\/v2\/comments?post=3578"}],"version-history":[{"count":2,"href":"https:\/\/areafilm.si\/wordpress\/wp-json\/wp\/v2\/posts\/3578\/revisions"}],"predecessor-version":[{"id":3580,"href":"https:\/\/areafilm.si\/wordpress\/wp-json\/wp\/v2\/posts\/3578\/revisions\/3580"}],"wp:featuredmedia":[{"embeddable":true,"href":"https:\/\/areafilm.si\/wordpress\/wp-json\/wp\/v2\/media\/879"}],"wp:attachment":[{"href":"https:\/\/areafilm.si\/wordpress\/wp-json\/wp\/v2\/media?parent=3578"}],"wp:term":[{"taxonomy":"category","embeddable":true,"href":"https:\/\/areafilm.si\/wordpress\/wp-json\/wp\/v2\/categories?post=3578"},{"taxonomy":"post_tag","embeddable":true,"href":"https:\/\/areafilm.si\/wordpress\/wp-json\/wp\/v2\/tags?post=3578"}],"curies":[{"name":"wp","href":"https:\/\/api.w.org\/{rel}","templated":true}]}}