{"id":3718,"date":"2016-08-07T10:13:45","date_gmt":"2016-08-07T08:13:45","guid":{"rendered":"http:\/\/slo5.net\/wordpress\/?p=3718"},"modified":"2016-08-07T10:13:45","modified_gmt":"2016-08-07T08:13:45","slug":"ta-teden-portoroske-noci","status":"publish","type":"post","link":"https:\/\/areafilm.si\/wordpress\/ta-teden-portoroske-noci\/","title":{"rendered":"Ta teden Portoro\u0161ke no\u010di"},"content":{"rendered":"<p>V sredo, 10. avgusta se pri\u010dnejo te\u017eko pri\u010dakovane\u00a0<b>Portoro\u0161ke no\u010di.\u00a0<\/b>Vrhunec dogajanja bo v soboto, 13. 8., ko bo na portoro\u0161ki pla\u017ei nastopil\u00a0<b>Jan Plestenjak<\/b>. Ob polno\u010di pa bo piko na i postavil ognjemet.<\/p>\n","protected":false},"excerpt":{"rendered":"<p>V sredo, 10. avgusta se pri\u010dnejo te\u017eko pri\u010dakovane\u00a0Portoro\u0161ke no\u010di.\u00a0Vrhunec dogajanja bo v soboto, 13. 8.,&#8230;<\/p>\n","protected":false},"author":4,"featured_media":3719,"comment_status":"open","ping_status":"closed","sticky":false,"template":"","format":"standard","meta":{"footnotes":""},"categories":[24,8],"tags":[],"class_list":["post-3718","post","type-post","status-publish","format-standard","has-post-thumbnail","hentry","category-obala","category-prirditve"],"featured_image_urls":{"full":["https:\/\/areafilm.si\/wordpress\/wp-content\/uploads\/2016\/08\/photo-4.jpg",851,315,false],"thumbnail":["https:\/\/areafilm.si\/wordpress\/wp-content\/uploads\/2016\/08\/photo-4-500x280.jpg",500,280,true],"medium":["https:\/\/areafilm.si\/wordpress\/wp-content\/uploads\/2016\/08\/photo-4-600x315.jpg",600,315,true],"medium_large":["https:\/\/areafilm.si\/wordpress\/wp-content\/uploads\/2016\/08\/photo-4-768x284.jpg",640,237,true],"large":["https:\/\/areafilm.si\/wordpress\/wp-content\/uploads\/2016\/08\/photo-4-840x315.jpg",640,240,true],"1536x1536":["https:\/\/areafilm.si\/wordpress\/wp-content\/uploads\/2016\/08\/photo-4.jpg",851,315,false],"2048x2048":["https:\/\/areafilm.si\/wordpress\/wp-content\/uploads\/2016\/08\/photo-4.jpg",851,315,false],"covernews-featured":["https:\/\/areafilm.si\/wordpress\/wp-content\/uploads\/2016\/08\/photo-4.jpg",851,315,false],"covernews-medium":["https:\/\/areafilm.si\/wordpress\/wp-content\/uploads\/2016\/08\/photo-4.jpg",540,200,false],"woocommerce_thumbnail":["https:\/\/areafilm.si\/wordpress\/wp-content\/uploads\/2016\/08\/photo-4-300x300.jpg",300,300,true],"woocommerce_single":["https:\/\/areafilm.si\/wordpress\/wp-content\/uploads\/2016\/08\/photo-4-600x222.jpg",600,222,true],"woocommerce_gallery_thumbnail":["https:\/\/areafilm.si\/wordpress\/wp-content\/uploads\/2016\/08\/photo-4-100x100.jpg",100,100,true]},"author_info":{"info":["Uredni\u0161tvo Primorski Utrip"]},"category_info":"<a href=\"https:\/\/areafilm.si\/wordpress\/category\/obala\/\" rel=\"category tag\">Obala<\/a> <a href=\"https:\/\/areafilm.si\/wordpress\/category\/prirditve\/\" rel=\"category tag\">Prireditve<\/a>","tag_info":"Prireditve","comment_count":"0","_links":{"self":[{"href":"https:\/\/areafilm.si\/wordpress\/wp-json\/wp\/v2\/posts\/3718","targetHints":{"allow":["GET"]}}],"collection":[{"href":"https:\/\/areafilm.si\/wordpress\/wp-json\/wp\/v2\/posts"}],"about":[{"href":"https:\/\/areafilm.si\/wordpress\/wp-json\/wp\/v2\/types\/post"}],"author":[{"embeddable":true,"href":"https:\/\/areafilm.si\/wordpress\/wp-json\/wp\/v2\/users\/4"}],"replies":[{"embeddable":true,"href":"https:\/\/areafilm.si\/wordpress\/wp-json\/wp\/v2\/comments?post=3718"}],"version-history":[{"count":2,"href":"https:\/\/areafilm.si\/wordpress\/wp-json\/wp\/v2\/posts\/3718\/revisions"}],"predecessor-version":[{"id":3721,"href":"https:\/\/areafilm.si\/wordpress\/wp-json\/wp\/v2\/posts\/3718\/revisions\/3721"}],"wp:featuredmedia":[{"embeddable":true,"href":"https:\/\/areafilm.si\/wordpress\/wp-json\/wp\/v2\/media\/3719"}],"wp:attachment":[{"href":"https:\/\/areafilm.si\/wordpress\/wp-json\/wp\/v2\/media?parent=3718"}],"wp:term":[{"taxonomy":"category","embeddable":true,"href":"https:\/\/areafilm.si\/wordpress\/wp-json\/wp\/v2\/categories?post=3718"},{"taxonomy":"post_tag","embeddable":true,"href":"https:\/\/areafilm.si\/wordpress\/wp-json\/wp\/v2\/tags?post=3718"}],"curies":[{"name":"wp","href":"https:\/\/api.w.org\/{rel}","templated":true}]}}