{"id":3727,"date":"2016-08-08T17:12:06","date_gmt":"2016-08-08T15:12:06","guid":{"rendered":"http:\/\/slo5.net\/wordpress\/?p=3727"},"modified":"2016-08-08T17:12:06","modified_gmt":"2016-08-08T15:12:06","slug":"trajno-umirjanje-prometa-v-blizini-osnovnih-sol","status":"publish","type":"post","link":"https:\/\/areafilm.si\/wordpress\/trajno-umirjanje-prometa-v-blizini-osnovnih-sol\/","title":{"rendered":"Trajno umirjanje prometa v bli\u017eini osnovnih \u0161ol"},"content":{"rendered":"<p><span style=\"font-family: sans-serif; font-size: small;\">Ob\u010dina Izola bo predvidoma do konca tedna postavila tri ohi\u0161ja za merilnik hitrosti v bli\u017eini izolskih osnovnih \u0161ol. Gre \u0161e za enega od preventivnih ukrepov na podro\u010dju varnosti v cestnem prometu, na katerega je pozitivno mnenje podal tudi Svet za preventivo in vzgojo v cestnem prometu.<\/span> <span style=\"font-family: sans-serif; font-size: small;\">Problematika prevelikih hitrosti v bli\u017eini osnovnih \u0161ol je v ob\u010dini Izola \u0161e vedno pere\u010da. Zaradi pozitivnih u\u010dinkov izvajanja radarskega nadzora hitrosti na Pre\u0161ernovi cesti proti Belvederju (s stacionarnim radarjem oz. merilnikom hitrosti) je Ob\u010dina Izola pristopila k projektu postavitve treh ohi\u0161ij za merilnik hitrosti v bli\u017eini osnovnih \u0161ol. <\/span><span style=\"font-family: sans-serif; font-size: small;\">V za\u010detku junija je, na svoji seji, pozitivno mnenje k projektu podal tudi Svet za preventivo in vzgojo v cestnem prometu. Predlog projekta pa so prav tako potrdile ravnateljice vseh treh osnovnih \u0161ol. \u00bbNamen postavitve ohi\u0161ij je trajno umirjanje prometa v bli\u017eini \u0161olskih in \u0161portnih objektov, kjer se giblje ve\u010dje \u0161tevilo otrok. Pozitiven u\u010dinek ima \u017ee sama postavitev ohi\u0161ja, tudi \u010de se meritve hitrosti ne izvajajo in v ohi\u0161ju ni stacionarnega radarja,\u00ab so poudarili na seji Sveta za preventivno in vzgojo v cestnem prometu. <\/span><\/p>\n<p><span style=\"font-family: sans-serif; font-size: small;\">Ob\u010dina Izola je za obdobje 12 mesecev najela merilnik hitrosti, tri ohi\u0161ja in ve\u010d premikov merilnika iz ohi\u0161ja v ohi\u0161je. V pogodbo, sklenjeno s podjetjem Intermatic, je sicer vklju\u010deno tudi usposabljanje dveh oseb za delo z merilniki hitrosti in pa zavarovanje opreme. Pogodbena vrednost zna\u0161a 33.335 evrov (z DDV). <\/span><span style=\"font-family: sans-serif; font-size: small;\">Ohi\u0161ja bodo postavljena na Pre\u0161ernovi cesti ob O\u0160 Vojke \u0160muc, Pre\u0161ernovi cesti ob stadionu in Ju\u017eni cesti ob \u0161olskem avtobusnem postajali\u0161\u010du O\u0160 Livade. Merilnik hitrosti, ki bo izmeni\u010dno kro\u017eil od ene do druge lokacije, bo za\u010del delovati z novim \u0161olskim letom.<\/span><\/p>\n","protected":false},"excerpt":{"rendered":"<p>Ob\u010dina Izola bo predvidoma do konca tedna postavila tri ohi\u0161ja za merilnik hitrosti v bli\u017eini&#8230;<\/p>\n","protected":false},"author":4,"featured_media":3728,"comment_status":"open","ping_status":"closed","sticky":false,"template":"","format":"standard","meta":{"footnotes":""},"categories":[24],"tags":[],"class_list":["post-3727","post","type-post","status-publish","format-standard","has-post-thumbnail","hentry","category-obala"],"featured_image_urls":{"full":["https:\/\/areafilm.si\/wordpress\/wp-content\/uploads\/2016\/08\/Pre\u0161ernova-cesta_merilnik-hitrosti.jpg",1024,768,false],"thumbnail":["https:\/\/areafilm.si\/wordpress\/wp-content\/uploads\/2016\/08\/Pre\u0161ernova-cesta_merilnik-hitrosti-500x280.jpg",500,280,true],"medium":["https:\/\/areafilm.si\/wordpress\/wp-content\/uploads\/2016\/08\/Pre\u0161ernova-cesta_merilnik-hitrosti-600x365.jpg",600,365,true],"medium_large":["https:\/\/areafilm.si\/wordpress\/wp-content\/uploads\/2016\/08\/Pre\u0161ernova-cesta_merilnik-hitrosti-768x576.jpg",640,480,true],"large":["https:\/\/areafilm.si\/wordpress\/wp-content\/uploads\/2016\/08\/Pre\u0161ernova-cesta_merilnik-hitrosti-840x480.jpg",640,366,true],"1536x1536":["https:\/\/areafilm.si\/wordpress\/wp-content\/uploads\/2016\/08\/Pre\u0161ernova-cesta_merilnik-hitrosti.jpg",1024,768,false],"2048x2048":["https:\/\/areafilm.si\/wordpress\/wp-content\/uploads\/2016\/08\/Pre\u0161ernova-cesta_merilnik-hitrosti.jpg",1024,768,false],"covernews-featured":["https:\/\/areafilm.si\/wordpress\/wp-content\/uploads\/2016\/08\/Pre\u0161ernova-cesta_merilnik-hitrosti.jpg",1024,768,false],"covernews-medium":["https:\/\/areafilm.si\/wordpress\/wp-content\/uploads\/2016\/08\/Pre\u0161ernova-cesta_merilnik-hitrosti.jpg",453,340,false],"woocommerce_thumbnail":["https:\/\/areafilm.si\/wordpress\/wp-content\/uploads\/2016\/08\/Pre\u0161ernova-cesta_merilnik-hitrosti-300x300.jpg",300,300,true],"woocommerce_single":["https:\/\/areafilm.si\/wordpress\/wp-content\/uploads\/2016\/08\/Pre\u0161ernova-cesta_merilnik-hitrosti-600x450.jpg",600,450,true],"woocommerce_gallery_thumbnail":["https:\/\/areafilm.si\/wordpress\/wp-content\/uploads\/2016\/08\/Pre\u0161ernova-cesta_merilnik-hitrosti-100x100.jpg",100,100,true]},"author_info":{"info":["Uredni\u0161tvo Primorski Utrip"]},"category_info":"<a href=\"https:\/\/areafilm.si\/wordpress\/category\/obala\/\" rel=\"category tag\">Obala<\/a>","tag_info":"Obala","comment_count":"0","_links":{"self":[{"href":"https:\/\/areafilm.si\/wordpress\/wp-json\/wp\/v2\/posts\/3727","targetHints":{"allow":["GET"]}}],"collection":[{"href":"https:\/\/areafilm.si\/wordpress\/wp-json\/wp\/v2\/posts"}],"about":[{"href":"https:\/\/areafilm.si\/wordpress\/wp-json\/wp\/v2\/types\/post"}],"author":[{"embeddable":true,"href":"https:\/\/areafilm.si\/wordpress\/wp-json\/wp\/v2\/users\/4"}],"replies":[{"embeddable":true,"href":"https:\/\/areafilm.si\/wordpress\/wp-json\/wp\/v2\/comments?post=3727"}],"version-history":[{"count":2,"href":"https:\/\/areafilm.si\/wordpress\/wp-json\/wp\/v2\/posts\/3727\/revisions"}],"predecessor-version":[{"id":3730,"href":"https:\/\/areafilm.si\/wordpress\/wp-json\/wp\/v2\/posts\/3727\/revisions\/3730"}],"wp:featuredmedia":[{"embeddable":true,"href":"https:\/\/areafilm.si\/wordpress\/wp-json\/wp\/v2\/media\/3728"}],"wp:attachment":[{"href":"https:\/\/areafilm.si\/wordpress\/wp-json\/wp\/v2\/media?parent=3727"}],"wp:term":[{"taxonomy":"category","embeddable":true,"href":"https:\/\/areafilm.si\/wordpress\/wp-json\/wp\/v2\/categories?post=3727"},{"taxonomy":"post_tag","embeddable":true,"href":"https:\/\/areafilm.si\/wordpress\/wp-json\/wp\/v2\/tags?post=3727"}],"curies":[{"name":"wp","href":"https:\/\/api.w.org\/{rel}","templated":true}]}}